{"id":3430,"date":"2018-09-23T11:11:00","date_gmt":"2018-09-23T11:11:00","guid":{"rendered":"https:\/\/hedinn.is\/?p=3430"},"modified":"2022-09-30T11:47:46","modified_gmt":"2022-09-30T11:47:46","slug":"lifleg-felagsstarfsemi-i-hedinsnaustum","status":"publish","type":"post","link":"https:\/\/hedinn.is\/en\/lifleg-felagsstarfsemi-i-hedinsnaustum\/","title":{"rendered":"Lively Social Life at H\u00e9\u00f0inn"},"content":{"rendered":"<p><div class=\"fusion-fullwidth fullwidth-box fusion-builder-row-1 fusion-flex-container nonhundred-percent-fullwidth non-hundred-percent-height-scrolling\" style=\"background-color: rgba(255,255,255,0);background-position: left top;background-repeat: no-repeat;border-width: 0px 0px 0px 0px;border-color:#e7e4e2;border-style:solid;\" ><div class=\"fusion-builder-row fusion-row fusion-flex-align-items-flex-start\" style=\"max-width:1144px;margin-left: calc(-4% \/ 2 );margin-right: calc(-4% \/ 2 );\"><div class=\"fusion-layout-column fusion_builder_column fusion-builder-column-0 fusion_builder_column_5_6 5_6 fusion-flex-column\"><div class=\"fusion-column-wrapper fusion-flex-justify-content-flex-start fusion-content-layout-column\" style=\"background-position:left top;background-repeat:no-repeat;-webkit-background-size:cover;-moz-background-size:cover;-o-background-size:cover;background-size:cover;padding: 0px 0px 0px 0px;\"><div class=\"awb-imageframe-style awb-imageframe-style-below awb-imageframe-style-1\" style=\"text-align:center;\"><style>.awb-imageframe-style.awb-imageframe-style-1 .awb-imageframe-caption-container .awb-imageframe-caption-text{font-size:var(--awb-typography5-font-size);font-family:var(--awb-typography5-font-family);font-weight:var(--awb-typography5-font-weight);font-style:var(--awb-typography5-font-style);text-transform:var(--awb-typography5-text-transform);}<\/style><span class=\"fusion-imageframe imageframe-none imageframe-1 hover-type-zoomin\"><a href=\"https:\/\/hedinn.is\/wp-content\/uploads\/2022\/09\/Saetir-sigrar.jpg\" class=\"fusion-lightbox\" data-rel=\"iLightbox[2f87fb93d50b5e65e2a]\"><img decoding=\"async\" width=\"800\" height=\"374\" alt=\"Sweet victories\" src=\"https:\/\/hedinn.is\/wp-content\/uploads\/2022\/09\/Saetir-sigrar.jpg\" data-orig-src=\"https:\/\/hedinn.is\/wp-content\/uploads\/2022\/09\/Saetir-sigrar.jpg\" class=\"lazyload img-responsive wp-image-4717\" srcset=\"https:\/\/hedinn.is\/wp-content\/uploads\/2022\/09\/Saetir-sigrar-200x94.jpg 200w, https:\/\/hedinn.is\/wp-content\/uploads\/2022\/09\/Saetir-sigrar-300x140.jpg 300w, https:\/\/hedinn.is\/wp-content\/uploads\/2022\/09\/Saetir-sigrar-400x187.jpg 400w, https:\/\/hedinn.is\/wp-content\/uploads\/2022\/09\/Saetir-sigrar-600x281.jpg 600w, https:\/\/hedinn.is\/wp-content\/uploads\/2022\/09\/Saetir-sigrar-768x359.jpg 768w, https:\/\/hedinn.is\/wp-content\/uploads\/2022\/09\/Saetir-sigrar.jpg 800w\" data-srcset=\"https:\/\/hedinn.is\/wp-content\/uploads\/2022\/09\/Saetir-sigrar-200x94.jpg 200w, https:\/\/hedinn.is\/wp-content\/uploads\/2022\/09\/Saetir-sigrar-300x140.jpg 300w, https:\/\/hedinn.is\/wp-content\/uploads\/2022\/09\/Saetir-sigrar-400x187.jpg 400w, https:\/\/hedinn.is\/wp-content\/uploads\/2022\/09\/Saetir-sigrar-600x281.jpg 600w, https:\/\/hedinn.is\/wp-content\/uploads\/2022\/09\/Saetir-sigrar-768x359.jpg 768w, https:\/\/hedinn.is\/wp-content\/uploads\/2022\/09\/Saetir-sigrar.jpg 800w\" data-sizes=\"auto\" data-orig-sizes=\"(max-width: 1024px) 100vw, (max-width: 640px) 100vw, 800px\" \/><\/a><\/span><div class=\"awb-imageframe-caption-container\" style=\"text-align:left;\"><div class=\"awb-imageframe-caption\"><p class=\"awb-imageframe-caption-text\">Sweet victories. The H\u00e9\u00f0inn team, on the right, and the Danish shipyard Burmeister &amp; Wain. H\u00e9\u00f0inn\u2019s team was the strongest company team in Iceland during the 1950s and celebrated sweet victories both at home and abroad, including against this Danish side, when the H\u00e9\u00f0inn men scored three goals to the hosts\u2019 one. Clipping from \u00der\u00f3ttur\u2019s club magazine, published in 1999 on the occasion of the club\u2019s 50th anniversary.<\/p><\/div><\/div><\/div><div class=\"fusion-separator fusion-full-width-sep\" style=\"align-self: center;margin-left: auto;margin-right: auto;margin-top:5px;width:100%;\"><\/div><style type=\"text\/css\">@media only screen and (max-width:1024px) {.fusion-title.fusion-title-1{margin-top:10px!important; margin-right:0px!important;margin-bottom:20px!important;margin-left:0px!important;}}@media only screen and (max-width:640px) {.fusion-title.fusion-title-1{margin-top:10px!important; margin-right:0px!important;margin-bottom:20px!important; margin-left:0px!important;}}<\/style><div class=\"fusion-title title fusion-title-1 fusion-sep-none fusion-title-text fusion-title-size-two\" style=\"margin-top:10px;margin-right:0px;margin-bottom:20px;margin-left:0px;\"><h2 class=\"title-heading-left fusion-responsive-typography-calculated\" style=\"margin:0;--fontSize:34;line-height:1.47;\">Lively Social Life at H\u00e9\u00f0inn<\/h2><\/div><div class=\"fusion-text fusion-text-1\"><p>The Employees\u2019 Association of the H\u00e9\u00f0inn Machine Workshop was founded on 11 September 1939, with the aim of promoting educational activities and strengthening ties among the staff. The association organized various entertainments and social events, took part in sporting competitions, and ran a men\u2019s industrial choir that became well known.<\/p>\n<p>In 1943, managing director Sveinn presented the H\u00e9\u00f0inn Employees\u2019 Association with splendid premises on Seljavegur for its activities, which came to be known as the H\u00e9\u00f0inn Hall (H\u00e9\u00f0insnaust). In this way, H\u00e9\u00f0inn took the lead in creating facilities for the diverse social participation of its employees.\u201d<\/p>\n<p>For many years, special committees were active for different aspects of the association\u2019s work: an education committee, a debating committee, a games committee, an entertainment committee, a travel committee, and a sports committee, which organized participation in football and handball tournaments and even sent teams abroad for tug-of-war competitions<\/p>\n<p>The association even had its own dance band, which played at its events. Most famous of all was the H\u00e9\u00f0inn men\u2019s choir, conducted by Gu\u00f0mundur J\u00f3hannsson, one of the company\u2019s foremen, who also composed music in his spare time. There was also some theatrical activity, and J\u00f3hannes Steinsson, H\u00e9\u00f0inn\u2019s sales manager, wrote the play \u2018!N\u00f3ttin langa\", which was performed in many places around the country.<\/p>\n<p>The association also established a forestry plot in Hei\u00f0m\u00f6rk, after one of its members had gone on an exchange trip to Norway with the forestry societies in 1952.<\/p>\n<\/div><div class=\"fusion-separator fusion-full-width-sep\" style=\"align-self: center;margin-left: auto;margin-right: auto;margin-top:5px;width:100%;\"><\/div><div class=\"fusion-image-carousel fusion-image-carousel-auto fusion-image-carousel-1 lightbox-enabled fusion-carousel-border awb-image-carousel-top-below-caption\"><div class=\"fusion-carousel awb-imageframe-style awb-imageframe-style-below awb-imageframe-style-1\" data-autoplay=\"no\" data-columns=\"3\" data-itemmargin=\"13\" data-itemwidth=\"180\" data-touchscroll=\"no\" data-imagesize=\"auto\"><div class=\"fusion-carousel-positioner\"><ul class=\"fusion-carousel-holder\"><li class=\"fusion-carousel-item\"><div class=\"fusion-carousel-item-wrapper\"><div class=\"fusion-image-wrapper hover-type-none\"><a data-rel=\"iLightbox[image_carousel_1]\" data-caption=\"Landnemar \u00ed Hei\u00f0m\u00f6rk \u00c1ri\u00f0 1950 var \u00ed fyrsta skipti \u00fathluta\u00f0 skikum til gr\u00f3\u00f0ursetningar \u00ed Hei\u00f0m\u00f6rk og Starfsmannaf\u00e9lag V\u00e9lsmi\u00f0junnar H\u00e9\u00f0ins, SVH, var me\u00f0al allra fyrstu landnema sem \u00fear helgu\u00f0u s\u00e9r reit. Myndirnar s\u00fdna fr\u00e1 vinnudegi og samveru starfsmannaf\u00e9lagsins \u00feetta sumar. Lj\u00f3smyndir: H\u00f6fundur \u00f3\u00feekktur\/H\u00e9\u00f0inn\" href=\"https:\/\/hedinn.is\/wp-content\/uploads\/2022\/09\/Landnemar-i-Heidmork-2.jpg\" target=\"_self\"><img decoding=\"async\" width=\"533\" height=\"800\" src=\"https:\/\/hedinn.is\/wp-content\/uploads\/2022\/09\/Landnemar-i-Heidmork-2.jpg\" class=\"attachment-full size-full lazyload\" alt=\"Landnemar \u00ed Hei\u00f0m\u00f6rk 2\" srcset=\"https:\/\/hedinn.is\/wp-content\/uploads\/2022\/09\/Landnemar-i-Heidmork-2-200x300.jpg 200w, https:\/\/hedinn.is\/wp-content\/uploads\/2022\/09\/Landnemar-i-Heidmork-2-400x600.jpg 400w, https:\/\/hedinn.is\/wp-content\/uploads\/2022\/09\/Landnemar-i-Heidmork-2.jpg 533w\" data-orig-src=\"https:\/\/hedinn.is\/wp-content\/uploads\/2022\/09\/Landnemar-i-Heidmork-2.jpg\" data-srcset=\"https:\/\/hedinn.is\/wp-content\/uploads\/2022\/09\/Landnemar-i-Heidmork-2-200x300.jpg 200w, https:\/\/hedinn.is\/wp-content\/uploads\/2022\/09\/Landnemar-i-Heidmork-2-400x600.jpg 400w, https:\/\/hedinn.is\/wp-content\/uploads\/2022\/09\/Landnemar-i-Heidmork-2.jpg 533w\" data-sizes=\"auto\" \/><\/a><\/div><div class=\"awb-imageframe-caption-container\" style=\"text-align:left;\"><div class=\"awb-imageframe-caption\"><p class=\"awb-imageframe-caption-text\">Pioneers in Hei\u00f0m\u00f6rk. In 1950, plots were allocated for planting in Hei\u00f0m\u00f6rk for the first time, and the Employees\u2019 Association of the H\u00e9\u00f0inn Machine Workshop (SVH) was among the very first settlers to claim a plot there. The photos show a workday and social gathering of the association that summer.\nPhotos: Author unknown \/ H\u00e9\u00f0inn.<\/p><\/div><\/div><\/div><\/li><li class=\"fusion-carousel-item\"><div class=\"fusion-carousel-item-wrapper\"><div class=\"fusion-image-wrapper hover-type-none\"><a data-rel=\"iLightbox[image_carousel_1]\" data-caption=\"Landnemar \u00ed Hei\u00f0m\u00f6rk \u00c1ri\u00f0 1950 var \u00ed fyrsta skipti \u00fathluta\u00f0 skikum til gr\u00f3\u00f0ursetningar \u00ed Hei\u00f0m\u00f6rk og Starfsmannaf\u00e9lag V\u00e9lsmi\u00f0junnar H\u00e9\u00f0ins, SVH, var me\u00f0al allra fyrstu landnema sem \u00fear helgu\u00f0u s\u00e9r reit. Myndirnar s\u00fdna fr\u00e1 vinnudegi og samveru starfsmannaf\u00e9lagsins \u00feetta sumar. Lj\u00f3smyndir: H\u00f6fundur \u00f3\u00feekktur\/H\u00e9\u00f0inn\" href=\"https:\/\/hedinn.is\/wp-content\/uploads\/2022\/09\/Landnemar-i-Heidmork.jpg\" target=\"_self\"><img decoding=\"async\" width=\"533\" height=\"800\" src=\"https:\/\/hedinn.is\/wp-content\/uploads\/2022\/09\/Landnemar-i-Heidmork.jpg\" class=\"attachment-full size-full lazyload\" alt=\"Landnemar \u00ed Hei\u00f0m\u00f6rk\" srcset=\"https:\/\/hedinn.is\/wp-content\/uploads\/2022\/09\/Landnemar-i-Heidmork-200x300.jpg 200w, https:\/\/hedinn.is\/wp-content\/uploads\/2022\/09\/Landnemar-i-Heidmork-400x600.jpg 400w, https:\/\/hedinn.is\/wp-content\/uploads\/2022\/09\/Landnemar-i-Heidmork.jpg 533w\" data-orig-src=\"https:\/\/hedinn.is\/wp-content\/uploads\/2022\/09\/Landnemar-i-Heidmork.jpg\" data-srcset=\"https:\/\/hedinn.is\/wp-content\/uploads\/2022\/09\/Landnemar-i-Heidmork-200x300.jpg 200w, https:\/\/hedinn.is\/wp-content\/uploads\/2022\/09\/Landnemar-i-Heidmork-400x600.jpg 400w, https:\/\/hedinn.is\/wp-content\/uploads\/2022\/09\/Landnemar-i-Heidmork.jpg 533w\" data-sizes=\"auto\" \/><\/a><\/div><div class=\"awb-imageframe-caption-container\" style=\"text-align:left;\"><div class=\"awb-imageframe-caption\"><p class=\"awb-imageframe-caption-text\">Pioneers in Hei\u00f0m\u00f6rk. In 1950, plots were allocated for planting in Hei\u00f0m\u00f6rk for the first time, and the Employees\u2019 Association of the H\u00e9\u00f0inn Machine Workshop (SVH) was among the very first settlers to claim a plot there. The photos show a workday and social gathering of the association that summer.\nPhotos: Author unknown \/ H\u00e9\u00f0inn.<\/p><\/div><\/div><\/div><\/li><li class=\"fusion-carousel-item\"><div class=\"fusion-carousel-item-wrapper\"><div class=\"fusion-image-wrapper hover-type-none\"><a data-rel=\"iLightbox[image_carousel_1]\" data-caption=\"Vorh\u00e1t\u00ed\u00f0 \u00e1 t\u00edmam\u00f3ta\u00e1ri Starfsmannaf\u00e9lag H\u00e9\u00f0ins endurt\u00f3k leikinn og st\u00f3\u00f0 fyrir vinnudegi \u00ed Hei\u00f0m\u00f6rk \u00e1 bl\u00ed\u00f0skapardegi \u00ed ma\u00ed 2022. Sett var upp skilti til a\u00f0 au\u00f0kenna sv\u00e6\u00f0i\u00f0, komi\u00f0 fyrir n\u00fdjum bekkjum, st\u00edgar laga\u00f0ir, grisja\u00f0 og trj\u00e1m planta\u00f0 vi\u00f0 undirleik l\u00fa\u00f0rasveitar. Lj\u00f3smyndir: \u00d3lafur Hauksson\/H\u00e9\u00f0inn\" href=\"https:\/\/hedinn.is\/wp-content\/uploads\/2022\/09\/Vorhatid-a-timamotaari.jpg\" target=\"_self\"><img decoding=\"async\" width=\"800\" height=\"533\" src=\"https:\/\/hedinn.is\/wp-content\/uploads\/2022\/09\/Vorhatid-a-timamotaari.jpg\" class=\"attachment-full size-full lazyload\" alt=\"Vorh\u00e1t\u00ed\u00f0 \u00e1 t\u00edmam\u00f3ta\u00e1ri\" srcset=\"https:\/\/hedinn.is\/wp-content\/uploads\/2022\/09\/Vorhatid-a-timamotaari-200x133.jpg 200w, https:\/\/hedinn.is\/wp-content\/uploads\/2022\/09\/Vorhatid-a-timamotaari-300x200.jpg 300w, https:\/\/hedinn.is\/wp-content\/uploads\/2022\/09\/Vorhatid-a-timamotaari-400x267.jpg 400w, https:\/\/hedinn.is\/wp-content\/uploads\/2022\/09\/Vorhatid-a-timamotaari-600x400.jpg 600w, https:\/\/hedinn.is\/wp-content\/uploads\/2022\/09\/Vorhatid-a-timamotaari-768x512.jpg 768w, https:\/\/hedinn.is\/wp-content\/uploads\/2022\/09\/Vorhatid-a-timamotaari.jpg 800w\" data-orig-src=\"https:\/\/hedinn.is\/wp-content\/uploads\/2022\/09\/Vorhatid-a-timamotaari.jpg\" data-srcset=\"https:\/\/hedinn.is\/wp-content\/uploads\/2022\/09\/Vorhatid-a-timamotaari-200x133.jpg 200w, https:\/\/hedinn.is\/wp-content\/uploads\/2022\/09\/Vorhatid-a-timamotaari-300x200.jpg 300w, https:\/\/hedinn.is\/wp-content\/uploads\/2022\/09\/Vorhatid-a-timamotaari-400x267.jpg 400w, https:\/\/hedinn.is\/wp-content\/uploads\/2022\/09\/Vorhatid-a-timamotaari-600x400.jpg 600w, https:\/\/hedinn.is\/wp-content\/uploads\/2022\/09\/Vorhatid-a-timamotaari-768x512.jpg 768w, https:\/\/hedinn.is\/wp-content\/uploads\/2022\/09\/Vorhatid-a-timamotaari.jpg 800w\" data-sizes=\"auto\" \/><\/a><\/div><div class=\"awb-imageframe-caption-container\" style=\"text-align:left;\"><div class=\"awb-imageframe-caption\"><p class=\"awb-imageframe-caption-text\">Spring Festival in a Milestone Year. The H\u00e9\u00f0inn Employees\u2019 Association repeated the tradition and organized a workday in Hei\u00f0m\u00f6rk on a fine day in May 2022. A sign was erected to mark the area, new benches were installed, paths were repaired, thinning carried out, and trees planted to the accompaniment of a brass band.\nPhotos: \u00d3lafur Hauksson \/ H\u00e9\u00f0inn.<\/p><\/div><\/div><\/div><\/li><li class=\"fusion-carousel-item\"><div class=\"fusion-carousel-item-wrapper\"><div class=\"fusion-image-wrapper hover-type-none\"><a data-rel=\"iLightbox[image_carousel_1]\" data-caption=\"Vorh\u00e1t\u00ed\u00f0 \u00e1 t\u00edmam\u00f3ta\u00e1ri Starfsmannaf\u00e9lag H\u00e9\u00f0ins endurt\u00f3k leikinn og st\u00f3\u00f0 fyrir vinnudegi \u00ed Hei\u00f0m\u00f6rk \u00e1 bl\u00ed\u00f0skapardegi \u00ed ma\u00ed 2022. Sett var upp skilti til a\u00f0 au\u00f0kenna sv\u00e6\u00f0i\u00f0, komi\u00f0 fyrir n\u00fdjum bekkjum, st\u00edgar laga\u00f0ir, grisja\u00f0 og trj\u00e1m planta\u00f0 vi\u00f0 undirleik l\u00fa\u00f0rasveitar. Lj\u00f3smyndir: \u00d3lafur Hauksson\/H\u00e9\u00f0inn\" href=\"https:\/\/hedinn.is\/wp-content\/uploads\/2022\/09\/Vorhatid-a-timamotaari-2.jpg\" target=\"_self\"><img decoding=\"async\" width=\"800\" height=\"533\" src=\"https:\/\/hedinn.is\/wp-content\/uploads\/2022\/09\/Vorhatid-a-timamotaari-2.jpg\" class=\"attachment-full size-full lazyload\" alt=\"Vorh\u00e1t\u00ed\u00f0 \u00e1 t\u00edmam\u00f3ta\u00e1ri 2\" srcset=\"https:\/\/hedinn.is\/wp-content\/uploads\/2022\/09\/Vorhatid-a-timamotaari-2-200x133.jpg 200w, https:\/\/hedinn.is\/wp-content\/uploads\/2022\/09\/Vorhatid-a-timamotaari-2-300x200.jpg 300w, https:\/\/hedinn.is\/wp-content\/uploads\/2022\/09\/Vorhatid-a-timamotaari-2-400x267.jpg 400w, https:\/\/hedinn.is\/wp-content\/uploads\/2022\/09\/Vorhatid-a-timamotaari-2-600x400.jpg 600w, https:\/\/hedinn.is\/wp-content\/uploads\/2022\/09\/Vorhatid-a-timamotaari-2-768x512.jpg 768w, https:\/\/hedinn.is\/wp-content\/uploads\/2022\/09\/Vorhatid-a-timamotaari-2.jpg 800w\" data-orig-src=\"https:\/\/hedinn.is\/wp-content\/uploads\/2022\/09\/Vorhatid-a-timamotaari-2.jpg\" data-srcset=\"https:\/\/hedinn.is\/wp-content\/uploads\/2022\/09\/Vorhatid-a-timamotaari-2-200x133.jpg 200w, https:\/\/hedinn.is\/wp-content\/uploads\/2022\/09\/Vorhatid-a-timamotaari-2-300x200.jpg 300w, https:\/\/hedinn.is\/wp-content\/uploads\/2022\/09\/Vorhatid-a-timamotaari-2-400x267.jpg 400w, https:\/\/hedinn.is\/wp-content\/uploads\/2022\/09\/Vorhatid-a-timamotaari-2-600x400.jpg 600w, https:\/\/hedinn.is\/wp-content\/uploads\/2022\/09\/Vorhatid-a-timamotaari-2-768x512.jpg 768w, https:\/\/hedinn.is\/wp-content\/uploads\/2022\/09\/Vorhatid-a-timamotaari-2.jpg 800w\" data-sizes=\"auto\" \/><\/a><\/div><div class=\"awb-imageframe-caption-container\" style=\"text-align:left;\"><div class=\"awb-imageframe-caption\"><p class=\"awb-imageframe-caption-text\">Spring Festival in a Milestone Year. The H\u00e9\u00f0inn Employees\u2019 Association repeated the tradition and organized a workday in Hei\u00f0m\u00f6rk on a fine day in May 2022. A sign was erected to mark the area, new benches were installed, paths were repaired, thinning carried out, and trees planted to the accompaniment of a brass band.\nPhotos: \u00d3lafur Hauksson \/ H\u00e9\u00f0inn.<\/p><\/div><\/div><\/div><\/li><\/ul><div class=\"fusion-carousel-nav\"><span class=\"fusion-nav-prev\"><\/span><span class=\"fusion-nav-next\"><\/span><\/div><\/div><\/div><\/div><style type=\"text\/css\">.awb-imageframe-style.awb-imageframe-style-1 .awb-imageframe-caption-container .awb-imageframe-caption-text{font-size:var(--awb-typography5-font-size);font-family:var(--awb-typography5-font-family);font-weight:var(--awb-typography5-font-weight);font-style:var(--awb-typography5-font-style);text-transform:var(--awb-typography5-text-transform);}<\/style><div class=\"fusion-separator fusion-full-width-sep\" style=\"align-self: center;margin-left: auto;margin-right: auto;margin-top:5px;width:100%;\"><\/div><div class=\"fusion-text fusion-text-2\"><h2>\u00der\u00f3ttur Born from H\u00e9\u00f0inn<\/h2>\n<p>The first senior team of \u00der\u00f3ttur was drawn largely from H\u00e9\u00f0inn\u2019s workforce, which in the 1950s had fielded the most successful company team in the country. That team also went on an international tour and celebrated sweet victories, including against the Danish shipyard Burmeister &amp; Wain, where the H\u00e9\u00f0inn men won the match by three goals to one.<\/p>\n<p>Leaders of \u00der\u00f3ttur also came from the ranks of H\u00e9\u00f0inn\u2019s men, including chairmen Haraldur Snorrason and \u00d3skar P\u00e9tursson.<\/p>\n<\/div><div class=\"awb-imageframe-style awb-imageframe-style-below awb-imageframe-style-2\"><style>.awb-imageframe-style.awb-imageframe-style-2 .awb-imageframe-caption-container .awb-imageframe-caption-text{font-size:var(--awb-typography5-font-size);font-family:var(--awb-typography5-font-family);font-weight:var(--awb-typography5-font-weight);font-style:var(--awb-typography5-font-style);text-transform:var(--awb-typography5-text-transform);}<\/style><span class=\"fusion-imageframe imageframe-none imageframe-2 hover-type-none\"><img decoding=\"async\" width=\"800\" height=\"626\" alt=\"D\u00f6mur nema eldsm\u00ed\u00f0i\" src=\"https:\/\/hedinn.is\/wp-content\/uploads\/2022\/09\/Domur-nema-eldsmidi.jpg\" data-orig-src=\"https:\/\/hedinn.is\/wp-content\/uploads\/2022\/09\/Domur-nema-eldsmidi.jpg\" class=\"lazyload img-responsive wp-image-4643\" srcset=\"https:\/\/hedinn.is\/wp-content\/uploads\/2022\/09\/Domur-nema-eldsmidi-200x157.jpg 200w, https:\/\/hedinn.is\/wp-content\/uploads\/2022\/09\/Domur-nema-eldsmidi-300x235.jpg 300w, https:\/\/hedinn.is\/wp-content\/uploads\/2022\/09\/Domur-nema-eldsmidi-400x313.jpg 400w, https:\/\/hedinn.is\/wp-content\/uploads\/2022\/09\/Domur-nema-eldsmidi-600x470.jpg 600w, https:\/\/hedinn.is\/wp-content\/uploads\/2022\/09\/Domur-nema-eldsmidi-768x601.jpg 768w, https:\/\/hedinn.is\/wp-content\/uploads\/2022\/09\/Domur-nema-eldsmidi.jpg 800w\" data-srcset=\"https:\/\/hedinn.is\/wp-content\/uploads\/2022\/09\/Domur-nema-eldsmidi-200x157.jpg 200w, https:\/\/hedinn.is\/wp-content\/uploads\/2022\/09\/Domur-nema-eldsmidi-300x235.jpg 300w, https:\/\/hedinn.is\/wp-content\/uploads\/2022\/09\/Domur-nema-eldsmidi-400x313.jpg 400w, https:\/\/hedinn.is\/wp-content\/uploads\/2022\/09\/Domur-nema-eldsmidi-600x470.jpg 600w, https:\/\/hedinn.is\/wp-content\/uploads\/2022\/09\/Domur-nema-eldsmidi-768x601.jpg 768w, https:\/\/hedinn.is\/wp-content\/uploads\/2022\/09\/Domur-nema-eldsmidi.jpg 800w\" data-sizes=\"auto\" data-orig-sizes=\"(max-width: 1024px) 100vw, (max-width: 640px) 100vw, 800px\" \/><\/span><div class=\"awb-imageframe-caption-container\" style=\"text-align:left;\"><div class=\"awb-imageframe-caption\"><p class=\"awb-imageframe-caption-text\">Full House. The wives of H\u00e9\u00f0inn\u2019s foremen regularly came on visits to the workshop, and on those occasions it was important to demonstrate the proper techniques. This young apprentice performed his duties with distinction.\nPhoto: J\u00f3n Oddsson \/ H\u00e9\u00f0inn.<\/p><\/div><\/div><\/div><div class=\"fusion-separator fusion-full-width-sep\" style=\"align-self: center;margin-left: auto;margin-right: auto;width:100%;\"><\/div><div class=\"fusion-text fusion-text-3\"><h2>A Positive Work Culture and Lively Social Life<\/h2>\n<p>H\u00e9\u00f0inn has often been at the forefront when it comes to working conditions,\u2019 said Gu\u00f0mundur R\u00f3sinkarsson, mechanic and board member of the metalworkers\u2019 union, in an interview with \u00dej\u00f3\u00f0viljinn on the occasion of the company\u2019s 50th anniversary. The social life in the workplace was very lively, and it could be said to the company\u2019s credit that the facilities for such activities were excellent.\u201d<\/p>\n<p>\"H\u00e9\u00f0inn was one of the first metal workshops to establish a canteen on the premises. Social life has undoubtedly played a part in the fact that people have remained so steady in their employment here. In this respect, I can imagine that H\u00e9\u00f0inn has a certain uniqueness; many have undeniably put down roots here.\"<\/p>\n<p>Gu\u00f0mundur also said that good foremen had greatly contributed to the positive atmosphere in the workplace.<\/p>\n<\/div><div class=\"fusion-separator fusion-full-width-sep\" style=\"align-self: center;margin-left: auto;margin-right: auto;width:100%;\"><\/div><div class=\"fusion-image-carousel fusion-image-carousel-auto fusion-image-carousel-2 lightbox-enabled fusion-carousel-border awb-image-carousel-top-below-caption\"><div class=\"fusion-carousel awb-imageframe-style awb-imageframe-style-below awb-imageframe-style-2\" data-autoplay=\"yes\" data-columns=\"3\" data-itemmargin=\"13\" data-itemwidth=\"180\" data-touchscroll=\"no\" data-imagesize=\"auto\"><div class=\"fusion-carousel-positioner\"><ul class=\"fusion-carousel-holder\"><li class=\"fusion-carousel-item\"><div class=\"fusion-carousel-item-wrapper\"><div class=\"fusion-image-wrapper hover-type-none\"><a data-rel=\"iLightbox[image_carousel_2]\" data-caption=\"Sveifar\u00e1s \u00ed rennibekk Myndin er af Gu\u00f0j\u00f3ni J\u00f3nssyni rennismi\u00f0 og er tekin \u00e1ri\u00f0 1958. J\u00f3n var\u00f0 s\u00ed\u00f0ar forma\u00f0ur F\u00e9lags j\u00e1rni\u00f0na\u00f0armanna. Hann s\u00e9st \u00fearna renna sveifar\u00e1s \u00far togaranum \u00daranusi. Verki\u00f0 var unni\u00f0 \u00ed St\u00f3ra-K\u00f6ping sem enn er \u00ed fullri notkun\u00a0\u00ed\u00a0H\u00e9\u00f0ni. Lj\u00f3smynd: J\u00f3n Oddsson\/H\u00e9\u00f0inn\" href=\"https:\/\/hedinn.is\/wp-content\/uploads\/2022\/09\/Sveifaras-i-rennibekk.jpg\" target=\"_self\"><img decoding=\"async\" width=\"800\" height=\"533\" src=\"https:\/\/hedinn.is\/wp-content\/uploads\/2022\/09\/Sveifaras-i-rennibekk.jpg\" class=\"attachment-full size-full lazyload\" alt=\"Sveifar\u00e1s \u00ed rennibekk\" srcset=\"https:\/\/hedinn.is\/wp-content\/uploads\/2022\/09\/Sveifaras-i-rennibekk-200x133.jpg 200w, https:\/\/hedinn.is\/wp-content\/uploads\/2022\/09\/Sveifaras-i-rennibekk-300x200.jpg 300w, https:\/\/hedinn.is\/wp-content\/uploads\/2022\/09\/Sveifaras-i-rennibekk-400x267.jpg 400w, https:\/\/hedinn.is\/wp-content\/uploads\/2022\/09\/Sveifaras-i-rennibekk-600x400.jpg 600w, https:\/\/hedinn.is\/wp-content\/uploads\/2022\/09\/Sveifaras-i-rennibekk-768x512.jpg 768w, https:\/\/hedinn.is\/wp-content\/uploads\/2022\/09\/Sveifaras-i-rennibekk.jpg 800w\" data-orig-src=\"https:\/\/hedinn.is\/wp-content\/uploads\/2022\/09\/Sveifaras-i-rennibekk.jpg\" data-srcset=\"https:\/\/hedinn.is\/wp-content\/uploads\/2022\/09\/Sveifaras-i-rennibekk-200x133.jpg 200w, https:\/\/hedinn.is\/wp-content\/uploads\/2022\/09\/Sveifaras-i-rennibekk-300x200.jpg 300w, https:\/\/hedinn.is\/wp-content\/uploads\/2022\/09\/Sveifaras-i-rennibekk-400x267.jpg 400w, https:\/\/hedinn.is\/wp-content\/uploads\/2022\/09\/Sveifaras-i-rennibekk-600x400.jpg 600w, https:\/\/hedinn.is\/wp-content\/uploads\/2022\/09\/Sveifaras-i-rennibekk-768x512.jpg 768w, https:\/\/hedinn.is\/wp-content\/uploads\/2022\/09\/Sveifaras-i-rennibekk.jpg 800w\" data-sizes=\"auto\" \/><\/a><\/div><div class=\"awb-imageframe-caption-container\"><div class=\"awb-imageframe-caption\"><p class=\"awb-imageframe-caption-text\">Crankshaft in the lathe. The photo shows turner Gu\u00f0j\u00f3n J\u00f3nsson in 1958. He later became chairman of the Metalworkers\u2019 Association. Here he is seen turning a crankshaft from the trawler Uranus. The work was done on the large K\u00f6ping lathe, which is still in full use at H\u00e9\u00f0inn.\nPhoto: J\u00f3n Oddsson \/ H\u00e9\u00f0inn.<\/p><\/div><\/div><\/div><\/li><li class=\"fusion-carousel-item\"><div class=\"fusion-carousel-item-wrapper\"><div class=\"fusion-image-wrapper hover-type-none\"><a data-rel=\"iLightbox[image_carousel_2]\" data-caption=\"Pressa Rau\u00f0ku \u00deessi lista vel ger\u00f0a teikning er eftir Jens Jacobsen, danskan verkfr\u00e6\u00f0ing sem fluttist til \u00cdslands eftir str\u00ed\u00f0i\u00f0 og vann \u00ed H\u00e9\u00f0ni um \u00e1rabil. H\u00fan s\u00fdnir pressu sem var lykilhluti gangverks s\u00edldarverksmi\u00f0junnar Rau\u00f0ku \u00e1 Siglufir\u00f0i. Bygging verksmi\u00f0junnar \u00e1 \u00e1runum 1944 til 1945 marka\u00f0i merk t\u00edmam\u00f3t \u00ed s\u00f6gu H\u00e9\u00f0ins. S\u00e1 H\u00e9\u00f0inn um sm\u00ed\u00f0ina og innti vi\u00f0 \u00fe\u00e6r framkv\u00e6mdir fyrirt\u00e6ki\u00f0 af hendi mesta \u00ferekvirki sem \u00edslensk v\u00e9lsmi\u00f0ja haf\u00f0i unni\u00f0 til \u00feess t\u00edma. \" href=\"https:\/\/hedinn.is\/wp-content\/uploads\/2022\/09\/Pressa-Raudku.jpg\" target=\"_self\"><img decoding=\"async\" width=\"800\" height=\"562\" src=\"https:\/\/hedinn.is\/wp-content\/uploads\/2022\/09\/Pressa-Raudku.jpg\" class=\"attachment-full size-full lazyload\" alt=\"Pressa Rau\u00f0ku\" srcset=\"https:\/\/hedinn.is\/wp-content\/uploads\/2022\/09\/Pressa-Raudku-200x141.jpg 200w, https:\/\/hedinn.is\/wp-content\/uploads\/2022\/09\/Pressa-Raudku-300x211.jpg 300w, https:\/\/hedinn.is\/wp-content\/uploads\/2022\/09\/Pressa-Raudku-400x281.jpg 400w, https:\/\/hedinn.is\/wp-content\/uploads\/2022\/09\/Pressa-Raudku-600x422.jpg 600w, https:\/\/hedinn.is\/wp-content\/uploads\/2022\/09\/Pressa-Raudku-768x540.jpg 768w, https:\/\/hedinn.is\/wp-content\/uploads\/2022\/09\/Pressa-Raudku.jpg 800w\" data-orig-src=\"https:\/\/hedinn.is\/wp-content\/uploads\/2022\/09\/Pressa-Raudku.jpg\" data-srcset=\"https:\/\/hedinn.is\/wp-content\/uploads\/2022\/09\/Pressa-Raudku-200x141.jpg 200w, https:\/\/hedinn.is\/wp-content\/uploads\/2022\/09\/Pressa-Raudku-300x211.jpg 300w, https:\/\/hedinn.is\/wp-content\/uploads\/2022\/09\/Pressa-Raudku-400x281.jpg 400w, https:\/\/hedinn.is\/wp-content\/uploads\/2022\/09\/Pressa-Raudku-600x422.jpg 600w, https:\/\/hedinn.is\/wp-content\/uploads\/2022\/09\/Pressa-Raudku-768x540.jpg 768w, https:\/\/hedinn.is\/wp-content\/uploads\/2022\/09\/Pressa-Raudku.jpg 800w\" data-sizes=\"auto\" \/><\/a><\/div><div class=\"awb-imageframe-caption-container\"><div class=\"awb-imageframe-caption\"><p class=\"awb-imageframe-caption-text\">The Rau\u00f0ka Press. This finely made drawing is by Jens Jacobsen, a Danish engineer who moved to Iceland after the war and worked at H\u00e9\u00f0inn for many years. It shows a press that was a key part of the machinery of the herring factory Rau\u00f0ka in Siglufj\u00f6r\u00f0ur. The construction of the factory in 1944\u20131945 marked an important milestone in H\u00e9\u00f0inn\u2019s history. H\u00e9\u00f0inn carried out the construction, and the project was the greatest feat ever accomplished by an Icelandic machine workshop up to that time. <\/p><\/div><\/div><\/div><\/li><li class=\"fusion-carousel-item\"><div class=\"fusion-carousel-item-wrapper\"><div class=\"fusion-image-wrapper hover-type-none\"><a data-rel=\"iLightbox[image_carousel_2]\" data-caption=\"Vi\u00f0hald og \u00fej\u00f3nusta H\u00e9r m\u00e1 sj\u00e1 \u00feegar pressan \u00far Rau\u00f0ku var tekin til vi\u00f0ger\u00f0ar \u00e1 athafnasv\u00e6\u00f0i H\u00e9\u00f0ins vi\u00f0 Seljaveg. Heimasm\u00ed\u00f0a\u00f0i kranab\u00edllinn var nota\u00f0ur vi\u00f0 verki\u00f0, en n\u00e1nar m\u00e1 lesa um hann \u00e1 bla\u00f0s\u00ed\u00f0u 25. Lj\u00f3smynd: H\u00f6fundur \u00f3\u00feekktur\/H\u00e9\u00f0inn\" href=\"https:\/\/hedinn.is\/wp-content\/uploads\/2022\/09\/Vidhald-og-thjonusta.jpg\" target=\"_self\"><img decoding=\"async\" width=\"800\" height=\"533\" src=\"https:\/\/hedinn.is\/wp-content\/uploads\/2022\/09\/Vidhald-og-thjonusta.jpg\" class=\"attachment-full size-full lazyload\" alt=\"Vi\u00f0hald og \u00fej\u00f3nusta\" srcset=\"https:\/\/hedinn.is\/wp-content\/uploads\/2022\/09\/Vidhald-og-thjonusta-200x133.jpg 200w, https:\/\/hedinn.is\/wp-content\/uploads\/2022\/09\/Vidhald-og-thjonusta-300x200.jpg 300w, https:\/\/hedinn.is\/wp-content\/uploads\/2022\/09\/Vidhald-og-thjonusta-400x267.jpg 400w, https:\/\/hedinn.is\/wp-content\/uploads\/2022\/09\/Vidhald-og-thjonusta-600x400.jpg 600w, https:\/\/hedinn.is\/wp-content\/uploads\/2022\/09\/Vidhald-og-thjonusta-768x512.jpg 768w, https:\/\/hedinn.is\/wp-content\/uploads\/2022\/09\/Vidhald-og-thjonusta.jpg 800w\" data-orig-src=\"https:\/\/hedinn.is\/wp-content\/uploads\/2022\/09\/Vidhald-og-thjonusta.jpg\" data-srcset=\"https:\/\/hedinn.is\/wp-content\/uploads\/2022\/09\/Vidhald-og-thjonusta-200x133.jpg 200w, https:\/\/hedinn.is\/wp-content\/uploads\/2022\/09\/Vidhald-og-thjonusta-300x200.jpg 300w, https:\/\/hedinn.is\/wp-content\/uploads\/2022\/09\/Vidhald-og-thjonusta-400x267.jpg 400w, https:\/\/hedinn.is\/wp-content\/uploads\/2022\/09\/Vidhald-og-thjonusta-600x400.jpg 600w, https:\/\/hedinn.is\/wp-content\/uploads\/2022\/09\/Vidhald-og-thjonusta-768x512.jpg 768w, https:\/\/hedinn.is\/wp-content\/uploads\/2022\/09\/Vidhald-og-thjonusta.jpg 800w\" data-sizes=\"auto\" \/><\/a><\/div><div class=\"awb-imageframe-caption-container\"><div class=\"awb-imageframe-caption\"><p class=\"awb-imageframe-caption-text\">Maintenance and Service. Here we see the Rau\u00f0ka press being repaired at H\u00e9\u00f0inn\u2019s industrial site on Seljavegur. The home-built crane truck was used for the job, and more about it can be read on page 25.\nPhoto: Author unknown \/ H\u00e9\u00f0inn.<\/p><\/div><\/div><\/div><\/li><li class=\"fusion-carousel-item\"><div class=\"fusion-carousel-item-wrapper\"><div class=\"fusion-image-wrapper hover-type-none\"><a data-rel=\"iLightbox[image_carousel_2]\" data-caption=\"\u00cdslenska heimilis\u00fevottav\u00e9lin Mj\u00f6ll \u00c1 \u00f6ndver\u00f0u \u00e1ri 1951 ger\u00f0u H\u00e9\u00f0inn og Raft\u00e6kjaverksmi\u00f0jan \u00ed Hafnarfir\u00f0i (RAFHA) samkomulag um a\u00f0 hefja framlei\u00f0slu \u00e1 \u00fevottav\u00e9lum. \u00devottav\u00e9larnar komu \u00e1 marka\u00f0 sama \u00e1r og var eftirspurn mikil. \u00devottav\u00e9lin f\u00e9kk nafni\u00f0 Mj\u00f6ll og var ver\u00f0 hennar 3.100 kr\u00f3nur \u00e1n s\u00f6luskatts. Hver einasti \u00edhlutur \u00ed v\u00e9linni var teikna\u00f0ur og sm\u00ed\u00f0a\u00f0ur af H\u00e9\u00f0ni, ni\u00f0ur \u00ed sm\u00e6stu skr\u00fafur og gorma. Lj\u00f3smynd: J\u00f3n Oddsson\/H\u00e9\u00f0inn\" href=\"https:\/\/hedinn.is\/wp-content\/uploads\/2022\/09\/Islenska-heimilisthvottavelin-Mjoll.jpg\" target=\"_self\"><img decoding=\"async\" width=\"533\" height=\"800\" src=\"https:\/\/hedinn.is\/wp-content\/uploads\/2022\/09\/Islenska-heimilisthvottavelin-Mjoll.jpg\" class=\"attachment-full size-full lazyload\" alt=\"The Icelandic Washing Machine Mj\u00f6ll\" srcset=\"https:\/\/hedinn.is\/wp-content\/uploads\/2022\/09\/Islenska-heimilisthvottavelin-Mjoll-200x300.jpg 200w, https:\/\/hedinn.is\/wp-content\/uploads\/2022\/09\/Islenska-heimilisthvottavelin-Mjoll-400x600.jpg 400w, https:\/\/hedinn.is\/wp-content\/uploads\/2022\/09\/Islenska-heimilisthvottavelin-Mjoll.jpg 533w\" data-orig-src=\"https:\/\/hedinn.is\/wp-content\/uploads\/2022\/09\/Islenska-heimilisthvottavelin-Mjoll.jpg\" data-srcset=\"https:\/\/hedinn.is\/wp-content\/uploads\/2022\/09\/Islenska-heimilisthvottavelin-Mjoll-200x300.jpg 200w, https:\/\/hedinn.is\/wp-content\/uploads\/2022\/09\/Islenska-heimilisthvottavelin-Mjoll-400x600.jpg 400w, https:\/\/hedinn.is\/wp-content\/uploads\/2022\/09\/Islenska-heimilisthvottavelin-Mjoll.jpg 533w\" data-sizes=\"auto\" \/><\/a><\/div><div class=\"awb-imageframe-caption-container\"><div class=\"awb-imageframe-caption\"><p class=\"awb-imageframe-caption-text\">The Icelandic Washing Machine Mj\u00f6ll. Early in 1951, H\u00e9\u00f0inn and the Electrical Equipment Factory in Hafnarfj\u00f6r\u00f0ur (RAFHA) made an agreement to begin producing washing machines. The machines came on the market the same year, and demand was high. The washing machine was given the name Mj\u00f6ll, and its price was 3,100 kr\u00f3nur before sales tax. Every single component of the machine was designed and manufactured by H\u00e9\u00f0inn, down to the smallest screws and springs.\nPhoto: J\u00f3n Oddsson \/ H\u00e9\u00f0inn<\/p><\/div><\/div><\/div><\/li><li class=\"fusion-carousel-item\"><div class=\"fusion-carousel-item-wrapper\"><div class=\"fusion-image-wrapper hover-type-none\"><a data-rel=\"iLightbox[image_carousel_2]\" data-caption=\"\u00cdslenska heimilis\u00fevottav\u00e9lin Mj\u00f6ll\" href=\"https:\/\/hedinn.is\/wp-content\/uploads\/2022\/09\/Framleidsla-thvottavelin-Mjoll-2.jpg\" target=\"_self\"><img decoding=\"async\" width=\"533\" height=\"800\" src=\"https:\/\/hedinn.is\/wp-content\/uploads\/2022\/09\/Framleidsla-thvottavelin-Mjoll-2.jpg\" class=\"attachment-full size-full lazyload\" alt=\"Framlei\u00f0sla \u00fevottav\u00e9lin Mj\u00f6ll 2\" srcset=\"https:\/\/hedinn.is\/wp-content\/uploads\/2022\/09\/Framleidsla-thvottavelin-Mjoll-2-200x300.jpg 200w, https:\/\/hedinn.is\/wp-content\/uploads\/2022\/09\/Framleidsla-thvottavelin-Mjoll-2-400x600.jpg 400w, https:\/\/hedinn.is\/wp-content\/uploads\/2022\/09\/Framleidsla-thvottavelin-Mjoll-2.jpg 533w\" data-orig-src=\"https:\/\/hedinn.is\/wp-content\/uploads\/2022\/09\/Framleidsla-thvottavelin-Mjoll-2.jpg\" data-srcset=\"https:\/\/hedinn.is\/wp-content\/uploads\/2022\/09\/Framleidsla-thvottavelin-Mjoll-2-200x300.jpg 200w, https:\/\/hedinn.is\/wp-content\/uploads\/2022\/09\/Framleidsla-thvottavelin-Mjoll-2-400x600.jpg 400w, https:\/\/hedinn.is\/wp-content\/uploads\/2022\/09\/Framleidsla-thvottavelin-Mjoll-2.jpg 533w\" data-sizes=\"auto\" \/><\/a><\/div><div class=\"awb-imageframe-caption-container\"><div class=\"awb-imageframe-caption\"><p class=\"awb-imageframe-caption-text\">The Icelandic Washing Machine Mj\u00f6ll<\/p><\/div><\/div><\/div><\/li><li class=\"fusion-carousel-item\"><div class=\"fusion-carousel-item-wrapper\"><div class=\"fusion-image-wrapper hover-type-none\"><a data-rel=\"iLightbox[image_carousel_2]\" data-caption=\"\u00cdslenska heimilis\u00fevottav\u00e9lin Mj\u00f6ll \u00c1 \u00f6ndver\u00f0u \u00e1ri 1951 ger\u00f0u H\u00e9\u00f0inn og Raft\u00e6kjaverksmi\u00f0jan \u00ed Hafnarfir\u00f0i (RAFHA) samkomulag um a\u00f0 hefja framlei\u00f0slu \u00e1 \u00fevottav\u00e9lum. \u00devottav\u00e9larnar komu \u00e1 marka\u00f0 sama \u00e1r og var eftirspurn mikil. \u00devottav\u00e9lin f\u00e9kk nafni\u00f0 Mj\u00f6ll og var ver\u00f0 hennar 3.100 kr\u00f3nur \u00e1n s\u00f6luskatts. Hver einasti \u00edhlutur \u00ed v\u00e9linni var teikna\u00f0ur og sm\u00ed\u00f0a\u00f0ur af H\u00e9\u00f0ni, ni\u00f0ur \u00ed sm\u00e6stu skr\u00fafur og gorma. Lj\u00f3smynd: J\u00f3n Oddsson\/H\u00e9\u00f0inn\" href=\"https:\/\/hedinn.is\/wp-content\/uploads\/2022\/09\/Mjoll-auglysing.jpg\" target=\"_self\"><img decoding=\"async\" width=\"800\" height=\"559\" src=\"https:\/\/hedinn.is\/wp-content\/uploads\/2022\/09\/Mjoll-auglysing.jpg\" class=\"attachment-full size-full lazyload\" alt=\"Mj\u00f6ll augl\u00fdsing\" srcset=\"https:\/\/hedinn.is\/wp-content\/uploads\/2022\/09\/Mjoll-auglysing-200x140.jpg 200w, https:\/\/hedinn.is\/wp-content\/uploads\/2022\/09\/Mjoll-auglysing-300x210.jpg 300w, https:\/\/hedinn.is\/wp-content\/uploads\/2022\/09\/Mjoll-auglysing-400x280.jpg 400w, https:\/\/hedinn.is\/wp-content\/uploads\/2022\/09\/Mjoll-auglysing-600x419.jpg 600w, https:\/\/hedinn.is\/wp-content\/uploads\/2022\/09\/Mjoll-auglysing-768x537.jpg 768w, https:\/\/hedinn.is\/wp-content\/uploads\/2022\/09\/Mjoll-auglysing.jpg 800w\" data-orig-src=\"https:\/\/hedinn.is\/wp-content\/uploads\/2022\/09\/Mjoll-auglysing.jpg\" data-srcset=\"https:\/\/hedinn.is\/wp-content\/uploads\/2022\/09\/Mjoll-auglysing-200x140.jpg 200w, https:\/\/hedinn.is\/wp-content\/uploads\/2022\/09\/Mjoll-auglysing-300x210.jpg 300w, https:\/\/hedinn.is\/wp-content\/uploads\/2022\/09\/Mjoll-auglysing-400x280.jpg 400w, https:\/\/hedinn.is\/wp-content\/uploads\/2022\/09\/Mjoll-auglysing-600x419.jpg 600w, https:\/\/hedinn.is\/wp-content\/uploads\/2022\/09\/Mjoll-auglysing-768x537.jpg 768w, https:\/\/hedinn.is\/wp-content\/uploads\/2022\/09\/Mjoll-auglysing.jpg 800w\" data-sizes=\"auto\" \/><\/a><\/div><div class=\"awb-imageframe-caption-container\"><div class=\"awb-imageframe-caption\"><p class=\"awb-imageframe-caption-text\">The Icelandic Washing Machine Mj\u00f6ll. Early in 1951, H\u00e9\u00f0inn and the Electrical Equipment Factory in Hafnarfj\u00f6r\u00f0ur (RAFHA) made an agreement to begin producing washing machines. The machines came on the market the same year, and demand was high. The washing machine was given the name Mj\u00f6ll, and its price was 3,100 kr\u00f3nur before sales tax. Every single component of the machine was designed and manufactured by H\u00e9\u00f0inn, down to the smallest screws and springs.\nPhoto: J\u00f3n Oddsson \/ H\u00e9\u00f0inn<\/p><\/div><\/div><\/div><\/li><li class=\"fusion-carousel-item\"><div class=\"fusion-carousel-item-wrapper\"><div class=\"fusion-image-wrapper hover-type-none\"><a data-rel=\"iLightbox[image_carousel_2]\" data-caption=\"Fyrsta og eina \u00edslenska d\u00edsilv\u00e9lin Haft hefur veri\u00f0 \u00e1 or\u00f0i a\u00f0 s\u00ed\u00f0ari heimsstyrj\u00f6ldin hafi hj\u00e1lpa\u00f0 \u00cdslendingum a\u00f0 komast \u00fat \u00far moldarkofunum. Eitt af \u00fevi n\u00fat\u00edmalega sem allir landsmenn \u00fer\u00e1\u00f0u var rafmagn. Rafv\u00e6\u00f0ing var ekki hafin nema \u00ed mesta \u00fe\u00e9ttb\u00fdlinu og r\u00e1\u00f0i\u00f0 fyrir marga sveitab\u00e6i var a\u00f0 taka d\u00edsilrafst\u00f6\u00f0var \u00ed notkun. Hj\u00e1 H\u00e9\u00f0ni vakna\u00f0i s\u00fa hugmynd a\u00f0 sm\u00ed\u00f0a \u00edslenska d\u00edsilv\u00e9l til a\u00f0 kn\u00fdja rafst\u00f6\u00f0var. S\u00fa v\u00e9l leit dagsins lj\u00f3s \u00e1 I\u00f0ns\u00fdningunni 1952 og \u00fe\u00f3tti til marks um \u00fe\u00e1 h\u00e1\u00fer\u00f3u\u00f0u t\u00e6kni\u00feekkingu sem \u00cdslendingar voru \u00f3\u00f0um a\u00f0 tileinka s\u00e9r. A\u00f0alh\u00f6nnu\u00f0ur og teiknari var Geir \u00d3skar Gu\u00f0mundsson, yfirverkfr\u00e6\u00f0ingur H\u00e9\u00f0ins, og yfirsmi\u00f0ur var J\u00f3hann \u00deorl\u00e1ksson. B\u00f6rnin \u00e1 myndinni eru fr\u00e6ndsystkinin Krist\u00edn, d\u00f3ttir Sveins \u00ed H\u00e9\u00f0ni, og Bj\u00f6rn, sonur \u00c1stmundar \u00ed St\u00e1lsmi\u00f0junni. Lj\u00f3smynd: H\u00f6fundur \u00f3\u00feekktur\/H\u00e9\u00f0inn\" href=\"https:\/\/hedinn.is\/wp-content\/uploads\/2022\/09\/Fyrsta-og-eina-islenska-disilveli.jpg\" target=\"_self\"><img decoding=\"async\" width=\"721\" height=\"800\" src=\"https:\/\/hedinn.is\/wp-content\/uploads\/2022\/09\/Fyrsta-og-eina-islenska-disilveli.jpg\" class=\"attachment-full size-full lazyload\" alt=\"Fyrsta og eina \u00edslenska d\u00edsilv\u00e9li\" srcset=\"https:\/\/hedinn.is\/wp-content\/uploads\/2022\/09\/Fyrsta-og-eina-islenska-disilveli-200x222.jpg 200w, https:\/\/hedinn.is\/wp-content\/uploads\/2022\/09\/Fyrsta-og-eina-islenska-disilveli-270x300.jpg 270w, https:\/\/hedinn.is\/wp-content\/uploads\/2022\/09\/Fyrsta-og-eina-islenska-disilveli-400x444.jpg 400w, https:\/\/hedinn.is\/wp-content\/uploads\/2022\/09\/Fyrsta-og-eina-islenska-disilveli-600x666.jpg 600w, https:\/\/hedinn.is\/wp-content\/uploads\/2022\/09\/Fyrsta-og-eina-islenska-disilveli.jpg 721w\" data-orig-src=\"https:\/\/hedinn.is\/wp-content\/uploads\/2022\/09\/Fyrsta-og-eina-islenska-disilveli.jpg\" data-srcset=\"https:\/\/hedinn.is\/wp-content\/uploads\/2022\/09\/Fyrsta-og-eina-islenska-disilveli-200x222.jpg 200w, https:\/\/hedinn.is\/wp-content\/uploads\/2022\/09\/Fyrsta-og-eina-islenska-disilveli-270x300.jpg 270w, https:\/\/hedinn.is\/wp-content\/uploads\/2022\/09\/Fyrsta-og-eina-islenska-disilveli-400x444.jpg 400w, https:\/\/hedinn.is\/wp-content\/uploads\/2022\/09\/Fyrsta-og-eina-islenska-disilveli-600x666.jpg 600w, https:\/\/hedinn.is\/wp-content\/uploads\/2022\/09\/Fyrsta-og-eina-islenska-disilveli.jpg 721w\" data-sizes=\"auto\" \/><\/a><\/div><div class=\"awb-imageframe-caption-container\"><div class=\"awb-imageframe-caption\"><p class=\"awb-imageframe-caption-text\">The First and Only Icelandic Diesel Engine Haft. It has often been said that the Second World War helped Icelanders out of the turf huts. One of the modern conveniences that everyone in the country longed for was electricity. Electrification had reached only the largest towns, and for many farms the solution was to install diesel generators. At H\u00e9\u00f0inn the idea arose to build an Icelandic diesel engine to power such generators. The engine was unveiled at the Industrial Exhibition in 1952 and was regarded as a sign of the advanced technical knowledge that Icelanders were rapidly acquiring. The chief designer and draftsman was Geir \u00d3skar Gu\u00f0mundsson, H\u00e9\u00f0inn\u2019s chief engineer, and the master builder was J\u00f3hann \u00deorl\u00e1ksson. The children in the picture are cousins Krist\u00edn, daughter of Sveinn of H\u00e9\u00f0inn, and Bj\u00f6rn, son of \u00c1stmundur of St\u00e1lsmi\u00f0jan.\nPhoto: Author unknown \/ H\u00e9\u00f0inn.<\/p><\/div><\/div><\/div><\/li><li class=\"fusion-carousel-item\"><div class=\"fusion-carousel-item-wrapper\"><div class=\"fusion-image-wrapper hover-type-none\"><a data-rel=\"iLightbox[image_carousel_2]\" data-caption=\"V\u00e9lar og t\u00e6ki Verslun var\u00f0 snemma hluti af starfsemi H\u00e9\u00f0ins. V\u00f6rurnar sem fyrirt\u00e6ki\u00f0 framleiddi \u00feurftu sinn vettvang og sama gilti um \u00fdmsan s\u00e9rh\u00e6f\u00f0an b\u00fana\u00f0 sem var fluttur til landsins. Verslunarreksturinn var\u00f0 me\u00f0 t\u00edma mikilv\u00e6gur \u00fe\u00e1ttur \u00ed umsvifum\u00a0H\u00e9\u00f0ins. Lj\u00f3smynd: J\u00f3n Oddsson\/H\u00e9\u00f0inn\" href=\"https:\/\/hedinn.is\/wp-content\/uploads\/2022\/09\/Velar-og-taeki.jpg\" target=\"_self\"><img decoding=\"async\" width=\"800\" height=\"533\" src=\"https:\/\/hedinn.is\/wp-content\/uploads\/2022\/09\/Velar-og-taeki.jpg\" class=\"attachment-full size-full lazyload\" alt=\"V\u00e9lar og t\u00e6ki\" srcset=\"https:\/\/hedinn.is\/wp-content\/uploads\/2022\/09\/Velar-og-taeki-200x133.jpg 200w, https:\/\/hedinn.is\/wp-content\/uploads\/2022\/09\/Velar-og-taeki-300x200.jpg 300w, https:\/\/hedinn.is\/wp-content\/uploads\/2022\/09\/Velar-og-taeki-400x267.jpg 400w, https:\/\/hedinn.is\/wp-content\/uploads\/2022\/09\/Velar-og-taeki-600x400.jpg 600w, https:\/\/hedinn.is\/wp-content\/uploads\/2022\/09\/Velar-og-taeki-768x512.jpg 768w, https:\/\/hedinn.is\/wp-content\/uploads\/2022\/09\/Velar-og-taeki.jpg 800w\" data-orig-src=\"https:\/\/hedinn.is\/wp-content\/uploads\/2022\/09\/Velar-og-taeki.jpg\" data-srcset=\"https:\/\/hedinn.is\/wp-content\/uploads\/2022\/09\/Velar-og-taeki-200x133.jpg 200w, https:\/\/hedinn.is\/wp-content\/uploads\/2022\/09\/Velar-og-taeki-300x200.jpg 300w, https:\/\/hedinn.is\/wp-content\/uploads\/2022\/09\/Velar-og-taeki-400x267.jpg 400w, https:\/\/hedinn.is\/wp-content\/uploads\/2022\/09\/Velar-og-taeki-600x400.jpg 600w, https:\/\/hedinn.is\/wp-content\/uploads\/2022\/09\/Velar-og-taeki-768x512.jpg 768w, https:\/\/hedinn.is\/wp-content\/uploads\/2022\/09\/Velar-og-taeki.jpg 800w\" data-sizes=\"auto\" \/><\/a><\/div><div class=\"awb-imageframe-caption-container\"><div class=\"awb-imageframe-caption\"><p class=\"awb-imageframe-caption-text\">Machinery and Equipment. Trade soon became a part of H\u00e9\u00f0inn\u2019s operations. The products the company manufactured needed their own marketplace, and the same was true for various specialized equipment that was imported into the country. Over time, the trading activities became an important part of H\u00e9\u00f0inn\u2019s operations.\nPhoto: J\u00f3n Oddsson \/ H\u00e9\u00f0inn.<\/p><\/div><\/div><\/div><\/li><\/ul><div class=\"fusion-carousel-nav\"><span class=\"fusion-nav-prev\"><\/span><span class=\"fusion-nav-next\"><\/span><\/div><\/div><\/div><\/div><style type=\"text\/css\">.awb-imageframe-style.awb-imageframe-style-2 .awb-imageframe-caption-container .awb-imageframe-caption-text{font-size:var(--awb-typography5-font-size);font-family:var(--awb-typography5-font-family);font-weight:var(--awb-typography5-font-weight);font-style:var(--awb-typography5-font-style);text-transform:var(--awb-typography5-text-transform);}<\/style><div class=\"fusion-sharing-box fusion-sharing-box-1 boxed-icons\" style=\"background-color:rgba(250,249,248,0);padding:0;margin-top:60px;\" data-title=\"L\u00edfleg f\u00e9lagsstarfsemi \u00ed H\u00e9\u00f0insnaustum\" data-description=\"L\u00edfleg f\u00e9lagsstarfsemi \u00ed H\u00e9\u00f0insnaustum Starfsmannaf\u00e9lag V\u00e9lsmi\u00f0junnar H\u00e9\u00f0ins var stofna\u00f0 11. september 1939 og var \u00fev\u00ed \u00e6tla\u00f0 a\u00f0 halda uppi fr\u00e6\u00f0slustarfsemi, og auka kynni me\u00f0al starfsf\u00f3lksins. Starfsmannaf\u00e9lagi\u00f0 st\u00f3\u00f0 fyrir margv\u00edslegum skemmtunum og f\u00e9lagsl\u00edfi, \u00fea\u00f0 t\u00f3k \u00fe\u00e1tt \u00ed \u00ed\u00fer\u00f3ttam\u00f3tum og starfr\u00e6kti karlak\u00f3r i\u00f0na\u00f0armanna sem ger\u00f0i gar\u00f0inn fr\u00e6gan.\u00c1ri\u00f0 1943 afhenti Sveinn forstj\u00f3ri starfsmannaf\u00e9lagi H\u00e9\u00f0ins gl\u00e6sileg h\u00fasakynni vi\u00f0\" data-link=\"https:\/\/hedinn.is\/en\/lifleg-felagsstarfsemi-i-hedinsnaustum\/\"><h4 class=\"tagline\" style=\"color:#333c4e;\">Share the history <\/h4><div class=\"fusion-social-networks sharingbox-shortcode-icon-wrapper sharingbox-shortcode-icon-wrapper-1 boxed-icons\"><span><a href=\"https:\/\/www.facebook.com\/sharer.php?u=https%3A%2F%2Fhedinn.is%2Fen%2Flifleg-felagsstarfsemi-i-hedinsnaustum%2F&amp;t=L%C3%ADfleg%20f%C3%A9lagsstarfsemi%20%C3%AD%20H%C3%A9%C3%B0insnaustum\" target=\"_blank\" rel=\"noreferrer\" title=\"Facebook\" aria-label=\"Facebook\" data-placement=\"top\" data-toggle=\"tooltip\" data-title=\"Facebook\"><i class=\"fusion-social-network-icon fusion-tooltip fusion-facebook awb-icon-facebook\" style=\"color:#ffffff;background-color:#3b5998;border-color:#3b5998;border-radius:4px;\" aria-hidden=\"true\"><\/i><\/a><\/span><span><a href=\"https:\/\/twitter.com\/share?text=L%C3%ADfleg%20f%C3%A9lagsstarfsemi%20%C3%AD%20H%C3%A9%C3%B0insnaustum&amp;url=https%3A%2F%2Fhedinn.is%2Fen%2Flifleg-felagsstarfsemi-i-hedinsnaustum%2F\" target=\"_blank\" rel=\"noopener noreferrer\" title=\"Twitter\" aria-label=\"Twitter\" data-placement=\"top\" data-toggle=\"tooltip\" data-title=\"Twitter\"><i class=\"fusion-social-network-icon fusion-tooltip fusion-twitter awb-icon-twitter\" style=\"color:#ffffff;background-color:#55acee;border-color:#55acee;border-radius:4px;\" aria-hidden=\"true\"><\/i><\/a><\/span><span><a href=\"https:\/\/www.linkedin.com\/shareArticle?mini=true&amp;url=https%3A%2F%2Fhedinn.is%2Fen%2Flifleg-felagsstarfsemi-i-hedinsnaustum%2F&amp;title=L%C3%ADfleg%20f%C3%A9lagsstarfsemi%20%C3%AD%20H%C3%A9%C3%B0insnaustum&amp;summary=L%C3%ADfleg%20f%C3%A9lagsstarfsemi%20%C3%AD%20H%C3%A9%C3%B0insnaustum%20%0D%0A%0D%0AStarfsmannaf%C3%A9lag%20V%C3%A9lsmi%C3%B0junnar%20H%C3%A9%C3%B0ins%20var%20stofna%C3%B0%2011.%20september%201939%20og%20var%20%C3%BEv%C3%AD%20%C3%A6tla%C3%B0%20a%C3%B0%20halda%20uppi%20fr%C3%A6%C3%B0slustarfsemi%2C%20og%20auka%20kynni%20me%C3%B0al%20starfsf%C3%B3lksins.%20Starfsmannaf%C3%A9lagi%C3%B0%20st%C3%B3%C3%B0%20fyrir%20margv%C3%ADslegum%20skemmtunum%20og%20f%C3%A9lagsl%C3%ADfi%2C%20%C3%BEa%C3%B0%20t%C3%B3k%20%C3%BE%C3%A1tt%20%C3%AD%20%C3%AD%C3%BEr%C3%B3ttam%C3%B3tum%20og%20starfr%C3%A6kti%20karlak%C3%B3r%20i%C3%B0na%C3%B0armanna%20sem%20ger%C3%B0i%20gar%C3%B0inn%20fr%C3%A6gan.%0D%0A%0D%0A%C3%81ri%C3%B0%201943%20afhenti%20Sveinn%20forstj%C3%B3ri%20starfsmannaf%C3%A9lagi%20H%C3%A9%C3%B0ins%20gl%C3%A6sileg%20h%C3%BAsakynni%20vi%C3%B0\" target=\"_blank\" rel=\"noopener noreferrer\" title=\"LinkedIn\" aria-label=\"LinkedIn\" data-placement=\"top\" data-toggle=\"tooltip\" data-title=\"LinkedIn\"><i class=\"fusion-social-network-icon fusion-tooltip fusion-linkedin awb-icon-linkedin\" style=\"color:#ffffff;background-color:#0077b5;border-color:#0077b5;border-radius:4px;\" aria-hidden=\"true\"><\/i><\/a><\/span><span><a href=\"https:\/\/api.whatsapp.com\/send?text=https%3A%2F%2Fhedinn.is%2Fen%2Flifleg-felagsstarfsemi-i-hedinsnaustum%2F\" target=\"_blank\" rel=\"noopener noreferrer\" title=\"WhatsApp\" aria-label=\"WhatsApp\" data-placement=\"top\" data-toggle=\"tooltip\" data-title=\"WhatsApp\"><i class=\"fusion-social-network-icon fusion-tooltip fusion-whatsapp awb-icon-whatsapp\" style=\"color:#ffffff;background-color:#77e878;border-color:#77e878;border-radius:4px;\" aria-hidden=\"true\"><\/i><\/a><\/span><span><a href=\"https:\/\/pinterest.com\/pin\/create\/button\/?url=https%3A%2F%2Fhedinn.is%2Fen%2Flifleg-felagsstarfsemi-i-hedinsnaustum%2F&amp;description=L%C3%ADfleg%20f%C3%A9lagsstarfsemi%20%C3%AD%20H%C3%A9%C3%B0insnaustum%20%0D%0A%0D%0AStarfsmannaf%C3%A9lag%20V%C3%A9lsmi%C3%B0junnar%20H%C3%A9%C3%B0ins%20var%20stofna%C3%B0%2011.%20september%201939%20og%20var%20%C3%BEv%C3%AD%20%C3%A6tla%C3%B0%20a%C3%B0%20halda%20uppi%20fr%C3%A6%C3%B0slustarfsemi%2C%20og%20auka%20kynni%20me%C3%B0al%20starfsf%C3%B3lksins.%20Starfsmannaf%C3%A9lagi%C3%B0%20st%C3%B3%C3%B0%20fyrir%20margv%C3%ADslegum%20skemmtunum%20og%20f%C3%A9lagsl%C3%ADfi%2C%20%C3%BEa%C3%B0%20t%C3%B3k%20%C3%BE%C3%A1tt%20%C3%AD%20%C3%AD%C3%BEr%C3%B3ttam%C3%B3tum%20og%20starfr%C3%A6kti%20karlak%C3%B3r%20i%C3%B0na%C3%B0armanna%20sem%20ger%C3%B0i%20gar%C3%B0inn%20fr%C3%A6gan.%0D%0A%0D%0A%C3%81ri%C3%B0%201943%20afhenti%20Sveinn%20forstj%C3%B3ri%20starfsmannaf%C3%A9lagi%20H%C3%A9%C3%B0ins%20gl%C3%A6sileg%20h%C3%BAsakynni%20vi%C3%B0&amp;media=\" target=\"_blank\" rel=\"noopener noreferrer\" title=\"Pinterest\" aria-label=\"Pinterest\" data-placement=\"top\" data-toggle=\"tooltip\" data-title=\"Pinterest\"><i class=\"fusion-social-network-icon fusion-tooltip fusion-pinterest awb-icon-pinterest\" style=\"color:#ffffff;background-color:#bd081c;border-color:#bd081c;border-radius:4px;\" aria-hidden=\"true\"><\/i><\/a><\/span><span><a href=\"mailto:?subject=L%C3%ADfleg%20f%C3%A9lagsstarfsemi%20%C3%AD%20H%C3%A9%C3%B0insnaustum&amp;body=https%3A%2F%2Fhedinn.is%2Fen%2Flifleg-felagsstarfsemi-i-hedinsnaustum%2F\" target=\"_self\" title=\"Email\" aria-label=\"Email\" data-placement=\"top\" data-toggle=\"tooltip\" data-title=\"Email\"><i class=\"fusion-social-network-icon fusion-tooltip fusion-mail awb-icon-mail\" style=\"color:#ffffff;background-color:#000000;border-color:#000000;border-radius:4px;\" aria-hidden=\"true\"><\/i><\/a><\/span><\/div><\/div><style type=\"text\/css\">.fusion-sharing-box-1 h4{margin-bottom:0 !important;}.fusion-sharing-box-1{flex-direction:row !important;border-color:#cccccc !important;}.sharingbox-shortcode-icon-wrapper-1 span.sharingbox-shortcode-icon-separator{border-color:#cccccc !important;border-right-width:0px !important;}@media only screen and (max-width:1024px){.fusion-sharing-box-1 h4{margin-right:0.5em !important;margin-bottom:0 !important;}.sharingbox-shortcode-icon-wrapper-1{width:auto !important;justify-content:flex-end !important;}.fusion-sharing-box-1{align-items:center !important;} }@media only screen and (max-width:640px){.fusion-sharing-box-1{flex-direction: column !important;align-items:center !important;}.fusion-sharing-box-1 h4{margin-bottom:revert !important;}.sharingbox-shortcode-icon-wrapper-1{width:100% !important;justify-content:space-between !important;} }<\/style><\/div><style type=\"text\/css\">.fusion-body .fusion-builder-column-0{width:83.333333333333% !important;margin-top : 0px;margin-bottom : 40px;}.fusion-builder-column-0 > .fusion-column-wrapper {padding-top : 0px !important;padding-right : 0px !important;margin-right : 4.608%;padding-bottom : 0px !important;padding-left : 0px !important;margin-left : 2.304%;}@media only screen and (max-width:1024px) {.fusion-body .fusion-builder-column-0{width:100% !important;}.fusion-builder-column-0 > .fusion-column-wrapper {margin-right : 1.92%;margin-left : 1.92%;}}@media only screen and (max-width:640px) {.fusion-body .fusion-builder-column-0{width:100% !important;}.fusion-builder-column-0 > .fusion-column-wrapper {margin-right : 1.92%;margin-left : 1.92%;}}<\/style><\/div><div class=\"fusion-layout-column fusion_builder_column fusion-builder-column-1 fusion_builder_column_1_6 1_6 fusion-flex-column fusion-flex-align-self-flex-start\"><div class=\"fusion-column-wrapper fusion-flex-justify-content-flex-start fusion-content-layout-column\" style=\"background-position:left top;background-repeat:no-repeat;-webkit-background-size:cover;-moz-background-size:cover;-o-background-size:cover;background-size:cover;padding: 0px 0px 0px 0px;\"><style type=\"text\/css\">@media only screen and (max-width:1024px) {.fusion-title.fusion-title-2{margin-top:10px!important; margin-right:0px!important;margin-bottom:20px!important;margin-left:0px!important;}}@media only screen and (max-width:640px) {.fusion-title.fusion-title-2{margin-top:10px!important; margin-right:0px!important;margin-bottom:20px!important; margin-left:0px!important;}}<\/style><div class=\"fusion-title title fusion-title-2 fusion-sep-none fusion-title-text fusion-title-size-five\" style=\"margin-top:10px;margin-right:0px;margin-bottom:20px;margin-left:0px;\"><h5 class=\"title-heading-left fusion-responsive-typography-calculated\" style=\"margin:0;--fontSize:14;--minFontSize:14px;line-height:2;\">H\u00e9\u00f0inn for over 100 years<\/h5><\/div><div class=\"fusion-blog-shortcode fusion-blog-shortcode-1 fusion-blog-archive fusion-blog-layout-medium fusion-blog-no\"><div class=\"fusion-posts-container fusion-posts-container-no fusion-no-meta-info fusion-blog-rollover\" data-pages=\"0\"><article id=\"blog-1-post-4610\" class=\"fusion-post-medium post-4610 post type-post status-publish format-standard has-post-thumbnail hentry category-hedinn-i-100-ar\">\n\t<style type=\"text\/css\">\n\t\t\n\t\t\n\t\t\n\t\t\n\t\t\t<\/style>\n\n\n\t\t\t<div class=\"fusion-flexslider flexslider fusion-flexslider-loading fusion-post-slideshow\" style=\"\">\n\t\t<ul class=\"slides\">\n\t\t\t\n\t\t\t\t\t\t\t\t\t\t\t\t\t\t<li><div  class=\"fusion-image-wrapper fusion-image-size-fixed\" aria-haspopup=\"true\">\n\t\t\t\t<img decoding=\"async\" width=\"320\" height=\"202\" src=\"https:\/\/hedinn.is\/wp-content\/uploads\/2022\/09\/Untitled-1-320x202.jpg\" class=\"attachment-blog-medium size-blog-medium lazyload wp-post-image\" alt=\"Vagga i\u00f0nbyltingar \u00e1 \u00cdslandi\" srcset=\"data:image\/svg+xml,%3Csvg%20xmlns%3D%27http%3A%2F%2Fwww.w3.org%2F2000%2Fsvg%27%20width%3D%27800%27%20height%3D%27533%27%20viewBox%3D%270%200%20800%20533%27%3E%3Crect%20width%3D%27800%27%20height%3D%27533%27%20fill-opacity%3D%220%22%2F%3E%3C%2Fsvg%3E\" data-orig-src=\"https:\/\/hedinn.is\/wp-content\/uploads\/2022\/09\/Untitled-1-320x202.jpg\" data-srcset=\"https:\/\/hedinn.is\/wp-content\/uploads\/2022\/09\/Untitled-1-320x202.jpg 320w, https:\/\/hedinn.is\/wp-content\/uploads\/2022\/09\/Untitled-1-700x441.jpg 700w\" data-sizes=\"auto\" \/><div class=\"fusion-rollover\">\n\t<div class=\"fusion-rollover-content\">\n\n\t\t\t\t\t\t\t\t\t\t\t\t\t\t<a class=\"fusion-rollover-link\" href=\"https:\/\/hedinn.is\/en\/vagga-idnbyltingarinnar-a-islandi\/\">The Cradle of Icelandic Industrialization<\/a>\n\t\t\t\n\t\t\t\t\t\t\t\t\t\t\t\t\t\t\n\t\t\t\t\t\t\t\t\n\t\t\t\t\t\t\t\t\t\t\t\t\t<div class=\"fusion-rollover-sep\"><\/div>\n\t\t\t\t\n\t\t\t\t\t\t\t\t\t\t\t\t\t\t\t\t\t\t<a class=\"fusion-rollover-gallery\" href=\"https:\/\/hedinn.is\/wp-content\/uploads\/2022\/09\/Untitled-1.jpg\" data-id=\"4610\" data-rel=\"iLightbox[gallery]\" data-title=\"\" data-caption=\"Lj\u00f3smynd: \u00dar safni Samuel Kadorian, lj\u00f3smyndara bandar\u00edska hersins\/Kvikmyndasafn \u00cdslands \">\n\t\t\t\t\t\tGallery\t\t\t\t\t<\/a>\n\t\t\t\t\t\t\t\t\t\t\t\t\t\t\n\t\t\n\t\t\t\t\t\t\t\t\n\t\t\t\t\t\t\t\t\n\t\t\n\t\t\t\t\t\t<a class=\"fusion-link-wrapper\" href=\"https:\/\/hedinn.is\/en\/vagga-idnbyltingarinnar-a-islandi\/\" aria-label=\"The Cradle of Icelandic Industrialization\"><\/a>\n\t<\/div>\n<\/div>\n<\/div>\n<\/li>\n\t\t\t\n\t\t\t\n\t\t\t\t\t\t\t\t\t\t\t\t\t\t\t\t\t\t\t\t\t\t\t\t\t\t\t\t\t\t\t\t\t\t\t\t\t\t\t\t\t\t\t\t\t\t\t\t\t\t\t\t\t\t\t\t\t\t\t\t\t\t\t\t\t\t\t\t<\/ul>\n\t<\/div>\n\t<div class=\"fusion-post-content post-content\"><h2 class=\"blog-shortcode-post-title\"><a href=\"https:\/\/hedinn.is\/en\/vagga-idnbyltingarinnar-a-islandi\/\">The Cradle of Icelandic Industrialization<\/a><\/h2><\/div><div class=\"fusion-clearfix\"><\/div><\/article>\n<article id=\"blog-1-post-4759\" class=\"fusion-post-medium post-4759 post type-post status-publish format-standard has-post-thumbnail hentry category-hedinn-i-100-ar\">\n\t<style type=\"text\/css\">\n\t\t\n\t\t\n\t\t\n\t\t\n\t\t\t<\/style>\n\n\n\t\t\t<div class=\"fusion-flexslider flexslider fusion-flexslider-loading fusion-post-slideshow\" style=\"\">\n\t\t<ul class=\"slides\">\n\t\t\t\n\t\t\t\t\t\t\t\t\t\t\t\t\t\t<li><div  class=\"fusion-image-wrapper fusion-image-size-fixed\" aria-haspopup=\"true\">\n\t\t\t\t<img decoding=\"async\" width=\"320\" height=\"202\" src=\"https:\/\/hedinn.is\/wp-content\/uploads\/2022\/09\/MARKU\u2560uS-I\u2560uVARSSON-40x60-RGB-min-320x202.jpg\" class=\"attachment-blog-medium size-blog-medium lazyload wp-post-image\" alt=\"\" srcset=\"data:image\/svg+xml,%3Csvg%20xmlns%3D%27http%3A%2F%2Fwww.w3.org%2F2000%2Fsvg%27%20width%3D%27800%27%20height%3D%27533%27%20viewBox%3D%270%200%20800%20533%27%3E%3Crect%20width%3D%27800%27%20height%3D%27533%27%20fill-opacity%3D%220%22%2F%3E%3C%2Fsvg%3E\" data-orig-src=\"https:\/\/hedinn.is\/wp-content\/uploads\/2022\/09\/MARKU\u2560uS-I\u2560uVARSSON-40x60-RGB-min-320x202.jpg\" data-srcset=\"https:\/\/hedinn.is\/wp-content\/uploads\/2022\/09\/MARKU\u2560uS-I\u2560uVARSSON-40x60-RGB-min-320x202.jpg 320w, https:\/\/hedinn.is\/wp-content\/uploads\/2022\/09\/MARKU\u2560uS-I\u2560uVARSSON-40x60-RGB-min-700x441.jpg 700w\" data-sizes=\"auto\" \/><div class=\"fusion-rollover\">\n\t<div class=\"fusion-rollover-content\">\n\n\t\t\t\t\t\t\t\t\t\t\t\t\t\t<a class=\"fusion-rollover-link\" href=\"https:\/\/hedinn.is\/en\/markus-ivarsson\/\">Mark\u00fas \u00cdvarsson<\/a>\n\t\t\t\n\t\t\t\t\t\t\t\t\t\t\t\t\t\t\n\t\t\t\t\t\t\t\t\n\t\t\t\t\t\t\t\t\t\t\t\t\t<div class=\"fusion-rollover-sep\"><\/div>\n\t\t\t\t\n\t\t\t\t\t\t\t\t\t\t\t\t\t\t\t\t\t\t<a class=\"fusion-rollover-gallery\" href=\"https:\/\/hedinn.is\/wp-content\/uploads\/2022\/09\/MARKU\u2560uS-I\u2560uVARSSON-40x60-RGB-min.jpgvvvv\" data-id=\"4759\" data-rel=\"iLightbox[gallery]\" data-title=\"Mark\u00fas \u00cdvarsson\" data-caption=\"\">\n\t\t\t\t\t\tGallery\t\t\t\t\t<\/a>\n\t\t\t\t\t\t\t\t\t\t\t\t\t\t\n\t\t\n\t\t\t\t\t\t\t\t\n\t\t\t\t\t\t\t\t\n\t\t\n\t\t\t\t\t\t<a class=\"fusion-link-wrapper\" href=\"https:\/\/hedinn.is\/en\/markus-ivarsson\/\" aria-label=\"Mark\u00fas \u00cdvarsson\"><\/a>\n\t<\/div>\n<\/div>\n<\/div>\n<\/li>\n\t\t\t\n\t\t\t\n\t\t\t\t\t\t\t\t\t\t\t\t\t\t\t\t\t\t\t\t\t\t\t\t\t\t\t\t\t\t\t\t\t\t\t\t\t\t\t\t\t\t\t\t\t\t\t\t\t\t\t\t\t\t\t\t\t\t\t\t\t\t\t\t\t\t\t\t<\/ul>\n\t<\/div>\n\t<div class=\"fusion-post-content post-content\"><h2 class=\"blog-shortcode-post-title\"><a href=\"https:\/\/hedinn.is\/en\/markus-ivarsson\/\">Mark\u00fas \u00cdvarsson<\/a><\/h2><\/div><div class=\"fusion-clearfix\"><\/div><\/article>\n<article id=\"blog-1-post-4767\" class=\"fusion-post-medium post-4767 post type-post status-publish format-standard has-post-thumbnail hentry category-hedinn-i-100-ar\">\n\t<style type=\"text\/css\">\n\t\t\n\t\t\n\t\t\n\t\t\n\t\t\t<\/style>\n\n\n\t\t\t<div class=\"fusion-flexslider flexslider fusion-flexslider-loading fusion-post-slideshow\" style=\"\">\n\t\t<ul class=\"slides\">\n\t\t\t\n\t\t\t\t\t\t\t\t\t\t\t\t\t\t<li><div  class=\"fusion-image-wrapper fusion-image-size-fixed\" aria-haspopup=\"true\">\n\t\t\t\t<img decoding=\"async\" width=\"320\" height=\"202\" src=\"https:\/\/hedinn.is\/wp-content\/uploads\/2022\/09\/Bjarni-thorsteinsson-fm-320x202.jpg\" class=\"attachment-blog-medium size-blog-medium lazyload wp-post-image\" alt=\"\" srcset=\"data:image\/svg+xml,%3Csvg%20xmlns%3D%27http%3A%2F%2Fwww.w3.org%2F2000%2Fsvg%27%20width%3D%27800%27%20height%3D%27533%27%20viewBox%3D%270%200%20800%20533%27%3E%3Crect%20width%3D%27800%27%20height%3D%27533%27%20fill-opacity%3D%220%22%2F%3E%3C%2Fsvg%3E\" data-orig-src=\"https:\/\/hedinn.is\/wp-content\/uploads\/2022\/09\/Bjarni-thorsteinsson-fm-320x202.jpg\" data-srcset=\"https:\/\/hedinn.is\/wp-content\/uploads\/2022\/09\/Bjarni-thorsteinsson-fm-320x202.jpg 320w, https:\/\/hedinn.is\/wp-content\/uploads\/2022\/09\/Bjarni-thorsteinsson-fm-700x441.jpg 700w\" data-sizes=\"auto\" \/><div class=\"fusion-rollover\">\n\t<div class=\"fusion-rollover-content\">\n\n\t\t\t\t\t\t\t\t\t\t\t\t\t\t<a class=\"fusion-rollover-link\" href=\"https:\/\/hedinn.is\/en\/bjarni-thorsteinsson\/\">Bjarni \u00deorsteinsson<\/a>\n\t\t\t\n\t\t\t\t\t\t\t\t\t\t\t\t\t\t\n\t\t\t\t\t\t\t\t\n\t\t\t\t\t\t\t\t\t\t\t\t\t<div class=\"fusion-rollover-sep\"><\/div>\n\t\t\t\t\n\t\t\t\t\t\t\t\t\t\t\t\t\t\t\t\t\t\t<a class=\"fusion-rollover-gallery\" href=\"https:\/\/hedinn.is\/wp-content\/uploads\/2022\/09\/Bjarni-thorsteinsson-fm.jpg\" data-id=\"4767\" data-rel=\"iLightbox[gallery]\" data-title=\"Bjarni thorsteinsson fm\" data-caption=\"\">\n\t\t\t\t\t\tGallery\t\t\t\t\t<\/a>\n\t\t\t\t\t\t\t\t\t\t\t\t\t\t\n\t\t\n\t\t\t\t\t\t\t\t\n\t\t\t\t\t\t\t\t\n\t\t\n\t\t\t\t\t\t<a class=\"fusion-link-wrapper\" href=\"https:\/\/hedinn.is\/en\/bjarni-thorsteinsson\/\" aria-label=\"Bjarni \u00deorsteinsson\"><\/a>\n\t<\/div>\n<\/div>\n<\/div>\n<\/li>\n\t\t\t\n\t\t\t\n\t\t\t\t\t\t\t\t\t\t\t\t\t\t\t\t\t\t\t\t\t\t\t\t\t\t\t\t\t\t\t\t\t\t\t\t\t\t\t\t\t\t\t\t\t\t\t\t\t\t\t\t\t\t\t\t\t\t\t\t\t\t\t\t\t\t\t\t<\/ul>\n\t<\/div>\n\t<div class=\"fusion-post-content post-content\"><h2 class=\"blog-shortcode-post-title\"><a href=\"https:\/\/hedinn.is\/en\/bjarni-thorsteinsson\/\">Bjarni \u00deorsteinsson<\/a><\/h2><\/div><div class=\"fusion-clearfix\"><\/div><\/article>\n<article id=\"blog-1-post-4771\" class=\"fusion-post-medium post-4771 post type-post status-publish format-standard has-post-thumbnail hentry category-hedinn-i-100-ar\">\n\t<style type=\"text\/css\">\n\t\t\n\t\t\n\t\t\n\t\t\n\t\t\t<\/style>\n\n\n\t\t\t<div class=\"fusion-flexslider flexslider fusion-flexslider-loading fusion-post-slideshow\" style=\"\">\n\t\t<ul class=\"slides\">\n\t\t\t\n\t\t\t\t\t\t\t\t\t\t\t\t\t\t<li><div  class=\"fusion-image-wrapper fusion-image-size-fixed\" aria-haspopup=\"true\">\n\t\t\t\t<img decoding=\"async\" width=\"320\" height=\"202\" src=\"https:\/\/hedinn.is\/wp-content\/uploads\/2022\/09\/Ekki-eru-allar-ferdir-til-fjar-320x202.jpg\" class=\"attachment-blog-medium size-blog-medium lazyload wp-post-image\" alt=\"Ekki eru allar fer\u00f0ir til fj\u00e1r\" srcset=\"data:image\/svg+xml,%3Csvg%20xmlns%3D%27http%3A%2F%2Fwww.w3.org%2F2000%2Fsvg%27%20width%3D%27800%27%20height%3D%27533%27%20viewBox%3D%270%200%20800%20533%27%3E%3Crect%20width%3D%27800%27%20height%3D%27533%27%20fill-opacity%3D%220%22%2F%3E%3C%2Fsvg%3E\" data-orig-src=\"https:\/\/hedinn.is\/wp-content\/uploads\/2022\/09\/Ekki-eru-allar-ferdir-til-fjar-320x202.jpg\" data-srcset=\"https:\/\/hedinn.is\/wp-content\/uploads\/2022\/09\/Ekki-eru-allar-ferdir-til-fjar-320x202.jpg 320w, https:\/\/hedinn.is\/wp-content\/uploads\/2022\/09\/Ekki-eru-allar-ferdir-til-fjar-700x441.jpg 700w\" data-sizes=\"auto\" \/><div class=\"fusion-rollover\">\n\t<div class=\"fusion-rollover-content\">\n\n\t\t\t\t\t\t\t\t\t\t\t\t\t\t<a class=\"fusion-rollover-link\" href=\"https:\/\/hedinn.is\/en\/dotturfelagid-jarnsteypan-i-reykjavik\/\">The Subsidiary J\u00e1rnsteypan in Reykjav\u00edk<\/a>\n\t\t\t\n\t\t\t\t\t\t\t\t\t\t\t\t\t\t\n\t\t\t\t\t\t\t\t\n\t\t\t\t\t\t\t\t\t\t\t\t\t<div class=\"fusion-rollover-sep\"><\/div>\n\t\t\t\t\n\t\t\t\t\t\t\t\t\t\t\t\t\t\t\t\t\t\t<a class=\"fusion-rollover-gallery\" href=\"https:\/\/hedinn.is\/wp-content\/uploads\/2022\/09\/Ekki-eru-allar-ferdir-til-fjar.jpg\" data-id=\"4771\" data-rel=\"iLightbox[gallery]\" data-title=\"\" data-caption=\"\">\n\t\t\t\t\t\tGallery\t\t\t\t\t<\/a>\n\t\t\t\t\t\t\t\t\t\t\t\t\t\t\n\t\t\n\t\t\t\t\t\t\t\t\n\t\t\t\t\t\t\t\t\n\t\t\n\t\t\t\t\t\t<a class=\"fusion-link-wrapper\" href=\"https:\/\/hedinn.is\/en\/dotturfelagid-jarnsteypan-i-reykjavik\/\" aria-label=\"The Subsidiary J\u00e1rnsteypan in Reykjav\u00edk\"><\/a>\n\t<\/div>\n<\/div>\n<\/div>\n<\/li>\n\t\t\t\n\t\t\t\n\t\t\t\t\t\t\t\t\t\t\t\t\t\t\t\t\t\t\t\t\t\t\t\t\t\t\t\t\t\t\t\t\t\t\t\t\t\t\t\t\t\t\t\t\t\t\t\t\t\t\t\t\t\t\t\t\t\t\t\t\t\t\t\t\t\t\t\t<\/ul>\n\t<\/div>\n\t<div class=\"fusion-post-content post-content\"><h2 class=\"blog-shortcode-post-title\"><a href=\"https:\/\/hedinn.is\/en\/dotturfelagid-jarnsteypan-i-reykjavik\/\">The Subsidiary J\u00e1rnsteypan in Reykjav\u00edk<\/a><\/h2><\/div><div class=\"fusion-clearfix\"><\/div><\/article>\n<article id=\"blog-1-post-3392\" class=\"fusion-post-medium post-3392 post type-post status-publish format-standard has-post-thumbnail hentry category-hedinn-i-100-ar\">\n\t<style type=\"text\/css\">\n\t\t\n\t\t\n\t\t\n\t\t\n\t\t\t<\/style>\n\n\n\t\t\t<div class=\"fusion-flexslider flexslider fusion-flexslider-loading fusion-post-slideshow\" style=\"\">\n\t\t<ul class=\"slides\">\n\t\t\t\n\t\t\t\t\t\t\t\t\t\t\t\t\t\t<li><div  class=\"fusion-image-wrapper fusion-image-size-fixed\" aria-haspopup=\"true\">\n\t\t\t\t<img decoding=\"async\" width=\"320\" height=\"202\" src=\"https:\/\/hedinn.is\/wp-content\/uploads\/2022\/04\/Hedinn-i-100-ar-slider-320x202.jpg\" class=\"attachment-blog-medium size-blog-medium lazyload wp-post-image\" alt=\"\" srcset=\"data:image\/svg+xml,%3Csvg%20xmlns%3D%27http%3A%2F%2Fwww.w3.org%2F2000%2Fsvg%27%20width%3D%272000%27%20height%3D%271100%27%20viewBox%3D%270%200%202000%201100%27%3E%3Crect%20width%3D%272000%27%20height%3D%271100%27%20fill-opacity%3D%220%22%2F%3E%3C%2Fsvg%3E\" data-orig-src=\"https:\/\/hedinn.is\/wp-content\/uploads\/2022\/04\/Hedinn-i-100-ar-slider-320x202.jpg\" data-srcset=\"https:\/\/hedinn.is\/wp-content\/uploads\/2022\/04\/Hedinn-i-100-ar-slider-320x202.jpg 320w, https:\/\/hedinn.is\/wp-content\/uploads\/2022\/04\/Hedinn-i-100-ar-slider-700x441.jpg 700w\" data-sizes=\"auto\" \/><div class=\"fusion-rollover\">\n\t<div class=\"fusion-rollover-content\">\n\n\t\t\t\t\t\t\t\t\t\t\t\t\t\t<a class=\"fusion-rollover-link\" href=\"https:\/\/hedinn.is\/en\/husnaedi-og-mannahald\/\">Facilities and Workforce<\/a>\n\t\t\t\n\t\t\t\t\t\t\t\t\t\t\t\t\t\t\n\t\t\t\t\t\t\t\t\n\t\t\t\t\t\t\t\t\t\t\t\t\t<div class=\"fusion-rollover-sep\"><\/div>\n\t\t\t\t\n\t\t\t\t\t\t\t\t\t\t\t\t\t\t\t\t\t\t<a class=\"fusion-rollover-gallery\" href=\"https:\/\/hedinn.is\/wp-content\/uploads\/2022\/04\/Hedinn-i-100-ar-slider.jpg\" data-id=\"3392\" data-rel=\"iLightbox[gallery]\" data-title=\"H\u00e9\u00f0inn-\u00ed-100-\u00e1r---slider\" data-caption=\"\">\n\t\t\t\t\t\tGallery\t\t\t\t\t<\/a>\n\t\t\t\t\t\t\t\t\t\t\t\t\t\t\n\t\t\n\t\t\t\t\t\t\t\t\n\t\t\t\t\t\t\t\t\n\t\t\n\t\t\t\t\t\t<a class=\"fusion-link-wrapper\" href=\"https:\/\/hedinn.is\/en\/husnaedi-og-mannahald\/\" aria-label=\"Facilities and Workforce\"><\/a>\n\t<\/div>\n<\/div>\n<\/div>\n<\/li>\n\t\t\t\n\t\t\t\n\t\t\t\t\t\t\t\t\t\t\t\t\t\t\t\t\t\t\t\t\t\t\t\t\t\t\t\t\t\t\t\t\t\t\t\t\t\t\t\t\t\t\t\t\t\t\t\t\t\t\t\t\t\t\t\t\t\t\t\t\t\t\t\t\t\t\t\t<\/ul>\n\t<\/div>\n\t<div class=\"fusion-post-content post-content\"><h2 class=\"blog-shortcode-post-title\"><a href=\"https:\/\/hedinn.is\/en\/husnaedi-og-mannahald\/\">Facilities and Workforce<\/a><\/h2><\/div><div class=\"fusion-clearfix\"><\/div><\/article>\n<article id=\"blog-1-post-3678\" class=\"fusion-post-medium post-3678 post type-post status-publish format-standard has-post-thumbnail hentry category-hedinn-i-100-ar\">\n\t<style type=\"text\/css\">\n\t\t\n\t\t\n\t\t\n\t\t\n\t\t\t<\/style>\n\n\n\t\t\t<div class=\"fusion-flexslider flexslider fusion-flexslider-loading fusion-post-slideshow\" style=\"\">\n\t\t<ul class=\"slides\">\n\t\t\t\n\t\t\t\t\t\t\t\t\t\t\t\t\t\t<li><div  class=\"fusion-image-wrapper fusion-image-size-fixed\" aria-haspopup=\"true\">\n\t\t\t\t<img decoding=\"async\" width=\"320\" height=\"202\" src=\"https:\/\/hedinn.is\/wp-content\/uploads\/2022\/09\/A-skrifstofu-forstjora.jpg\" class=\"attachment-blog-medium size-blog-medium lazyload wp-post-image\" alt=\"\u00c1 skrifstofu forstj\u00f3ra\" srcset=\"https:\/\/hedinn.is\/wp-content\/uploads\/2022\/09\/A-skrifstofu-forstjora-200x133.jpg 200w, https:\/\/hedinn.is\/wp-content\/uploads\/2022\/09\/A-skrifstofu-forstjora-300x200.jpg 300w, https:\/\/hedinn.is\/wp-content\/uploads\/2022\/09\/A-skrifstofu-forstjora-400x267.jpg 400w, https:\/\/hedinn.is\/wp-content\/uploads\/2022\/09\/A-skrifstofu-forstjora-600x400.jpg 600w, https:\/\/hedinn.is\/wp-content\/uploads\/2022\/09\/A-skrifstofu-forstjora-768x512.jpg 768w, https:\/\/hedinn.is\/wp-content\/uploads\/2022\/09\/A-skrifstofu-forstjora.jpg 800w\" data-orig-src=\"https:\/\/hedinn.is\/wp-content\/uploads\/2022\/09\/A-skrifstofu-forstjora-320x202.jpg\" data-srcset=\"https:\/\/hedinn.is\/wp-content\/uploads\/2022\/09\/A-skrifstofu-forstjora-200x133.jpg 200w, https:\/\/hedinn.is\/wp-content\/uploads\/2022\/09\/A-skrifstofu-forstjora-300x200.jpg 300w, https:\/\/hedinn.is\/wp-content\/uploads\/2022\/09\/A-skrifstofu-forstjora-400x267.jpg 400w, https:\/\/hedinn.is\/wp-content\/uploads\/2022\/09\/A-skrifstofu-forstjora-600x400.jpg 600w, https:\/\/hedinn.is\/wp-content\/uploads\/2022\/09\/A-skrifstofu-forstjora-768x512.jpg 768w, https:\/\/hedinn.is\/wp-content\/uploads\/2022\/09\/A-skrifstofu-forstjora.jpg 800w\" data-sizes=\"auto\" \/><div class=\"fusion-rollover\">\n\t<div class=\"fusion-rollover-content\">\n\n\t\t\t\t\t\t\t\t\t\t\t\t\t\t<a class=\"fusion-rollover-link\" href=\"https:\/\/hedinn.is\/en\/sveinn-i-hedni\/\">Sveinn at H\u00e9\u00f0inn<\/a>\n\t\t\t\n\t\t\t\t\t\t\t\t\t\t\t\t\t\t\n\t\t\t\t\t\t\t\t\n\t\t\t\t\t\t\t\t\t\t\t\t\t<div class=\"fusion-rollover-sep\"><\/div>\n\t\t\t\t\n\t\t\t\t\t\t\t\t\t\t\t\t\t\t\t\t\t\t<a class=\"fusion-rollover-gallery\" href=\"https:\/\/hedinn.is\/wp-content\/uploads\/2022\/09\/A-skrifstofu-forstjora.jpg\" data-id=\"3678\" data-rel=\"iLightbox[gallery]\" data-title=\"\" data-caption=\"\">\n\t\t\t\t\t\tGallery\t\t\t\t\t<\/a>\n\t\t\t\t\t\t\t\t\t\t\t\t\t\t\n\t\t\n\t\t\t\t\t\t\t\t\n\t\t\t\t\t\t\t\t\n\t\t\n\t\t\t\t\t\t<a class=\"fusion-link-wrapper\" href=\"https:\/\/hedinn.is\/en\/sveinn-i-hedni\/\" aria-label=\"Sveinn at H\u00e9\u00f0inn\"><\/a>\n\t<\/div>\n<\/div>\n<\/div>\n<\/li>\n\t\t\t\n\t\t\t\n\t\t\t\t\t\t\t\t\t\t\t\t\t\t\t\t\t\t\t\t\t\t\t\t\t\t\t\t\t\t\t\t\t\t\t\t\t\t\t\t\t\t\t\t\t\t\t\t\t\t\t\t\t\t\t\t\t\t\t\t\t\t\t\t\t\t\t\t<\/ul>\n\t<\/div>\n\t<div class=\"fusion-post-content post-content\"><h2 class=\"blog-shortcode-post-title\"><a href=\"https:\/\/hedinn.is\/en\/sveinn-i-hedni\/\">Sveinn at H\u00e9\u00f0inn<\/a><\/h2><\/div><div class=\"fusion-clearfix\"><\/div><\/article>\n<article id=\"blog-1-post-3430\" class=\"fusion-post-medium post-3430 post type-post status-publish format-standard has-post-thumbnail hentry category-hedinn-i-100-ar\">\n\t<style type=\"text\/css\">\n\t\t\n\t\t\n\t\t\n\t\t\n\t\t\t<\/style>\n\n\n\t\t\t<div class=\"fusion-flexslider flexslider fusion-flexslider-loading fusion-post-slideshow\" style=\"\">\n\t\t<ul class=\"slides\">\n\t\t\t\n\t\t\t\t\t\t\t\t\t\t\t\t\t\t<li><div  class=\"fusion-image-wrapper fusion-image-size-fixed\" aria-haspopup=\"true\">\n\t\t\t\t<img decoding=\"async\" width=\"320\" height=\"202\" src=\"data:image\/svg+xml,%3Csvg%20xmlns%3D%27http%3A%2F%2Fwww.w3.org%2F2000%2Fsvg%27%20width%3D%27800%27%20height%3D%27374%27%20viewBox%3D%270%200%20800%20374%27%3E%3Crect%20width%3D%27800%27%20height%3D%27374%27%20fill-opacity%3D%220%22%2F%3E%3C%2Fsvg%3E\" class=\"attachment-blog-medium size-blog-medium lazyload wp-post-image\" alt=\"Sweet victories\" data-orig-src=\"https:\/\/hedinn.is\/wp-content\/uploads\/2022\/09\/Saetir-sigrar-320x202.jpg\" \/><div class=\"fusion-rollover\">\n\t<div class=\"fusion-rollover-content\">\n\n\t\t\t\t\t\t\t\t\t\t\t\t\t\t<a class=\"fusion-rollover-link\" href=\"https:\/\/hedinn.is\/en\/lifleg-felagsstarfsemi-i-hedinsnaustum\/\">Lively Social Life at H\u00e9\u00f0inn<\/a>\n\t\t\t\n\t\t\t\t\t\t\t\t\t\t\t\t\t\t\n\t\t\t\t\t\t\t\t\n\t\t\t\t\t\t\t\t\t\t\t\t\t<div class=\"fusion-rollover-sep\"><\/div>\n\t\t\t\t\n\t\t\t\t\t\t\t\t\t\t\t\t\t\t\t\t\t\t<a class=\"fusion-rollover-gallery\" href=\"https:\/\/hedinn.is\/wp-content\/uploads\/2022\/09\/Saetir-sigrar.jpg\" data-id=\"3430\" data-rel=\"iLightbox[gallery]\" data-title=\"\" data-caption=\"\">\n\t\t\t\t\t\tGallery\t\t\t\t\t<\/a>\n\t\t\t\t\t\t\t\t\t\t\t\t\t\t\n\t\t\n\t\t\t\t\t\t\t\t\n\t\t\t\t\t\t\t\t\n\t\t\n\t\t\t\t\t\t<a class=\"fusion-link-wrapper\" href=\"https:\/\/hedinn.is\/en\/lifleg-felagsstarfsemi-i-hedinsnaustum\/\" aria-label=\"Lively Social Life at H\u00e9\u00f0inn\"><\/a>\n\t<\/div>\n<\/div>\n<\/div>\n<\/li>\n\t\t\t\n\t\t\t\n\t\t\t\t\t\t\t\t\t\t\t\t\t\t\t\t\t\t\t\t\t\t\t\t\t\t\t\t\t\t\t\t\t\t\t\t\t\t\t\t\t\t\t\t\t\t\t\t\t\t\t\t\t\t\t\t\t\t\t\t\t\t\t\t\t\t\t\t<\/ul>\n\t<\/div>\n\t<div class=\"fusion-post-content post-content\"><h2 class=\"blog-shortcode-post-title\"><a href=\"https:\/\/hedinn.is\/en\/lifleg-felagsstarfsemi-i-hedinsnaustum\/\">Lively Social Life at H\u00e9\u00f0inn<\/a><\/h2><\/div><div class=\"fusion-clearfix\"><\/div><\/article>\n<article id=\"blog-1-post-3514\" class=\"fusion-post-medium post-3514 post type-post status-publish format-standard has-post-thumbnail hentry category-hedinn-i-100-ar\">\n\t<style type=\"text\/css\">\n\t\t\n\t\t\n\t\t\n\t\t\n\t\t\t<\/style>\n\n\n\t\t\t<div class=\"fusion-flexslider flexslider fusion-flexslider-loading fusion-post-slideshow\" style=\"\">\n\t\t<ul class=\"slides\">\n\t\t\t\n\t\t\t\t\t\t\t\t\t\t\t\t\t\t<li><div  class=\"fusion-image-wrapper fusion-image-size-fixed\" aria-haspopup=\"true\">\n\t\t\t\t<img decoding=\"async\" width=\"320\" height=\"202\" src=\"https:\/\/hedinn.is\/wp-content\/uploads\/2022\/05\/IMG_8610-320x202.jpg\" class=\"attachment-blog-medium size-blog-medium lazyload wp-post-image\" alt=\"\" srcset=\"data:image\/svg+xml,%3Csvg%20xmlns%3D%27http%3A%2F%2Fwww.w3.org%2F2000%2Fsvg%27%20width%3D%272272%27%20height%3D%271704%27%20viewBox%3D%270%200%202272%201704%27%3E%3Crect%20width%3D%272272%27%20height%3D%271704%27%20fill-opacity%3D%220%22%2F%3E%3C%2Fsvg%3E\" data-orig-src=\"https:\/\/hedinn.is\/wp-content\/uploads\/2022\/05\/IMG_8610-320x202.jpg\" data-srcset=\"https:\/\/hedinn.is\/wp-content\/uploads\/2022\/05\/IMG_8610-320x202.jpg 320w, https:\/\/hedinn.is\/wp-content\/uploads\/2022\/05\/IMG_8610-700x441.jpg 700w\" data-sizes=\"auto\" \/><div class=\"fusion-rollover\">\n\t<div class=\"fusion-rollover-content\">\n\n\t\t\t\t\t\t\t\t\t\t\t\t\t\t<a class=\"fusion-rollover-link\" href=\"https:\/\/hedinn.is\/en\/skarni-og-kalka\/\">Skarni and Kalka<\/a>\n\t\t\t\n\t\t\t\t\t\t\t\t\t\t\t\t\t\t\n\t\t\t\t\t\t\t\t\n\t\t\t\t\t\t\t\t\t\t\t\t\t<div class=\"fusion-rollover-sep\"><\/div>\n\t\t\t\t\n\t\t\t\t\t\t\t\t\t\t\t\t\t\t\t\t\t\t<a class=\"fusion-rollover-gallery\" href=\"https:\/\/hedinn.is\/wp-content\/uploads\/2022\/05\/IMG_8610.jpg\" data-id=\"3514\" data-rel=\"iLightbox[gallery]\" data-title=\"IMG_8610\" data-caption=\"\">\n\t\t\t\t\t\tGallery\t\t\t\t\t<\/a>\n\t\t\t\t\t\t\t\t\t\t\t\t\t\t\n\t\t\n\t\t\t\t\t\t\t\t\n\t\t\t\t\t\t\t\t\n\t\t\n\t\t\t\t\t\t<a class=\"fusion-link-wrapper\" href=\"https:\/\/hedinn.is\/en\/skarni-og-kalka\/\" aria-label=\"Skarni and Kalka\"><\/a>\n\t<\/div>\n<\/div>\n<\/div>\n<\/li>\n\t\t\t\n\t\t\t\n\t\t\t\t\t\t\t\t\t\t\t\t\t\t\t\t\t\t\t\t\t\t\t\t\t\t\t\t\t\t\t\t\t\t\t\t\t\t\t\t\t\t\t\t\t\t\t\t\t\t\t\t\t\t\t\t\t\t\t\t\t\t\t\t\t\t\t\t<\/ul>\n\t<\/div>\n\t<div class=\"fusion-post-content post-content\"><h2 class=\"blog-shortcode-post-title\"><a href=\"https:\/\/hedinn.is\/en\/skarni-og-kalka\/\">Skarni and Kalka<\/a><\/h2><\/div><div class=\"fusion-clearfix\"><\/div><\/article>\n<article id=\"blog-1-post-4834\" class=\"fusion-post-medium post-4834 post type-post status-publish format-standard has-post-thumbnail hentry category-hedinn-i-100-ar\">\n\t<style type=\"text\/css\">\n\t\t\n\t\t\n\t\t\n\t\t\n\t\t\t<\/style>\n\n\n\t\t\t<div class=\"fusion-flexslider flexslider fusion-flexslider-loading fusion-post-slideshow\" style=\"\">\n\t\t<ul class=\"slides\">\n\t\t\t\n\t\t\t\t\t\t\t\t\t\t\t\t\t\t<li><div  class=\"fusion-image-wrapper fusion-image-size-fixed\" aria-haspopup=\"true\">\n\t\t\t\t<img decoding=\"async\" width=\"320\" height=\"202\" src=\"https:\/\/hedinn.is\/wp-content\/uploads\/2022\/09\/Helga_Markusdottir2-min-320x202.jpg\" class=\"attachment-blog-medium size-blog-medium lazyload wp-post-image\" alt=\"\" srcset=\"data:image\/svg+xml,%3Csvg%20xmlns%3D%27http%3A%2F%2Fwww.w3.org%2F2000%2Fsvg%27%20width%3D%27800%27%20height%3D%27533%27%20viewBox%3D%270%200%20800%20533%27%3E%3Crect%20width%3D%27800%27%20height%3D%27533%27%20fill-opacity%3D%220%22%2F%3E%3C%2Fsvg%3E\" data-orig-src=\"https:\/\/hedinn.is\/wp-content\/uploads\/2022\/09\/Helga_Markusdottir2-min-320x202.jpg\" data-srcset=\"https:\/\/hedinn.is\/wp-content\/uploads\/2022\/09\/Helga_Markusdottir2-min-320x202.jpg 320w, https:\/\/hedinn.is\/wp-content\/uploads\/2022\/09\/Helga_Markusdottir2-min-700x441.jpg 700w\" data-sizes=\"auto\" \/><div class=\"fusion-rollover\">\n\t<div class=\"fusion-rollover-content\">\n\n\t\t\t\t\t\t\t\t\t\t\t\t\t\t<a class=\"fusion-rollover-link\" href=\"https:\/\/hedinn.is\/en\/helga-markusdottir-og-eldsmidurinn\/\">Helga Mark\u00fasd\u00f3ttir and Eldsmi\u00f0urinn (The Blacksmith)<\/a>\n\t\t\t\n\t\t\t\t\t\t\t\t\t\t\t\t\t\t\n\t\t\t\t\t\t\t\t\n\t\t\t\t\t\t\t\t\t\t\t\t\t<div class=\"fusion-rollover-sep\"><\/div>\n\t\t\t\t\n\t\t\t\t\t\t\t\t\t\t\t\t\t\t\t\t\t\t<a class=\"fusion-rollover-gallery\" href=\"https:\/\/hedinn.is\/wp-content\/uploads\/2022\/09\/Helga_Markusdottir2-min.jpg\" data-id=\"4834\" data-rel=\"iLightbox[gallery]\" data-title=\"Helga_Markusdottir2-min\" data-caption=\"\">\n\t\t\t\t\t\tGallery\t\t\t\t\t<\/a>\n\t\t\t\t\t\t\t\t\t\t\t\t\t\t\n\t\t\n\t\t\t\t\t\t\t\t\n\t\t\t\t\t\t\t\t\n\t\t\n\t\t\t\t\t\t<a class=\"fusion-link-wrapper\" href=\"https:\/\/hedinn.is\/en\/helga-markusdottir-og-eldsmidurinn\/\" aria-label=\"Helga Mark\u00fasd\u00f3ttir and Eldsmi\u00f0urinn (The Blacksmith)\"><\/a>\n\t<\/div>\n<\/div>\n<\/div>\n<\/li>\n\t\t\t\n\t\t\t\n\t\t\t\t\t\t\t\t\t\t\t\t\t\t\t\t\t\t\t\t\t\t\t\t\t\t\t\t\t\t\t\t\t\t\t\t\t\t\t\t\t\t\t\t\t\t\t\t\t\t\t\t\t\t\t\t\t\t\t\t\t\t\t\t\t\t\t\t<\/ul>\n\t<\/div>\n\t<div class=\"fusion-post-content post-content\"><h2 class=\"blog-shortcode-post-title\"><a href=\"https:\/\/hedinn.is\/en\/helga-markusdottir-og-eldsmidurinn\/\">Helga Mark\u00fasd\u00f3ttir and Eldsmi\u00f0urinn (The Blacksmith)<\/a><\/h2><\/div><div class=\"fusion-clearfix\"><\/div><\/article>\n<article id=\"blog-1-post-3508\" class=\"fusion-post-medium post-3508 post type-post status-publish format-standard has-post-thumbnail hentry category-hedinn-i-100-ar\">\n\t<style type=\"text\/css\">\n\t\t\n\t\t\n\t\t\n\t\t\n\t\t\t<\/style>\n\n\n\t\t\t<div class=\"fusion-flexslider flexslider fusion-flexslider-loading fusion-post-slideshow\" style=\"\">\n\t\t<ul class=\"slides\">\n\t\t\t\n\t\t\t\t\t\t\t\t\t\t\t\t\t\t<li><div  class=\"fusion-image-wrapper fusion-image-size-fixed\" aria-haspopup=\"true\">\n\t\t\t\t<img decoding=\"async\" width=\"320\" height=\"202\" src=\"https:\/\/hedinn.is\/wp-content\/uploads\/2022\/05\/Jarnasmidurinn-320x202.png\" class=\"attachment-blog-medium size-blog-medium lazyload wp-post-image\" alt=\"Jarnasmidurinn\" srcset=\"data:image\/svg+xml,%3Csvg%20xmlns%3D%27http%3A%2F%2Fwww.w3.org%2F2000%2Fsvg%27%20width%3D%271013%27%20height%3D%27723%27%20viewBox%3D%270%200%201013%20723%27%3E%3Crect%20width%3D%271013%27%20height%3D%27723%27%20fill-opacity%3D%220%22%2F%3E%3C%2Fsvg%3E\" data-orig-src=\"https:\/\/hedinn.is\/wp-content\/uploads\/2022\/05\/Jarnasmidurinn-320x202.png\" data-srcset=\"https:\/\/hedinn.is\/wp-content\/uploads\/2022\/05\/Jarnasmidurinn-320x202.png 320w, https:\/\/hedinn.is\/wp-content\/uploads\/2022\/05\/Jarnasmidurinn-700x441.png 700w\" data-sizes=\"auto\" \/><div class=\"fusion-rollover\">\n\t<div class=\"fusion-rollover-content\">\n\n\t\t\t\t\t\t\t\t\t\t\t\t\t\t<a class=\"fusion-rollover-link\" href=\"https:\/\/hedinn.is\/en\/hedinn-og-jarnsmidur-asmundar\/\">H\u00e9\u00f0inn and \u00c1smundur's j\u00e1rnsmi\u00f0ur (Ironworker)<\/a>\n\t\t\t\n\t\t\t\t\t\t\t\t\t\t\t\t\t\t\n\t\t\t\t\t\t\t\t\n\t\t\t\t\t\t\t\t\t\t\t\t\t<div class=\"fusion-rollover-sep\"><\/div>\n\t\t\t\t\n\t\t\t\t\t\t\t\t\t\t\t\t\t\t\t\t\t\t<a class=\"fusion-rollover-gallery\" href=\"https:\/\/hedinn.is\/wp-content\/uploads\/2022\/05\/Jarnasmidurinn.png\" data-id=\"3508\" data-rel=\"iLightbox[gallery]\" data-title=\"\" data-caption=\"\">\n\t\t\t\t\t\tGallery\t\t\t\t\t<\/a>\n\t\t\t\t\t\t\t\t\t\t\t\t\t\t\n\t\t\n\t\t\t\t\t\t\t\t\n\t\t\t\t\t\t\t\t\n\t\t\n\t\t\t\t\t\t<a class=\"fusion-link-wrapper\" href=\"https:\/\/hedinn.is\/en\/hedinn-og-jarnsmidur-asmundar\/\" aria-label=\"H\u00e9\u00f0inn and \u00c1smundur&#039;s j\u00e1rnsmi\u00f0ur (Ironworker)\"><\/a>\n\t<\/div>\n<\/div>\n<\/div>\n<\/li>\n\t\t\t\n\t\t\t\n\t\t\t\t\t\t\t\t\t\t\t\t\t\t\t\t\t\t\t\t\t\t\t\t\t\t\t\t\t\t\t\t\t\t\t\t\t\t\t\t\t\t\t\t\t\t\t\t\t\t\t\t\t\t\t\t\t\t\t\t\t\t\t\t\t\t\t\t<\/ul>\n\t<\/div>\n\t<div class=\"fusion-post-content post-content\"><h2 class=\"blog-shortcode-post-title\"><a href=\"https:\/\/hedinn.is\/en\/hedinn-og-jarnsmidur-asmundar\/\">H\u00e9\u00f0inn and \u00c1smundur's j\u00e1rnsmi\u00f0ur (Ironworker)<\/a><\/h2><\/div><div class=\"fusion-clearfix\"><\/div><\/article>\n<article id=\"blog-1-post-4848\" class=\"fusion-post-medium post-4848 post type-post status-publish format-standard has-post-thumbnail hentry category-hedinn-i-100-ar\">\n\t<style type=\"text\/css\">\n\t\t\n\t\t\n\t\t\n\t\t\n\t\t\t<\/style>\n\n\n\t\t\t<div class=\"fusion-flexslider flexslider fusion-flexslider-loading fusion-post-slideshow\" style=\"\">\n\t\t<ul class=\"slides\">\n\t\t\t\n\t\t\t\t\t\t\t\t\t\t\t\t\t\t<li><div  class=\"fusion-image-wrapper fusion-image-size-fixed\" aria-haspopup=\"true\">\n\t\t\t\t<img decoding=\"async\" width=\"320\" height=\"202\" src=\"https:\/\/hedinn.is\/wp-content\/uploads\/2022\/09\/Oliutankar-320x202.jpg\" class=\"attachment-blog-medium size-blog-medium lazyload wp-post-image\" alt=\"Ol\u00edutankar\" srcset=\"data:image\/svg+xml,%3Csvg%20xmlns%3D%27http%3A%2F%2Fwww.w3.org%2F2000%2Fsvg%27%20width%3D%27800%27%20height%3D%27533%27%20viewBox%3D%270%200%20800%20533%27%3E%3Crect%20width%3D%27800%27%20height%3D%27533%27%20fill-opacity%3D%220%22%2F%3E%3C%2Fsvg%3E\" data-orig-src=\"https:\/\/hedinn.is\/wp-content\/uploads\/2022\/09\/Oliutankar-320x202.jpg\" data-srcset=\"https:\/\/hedinn.is\/wp-content\/uploads\/2022\/09\/Oliutankar-320x202.jpg 320w, https:\/\/hedinn.is\/wp-content\/uploads\/2022\/09\/Oliutankar-700x441.jpg 700w\" data-sizes=\"auto\" \/><div class=\"fusion-rollover\">\n\t<div class=\"fusion-rollover-content\">\n\n\t\t\t\t\t\t\t\t\t\t\t\t\t\t<a class=\"fusion-rollover-link\" href=\"https:\/\/hedinn.is\/en\/tankar\/\">Tanks<\/a>\n\t\t\t\n\t\t\t\t\t\t\t\t\t\t\t\t\t\t\n\t\t\t\t\t\t\t\t\n\t\t\t\t\t\t\t\t\t\t\t\t\t<div class=\"fusion-rollover-sep\"><\/div>\n\t\t\t\t\n\t\t\t\t\t\t\t\t\t\t\t\t\t\t\t\t\t\t<a class=\"fusion-rollover-gallery\" href=\"https:\/\/hedinn.is\/wp-content\/uploads\/2022\/09\/Oliutankar.jpg\" data-id=\"4848\" data-rel=\"iLightbox[gallery]\" data-title=\"\" data-caption=\"Ol\u00edutankur \u00e1 Skagastr\u00f6nd Myndirnar eru teknar \u00e1 Skagastr\u00f6nd 1947 og s\u00fdna n\u00fdsm\u00ed\u00f0a\u00f0an ol\u00edugeymi \u00e1samt vinnub\u00fa\u00f0um starfsmanna H\u00e9\u00f0ins sem \u00fe\u00e1 h\u00e9ldu til \u00ed tj\u00f6ldum eins og t\u00ed\u00f0ka\u00f0ist gjarnan. H\u00e6gri myndin s\u00fdnir starfsmenn H\u00e9\u00f0ins ra\u00f0a s\u00e9r \u00ed stiga ol\u00edutanksins a\u00f0 verki loknu. Lj\u00f3smyndir: H\u00f6fundur \u00f3\u00feekktur\/H\u00e9\u00f0inn \">\n\t\t\t\t\t\tGallery\t\t\t\t\t<\/a>\n\t\t\t\t\t\t\t\t\t\t\t\t\t\t\n\t\t\n\t\t\t\t\t\t\t\t\n\t\t\t\t\t\t\t\t\n\t\t\n\t\t\t\t\t\t<a class=\"fusion-link-wrapper\" href=\"https:\/\/hedinn.is\/en\/tankar\/\" aria-label=\"Tanks\"><\/a>\n\t<\/div>\n<\/div>\n<\/div>\n<\/li>\n\t\t\t\n\t\t\t\n\t\t\t\t\t\t\t\t\t\t\t\t\t\t\t\t\t\t\t\t\t\t\t\t\t\t\t\t\t\t\t\t\t\t\t\t\t\t\t\t\t\t\t\t\t\t\t\t\t\t\t\t\t\t\t\t\t\t\t\t\t\t\t\t\t\t\t\t<\/ul>\n\t<\/div>\n\t<div class=\"fusion-post-content post-content\"><h2 class=\"blog-shortcode-post-title\"><a href=\"https:\/\/hedinn.is\/en\/tankar\/\">Tanks<\/a><\/h2><\/div><div class=\"fusion-clearfix\"><\/div><\/article>\n<article id=\"blog-1-post-4851\" class=\"fusion-post-medium post-4851 post type-post status-publish format-standard has-post-thumbnail hentry category-hedinn-i-100-ar\">\n\t<style type=\"text\/css\">\n\t\t\n\t\t\n\t\t\n\t\t\n\t\t\t<\/style>\n\n\n\t\t\t<div class=\"fusion-flexslider flexslider fusion-flexslider-loading fusion-post-slideshow\" style=\"\">\n\t\t<ul class=\"slides\">\n\t\t\t\n\t\t\t\t\t\t\t\t\t\t\t\t\t\t<li><div  class=\"fusion-image-wrapper fusion-image-size-fixed\" aria-haspopup=\"true\">\n\t\t\t\t<img decoding=\"async\" width=\"320\" height=\"202\" src=\"https:\/\/hedinn.is\/wp-content\/uploads\/2022\/09\/Vardskipid-THor-2-320x202.jpg\" class=\"attachment-blog-medium size-blog-medium lazyload wp-post-image\" alt=\"Var\u00f0skipi\u00f0 \u00de\u00f3r 2\" srcset=\"data:image\/svg+xml,%3Csvg%20xmlns%3D%27http%3A%2F%2Fwww.w3.org%2F2000%2Fsvg%27%20width%3D%27800%27%20height%3D%27533%27%20viewBox%3D%270%200%20800%20533%27%3E%3Crect%20width%3D%27800%27%20height%3D%27533%27%20fill-opacity%3D%220%22%2F%3E%3C%2Fsvg%3E\" data-orig-src=\"https:\/\/hedinn.is\/wp-content\/uploads\/2022\/09\/Vardskipid-THor-2-320x202.jpg\" data-srcset=\"https:\/\/hedinn.is\/wp-content\/uploads\/2022\/09\/Vardskipid-THor-2-320x202.jpg 320w, https:\/\/hedinn.is\/wp-content\/uploads\/2022\/09\/Vardskipid-THor-2-700x441.jpg 700w\" data-sizes=\"auto\" \/><div class=\"fusion-rollover\">\n\t<div class=\"fusion-rollover-content\">\n\n\t\t\t\t\t\t\t\t\t\t\t\t\t\t<a class=\"fusion-rollover-link\" href=\"https:\/\/hedinn.is\/en\/samfelld-saga-med-rolls-royce-marine-og-kongsberg\/\">A Continuous History with Rolls Royce Marine and Kongsberg<\/a>\n\t\t\t\n\t\t\t\t\t\t\t\t\t\t\t\t\t\t\n\t\t\t\t\t\t\t\t\n\t\t\t\t\t\t\t\t\t\t\t\t\t<div class=\"fusion-rollover-sep\"><\/div>\n\t\t\t\t\n\t\t\t\t\t\t\t\t\t\t\t\t\t\t\t\t\t\t<a class=\"fusion-rollover-gallery\" href=\"https:\/\/hedinn.is\/wp-content\/uploads\/2022\/09\/Vardskipid-THor-2.jpg\" data-id=\"4851\" data-rel=\"iLightbox[gallery]\" data-title=\"\" data-caption=\"Heimkoman Var\u00f0skipi\u00f0 \u00de\u00f3r kemur \u00ed heimah\u00f6fn \u00e1 \u00cdslandi \u00ed fyrsta sinn og er fagna\u00f0 \u00e1 vi\u00f0eigandi h\u00e1tt. \u00de\u00f3r er hanna\u00f0ur af Rolls Royce Marine og allur a\u00f0alv\u00e9lb\u00fana\u00f0ur skipsins er framleiddur af Rolls Royce og \u00fej\u00f3nusta\u00f0ur af H\u00e9\u00f0insm\u00f6nnum. Lj\u00f3smynd: \u00d3lafur Hauksson\/H\u00e9\u00f0inn\">\n\t\t\t\t\t\tGallery\t\t\t\t\t<\/a>\n\t\t\t\t\t\t\t\t\t\t\t\t\t\t\n\t\t\n\t\t\t\t\t\t\t\t\n\t\t\t\t\t\t\t\t\n\t\t\n\t\t\t\t\t\t<a class=\"fusion-link-wrapper\" href=\"https:\/\/hedinn.is\/en\/samfelld-saga-med-rolls-royce-marine-og-kongsberg\/\" aria-label=\"A Continuous History with Rolls Royce Marine and Kongsberg\"><\/a>\n\t<\/div>\n<\/div>\n<\/div>\n<\/li>\n\t\t\t\n\t\t\t\n\t\t\t\t\t\t\t\t\t\t\t\t\t\t\t\t\t\t\t\t\t\t\t\t\t\t\t\t\t\t\t\t\t\t\t\t\t\t\t\t\t\t\t\t\t\t\t\t\t\t\t\t\t\t\t\t\t\t\t\t\t\t\t\t\t\t\t\t<\/ul>\n\t<\/div>\n\t<div class=\"fusion-post-content post-content\"><h2 class=\"blog-shortcode-post-title\"><a href=\"https:\/\/hedinn.is\/en\/samfelld-saga-med-rolls-royce-marine-og-kongsberg\/\">A Continuous History with Rolls Royce Marine and Kongsberg<\/a><\/h2><\/div><div class=\"fusion-clearfix\"><\/div><\/article>\n<article id=\"blog-1-post-3422\" class=\"fusion-post-medium post-3422 post type-post status-publish format-standard has-post-thumbnail hentry category-hedinn-i-100-ar\">\n\t<style type=\"text\/css\">\n\t\t\n\t\t\n\t\t\n\t\t\n\t\t\t<\/style>\n\n\n\t\t\t<div class=\"fusion-flexslider flexslider fusion-flexslider-loading fusion-post-slideshow\" style=\"\">\n\t\t<ul class=\"slides\">\n\t\t\t\n\t\t\t\t\t\t\t\t\t\t\t\t\t\t<li><div  class=\"fusion-image-wrapper fusion-image-size-fixed\" aria-haspopup=\"true\">\n\t\t\t\t<img decoding=\"async\" width=\"320\" height=\"202\" src=\"https:\/\/hedinn.is\/wp-content\/uploads\/2022\/05\/III1968-320x202.jpg\" class=\"attachment-blog-medium size-blog-medium lazyload wp-post-image\" alt=\"_III1968\" srcset=\"data:image\/svg+xml,%3Csvg%20xmlns%3D%27http%3A%2F%2Fwww.w3.org%2F2000%2Fsvg%27%20width%3D%27800%27%20height%3D%27533%27%20viewBox%3D%270%200%20800%20533%27%3E%3Crect%20width%3D%27800%27%20height%3D%27533%27%20fill-opacity%3D%220%22%2F%3E%3C%2Fsvg%3E\" data-orig-src=\"https:\/\/hedinn.is\/wp-content\/uploads\/2022\/05\/III1968-320x202.jpg\" data-srcset=\"https:\/\/hedinn.is\/wp-content\/uploads\/2022\/05\/III1968-320x202.jpg 320w, https:\/\/hedinn.is\/wp-content\/uploads\/2022\/05\/III1968-700x441.jpg 700w\" data-sizes=\"auto\" \/><div class=\"fusion-rollover\">\n\t<div class=\"fusion-rollover-content\">\n\n\t\t\t\t\t\t\t\t\t\t\t\t\t\t<a class=\"fusion-rollover-link\" href=\"https:\/\/hedinn.is\/en\/hpp-proteinverksmidjan\/\">The HPP-protein plant<\/a>\n\t\t\t\n\t\t\t\t\t\t\t\t\t\t\t\t\t\t\n\t\t\t\t\t\t\t\t\n\t\t\t\t\t\t\t\t\t\t\t\t\t<div class=\"fusion-rollover-sep\"><\/div>\n\t\t\t\t\n\t\t\t\t\t\t\t\t\t\t\t\t\t\t\t\t\t\t<a class=\"fusion-rollover-gallery\" href=\"https:\/\/hedinn.is\/wp-content\/uploads\/2022\/05\/III1968.jpg\" data-id=\"3422\" data-rel=\"iLightbox[gallery]\" data-title=\"\" data-caption=\"HPP ne\u00f0an \u00feilja \u00ed togaranum Ilivileq \">\n\t\t\t\t\t\tGallery\t\t\t\t\t<\/a>\n\t\t\t\t\t\t\t\t\t\t\t\t\t\t\n\t\t\n\t\t\t\t\t\t\t\t\n\t\t\t\t\t\t\t\t\n\t\t\n\t\t\t\t\t\t<a class=\"fusion-link-wrapper\" href=\"https:\/\/hedinn.is\/en\/hpp-proteinverksmidjan\/\" aria-label=\"The HPP-protein plant\"><\/a>\n\t<\/div>\n<\/div>\n<\/div>\n<\/li>\n\t\t\t\n\t\t\t\n\t\t\t\t\t\t\t\t\t\t\t\t\t\t\t\t\t\t\t\t\t\t\t\t\t\t\t\t\t\t\t\t\t\t\t\t\t\t\t\t\t\t\t\t\t\t\t\t\t\t\t\t\t\t\t\t\t\t\t\t\t\t\t\t\t\t\t\t<\/ul>\n\t<\/div>\n\t<div class=\"fusion-post-content post-content\"><h2 class=\"blog-shortcode-post-title\"><a href=\"https:\/\/hedinn.is\/en\/hpp-proteinverksmidjan\/\">The HPP-protein plant<\/a><\/h2><\/div><div class=\"fusion-clearfix\"><\/div><\/article>\n<article id=\"blog-1-post-3454\" class=\"fusion-post-medium post-3454 post type-post status-publish format-standard has-post-thumbnail hentry category-hedinn-i-100-ar\">\n\t<style type=\"text\/css\">\n\t\t\n\t\t\n\t\t\n\t\t\n\t\t\t<\/style>\n\n\n\t\t\t<div class=\"fusion-flexslider flexslider fusion-flexslider-loading fusion-post-slideshow\" style=\"\">\n\t\t<ul class=\"slides\">\n\t\t\t\n\t\t\t\t\t\t\t\t\t\t\t\t\t\t<li><div  class=\"fusion-image-wrapper fusion-image-size-fixed\" aria-haspopup=\"true\">\n\t\t\t\t<img decoding=\"async\" width=\"320\" height=\"202\" src=\"https:\/\/hedinn.is\/wp-content\/uploads\/2022\/04\/VRIV5466-320x202.jpg\" class=\"attachment-blog-medium size-blog-medium lazyload wp-post-image\" alt=\"Hrein orka\" srcset=\"data:image\/svg+xml,%3Csvg%20xmlns%3D%27http%3A%2F%2Fwww.w3.org%2F2000%2Fsvg%27%20width%3D%27800%27%20height%3D%27533%27%20viewBox%3D%270%200%20800%20533%27%3E%3Crect%20width%3D%27800%27%20height%3D%27533%27%20fill-opacity%3D%220%22%2F%3E%3C%2Fsvg%3E\" data-orig-src=\"https:\/\/hedinn.is\/wp-content\/uploads\/2022\/04\/VRIV5466-320x202.jpg\" data-srcset=\"https:\/\/hedinn.is\/wp-content\/uploads\/2022\/04\/VRIV5466-320x202.jpg 320w, https:\/\/hedinn.is\/wp-content\/uploads\/2022\/04\/VRIV5466-700x441.jpg 700w\" data-sizes=\"auto\" \/><div class=\"fusion-rollover\">\n\t<div class=\"fusion-rollover-content\">\n\n\t\t\t\t\t\t\t\t\t\t\t\t\t\t<a class=\"fusion-rollover-link\" href=\"https:\/\/hedinn.is\/en\/thatttaka-i-fjolbreyttum-nyskopunarverkefnum\/\">Involved in a Wide Range of Innovation Projects<\/a>\n\t\t\t\n\t\t\t\t\t\t\t\t\t\t\t\t\t\t\n\t\t\t\t\t\t\t\t\n\t\t\t\t\t\t\t\t\t\t\t\t\t<div class=\"fusion-rollover-sep\"><\/div>\n\t\t\t\t\n\t\t\t\t\t\t\t\t\t\t\t\t\t\t\t\t\t\t<a class=\"fusion-rollover-gallery\" href=\"https:\/\/hedinn.is\/wp-content\/uploads\/2022\/04\/VRIV5466.jpg\" data-id=\"3454\" data-rel=\"iLightbox[gallery]\" data-title=\"\" data-caption=\"Hrein orka Fr\u00e1 verksmi\u00f0ju Vaxa Technologies sem er \u00ed Jar\u00f0hitagar\u00f0i Orku n\u00e1tt\u00farunnar \u00e1 Hellishei\u00f0i. Lj\u00f3smynd: P\u00e1ll Stef\u00e1nsson\/H\u00e9\u00f0inn\">\n\t\t\t\t\t\tGallery\t\t\t\t\t<\/a>\n\t\t\t\t\t\t\t\t\t\t\t\t\t\t\n\t\t\n\t\t\t\t\t\t\t\t\n\t\t\t\t\t\t\t\t\n\t\t\n\t\t\t\t\t\t<a class=\"fusion-link-wrapper\" href=\"https:\/\/hedinn.is\/en\/thatttaka-i-fjolbreyttum-nyskopunarverkefnum\/\" aria-label=\"Involved in a Wide Range of Innovation Projects\"><\/a>\n\t<\/div>\n<\/div>\n<\/div>\n<\/li>\n\t\t\t\n\t\t\t\n\t\t\t\t\t\t\t\t\t\t\t\t\t\t\t\t\t\t\t\t\t\t\t\t\t\t\t\t\t\t\t\t\t\t\t\t\t\t\t\t\t\t\t\t\t\t\t\t\t\t\t\t\t\t\t\t\t\t\t\t\t\t\t\t\t\t\t\t<\/ul>\n\t<\/div>\n\t<div class=\"fusion-post-content post-content\"><h2 class=\"blog-shortcode-post-title\"><a href=\"https:\/\/hedinn.is\/en\/thatttaka-i-fjolbreyttum-nyskopunarverkefnum\/\">Involved in a Wide Range of Innovation Projects<\/a><\/h2><\/div><div class=\"fusion-clearfix\"><\/div><\/article>\n<article id=\"blog-1-post-4858\" class=\"fusion-post-medium post-4858 post type-post status-publish format-standard has-post-thumbnail hentry category-hedinn-i-100-ar\">\n\t<style type=\"text\/css\">\n\t\t\n\t\t\n\t\t\n\t\t\n\t\t\t<\/style>\n\n\n\t\t\t<div class=\"fusion-flexslider flexslider fusion-flexslider-loading fusion-post-slideshow\" style=\"\">\n\t\t<ul class=\"slides\">\n\t\t\t\n\t\t\t\t\t\t\t\t\t\t\t\t\t\t<li><div  class=\"fusion-image-wrapper fusion-image-size-fixed\" aria-haspopup=\"true\">\n\t\t\t\t<img decoding=\"async\" width=\"320\" height=\"202\" src=\"https:\/\/hedinn.is\/wp-content\/uploads\/2022\/09\/Sveinssynir-320x202.jpg\" class=\"attachment-blog-medium size-blog-medium lazyload wp-post-image\" alt=\"Sveinssynir\" srcset=\"data:image\/svg+xml,%3Csvg%20xmlns%3D%27http%3A%2F%2Fwww.w3.org%2F2000%2Fsvg%27%20width%3D%27800%27%20height%3D%27533%27%20viewBox%3D%270%200%20800%20533%27%3E%3Crect%20width%3D%27800%27%20height%3D%27533%27%20fill-opacity%3D%220%22%2F%3E%3C%2Fsvg%3E\" data-orig-src=\"https:\/\/hedinn.is\/wp-content\/uploads\/2022\/09\/Sveinssynir-320x202.jpg\" data-srcset=\"https:\/\/hedinn.is\/wp-content\/uploads\/2022\/09\/Sveinssynir-320x202.jpg 320w, https:\/\/hedinn.is\/wp-content\/uploads\/2022\/09\/Sveinssynir-700x441.jpg 700w\" data-sizes=\"auto\" \/><div class=\"fusion-rollover\">\n\t<div class=\"fusion-rollover-content\">\n\n\t\t\t\t\t\t\t\t\t\t\t\t\t\t<a class=\"fusion-rollover-link\" href=\"https:\/\/hedinn.is\/en\/braedur-vid-stjorn\/\">Brothers in Charge<\/a>\n\t\t\t\n\t\t\t\t\t\t\t\t\t\t\t\t\t\t\n\t\t\t\t\t\t\t\t\n\t\t\t\t\t\t\t\t\t\t\t\t\t<div class=\"fusion-rollover-sep\"><\/div>\n\t\t\t\t\n\t\t\t\t\t\t\t\t\t\t\t\t\t\t\t\t\t\t<a class=\"fusion-rollover-gallery\" href=\"https:\/\/hedinn.is\/wp-content\/uploads\/2022\/09\/Sveinssynir.jpg\" data-id=\"4858\" data-rel=\"iLightbox[gallery]\" data-title=\"\" data-caption=\"Sveinssynir Sverrir til vinstri og Gu\u00f0mundur Sveinn \u00ed smi\u00f0ju H\u00e9\u00f0ins vi\u00f0 Gj\u00e1hellu. Lj\u00f3smynd: Baldur Kristj\u00e1nsson\/H\u00e9\u00f0inn\">\n\t\t\t\t\t\tGallery\t\t\t\t\t<\/a>\n\t\t\t\t\t\t\t\t\t\t\t\t\t\t\n\t\t\n\t\t\t\t\t\t\t\t\n\t\t\t\t\t\t\t\t\n\t\t\n\t\t\t\t\t\t<a class=\"fusion-link-wrapper\" href=\"https:\/\/hedinn.is\/en\/braedur-vid-stjorn\/\" aria-label=\"Brothers in Charge\"><\/a>\n\t<\/div>\n<\/div>\n<\/div>\n<\/li>\n\t\t\t\n\t\t\t\n\t\t\t\t\t\t\t\t\t\t\t\t\t\t\t\t\t\t\t\t\t\t\t\t\t\t\t\t\t\t\t\t\t\t\t\t\t\t\t\t\t\t\t\t\t\t\t\t\t\t\t\t\t\t\t\t\t\t\t\t\t\t\t\t\t\t\t\t<\/ul>\n\t<\/div>\n\t<div class=\"fusion-post-content post-content\"><h2 class=\"blog-shortcode-post-title\"><a href=\"https:\/\/hedinn.is\/en\/braedur-vid-stjorn\/\">Brothers in Charge<\/a><\/h2><\/div><div class=\"fusion-clearfix\"><\/div><\/article>\n<article id=\"blog-1-post-4864\" class=\"fusion-post-medium post-4864 post type-post status-publish format-standard has-post-thumbnail hentry category-hedinn-i-100-ar\">\n\t<style type=\"text\/css\">\n\t\t\n\t\t\n\t\t\n\t\t\n\t\t\t<\/style>\n\n\n\t\t\t<div class=\"fusion-flexslider flexslider fusion-flexslider-loading fusion-post-slideshow\" style=\"\">\n\t\t<ul class=\"slides\">\n\t\t\t\n\t\t\t\t\t\t\t\t\t\t\t\t\t\t<li><div  class=\"fusion-image-wrapper fusion-image-size-fixed\" aria-haspopup=\"true\">\n\t\t\t\t<img decoding=\"async\" width=\"320\" height=\"202\" src=\"https:\/\/hedinn.is\/wp-content\/uploads\/2022\/09\/Lykilmenn-320x202.jpg\" class=\"attachment-blog-medium size-blog-medium lazyload wp-post-image\" alt=\"Lykilmenn\" srcset=\"data:image\/svg+xml,%3Csvg%20xmlns%3D%27http%3A%2F%2Fwww.w3.org%2F2000%2Fsvg%27%20width%3D%27800%27%20height%3D%27533%27%20viewBox%3D%270%200%20800%20533%27%3E%3Crect%20width%3D%27800%27%20height%3D%27533%27%20fill-opacity%3D%220%22%2F%3E%3C%2Fsvg%3E\" data-orig-src=\"https:\/\/hedinn.is\/wp-content\/uploads\/2022\/09\/Lykilmenn-320x202.jpg\" data-srcset=\"https:\/\/hedinn.is\/wp-content\/uploads\/2022\/09\/Lykilmenn-320x202.jpg 320w, https:\/\/hedinn.is\/wp-content\/uploads\/2022\/09\/Lykilmenn-700x441.jpg 700w\" data-sizes=\"auto\" \/><div class=\"fusion-rollover\">\n\t<div class=\"fusion-rollover-content\">\n\n\t\t\t\t\t\t\t\t\t\t\t\t\t\t<a class=\"fusion-rollover-link\" href=\"https:\/\/hedinn.is\/en\/uppstokkun-i-eignarhaldi\/\">Restructuring of Ownership<\/a>\n\t\t\t\n\t\t\t\t\t\t\t\t\t\t\t\t\t\t\n\t\t\t\t\t\t\t\t\n\t\t\t\t\t\t\t\t\t\t\t\t\t<div class=\"fusion-rollover-sep\"><\/div>\n\t\t\t\t\n\t\t\t\t\t\t\t\t\t\t\t\t\t\t\t\t\t\t<a class=\"fusion-rollover-gallery\" href=\"https:\/\/hedinn.is\/wp-content\/uploads\/2022\/09\/Lykilmenn.jpg\" data-id=\"4864\" data-rel=\"iLightbox[gallery]\" data-title=\"\" data-caption=\"Lykilmenn Fr\u00e1 vinstri, Ingimar Bjarnason, R\u00f6gnvaldur Einarsson, n\u00faverandi framkv\u00e6mdastj\u00f3ri og Gunnar P\u00e1lsson. \u00deeir hafa fari\u00f0 me\u00f0 45 pr\u00f3sent hlut \u00ed H\u00e9\u00f0ni fr\u00e1 \u00e1rinu 2004. Lj\u00f3smynd: Baldur Kristj\u00e1nsson\/H\u00e9\u00f0inn\">\n\t\t\t\t\t\tGallery\t\t\t\t\t<\/a>\n\t\t\t\t\t\t\t\t\t\t\t\t\t\t\n\t\t\n\t\t\t\t\t\t\t\t\n\t\t\t\t\t\t\t\t\n\t\t\n\t\t\t\t\t\t<a class=\"fusion-link-wrapper\" href=\"https:\/\/hedinn.is\/en\/uppstokkun-i-eignarhaldi\/\" aria-label=\"Restructuring of Ownership\"><\/a>\n\t<\/div>\n<\/div>\n<\/div>\n<\/li>\n\t\t\t\n\t\t\t\n\t\t\t\t\t\t\t\t\t\t\t\t\t\t\t\t\t\t\t\t\t\t\t\t\t\t\t\t\t\t\t\t\t\t\t\t\t\t\t\t\t\t\t\t\t\t\t\t\t\t\t\t\t\t\t\t\t\t\t\t\t\t\t\t\t\t\t\t<\/ul>\n\t<\/div>\n\t<div class=\"fusion-post-content post-content\"><h2 class=\"blog-shortcode-post-title\"><a href=\"https:\/\/hedinn.is\/en\/uppstokkun-i-eignarhaldi\/\">Restructuring of Ownership<\/a><\/h2><\/div><div class=\"fusion-clearfix\"><\/div><\/article>\n<\/div><\/div><\/div><style type=\"text\/css\">.fusion-body .fusion-builder-column-1{width:16.666666666667% !important;margin-top : 10px;margin-bottom : 10px;}.fusion-builder-column-1 > .fusion-column-wrapper {padding-top : 0px !important;padding-right : 0px !important;margin-right : 11.52%;padding-bottom : 0px !important;padding-left : 0px !important;margin-left : 11.52%;}@media only screen and (max-width:1024px) {.fusion-body .fusion-builder-column-1{width:100% !important;order : 0;}.fusion-builder-column-1 > .fusion-column-wrapper {margin-right : 1.92%;margin-left : 1.92%;}}@media only screen and (max-width:640px) {.fusion-body .fusion-builder-column-1{width:100% !important;order : 0;}.fusion-builder-column-1 > .fusion-column-wrapper {margin-right : 1.92%;margin-left : 1.92%;}}<\/style><\/div><\/div><style type=\"text\/css\">.fusion-body .fusion-flex-container.fusion-builder-row-1{ padding-top : 0px;margin-top : 0px;padding-right : 0px;padding-bottom : 80px;margin-bottom : 0px;padding-left : 0px;}@media only screen and (max-width:1024px) {.fusion-body .fusion-flex-container.fusion-builder-row-1{ padding-right : 60px;padding-left : 60px;}}<\/style><\/div><div class=\"fusion-fullwidth fullwidth-box fusion-builder-row-2 fusion-flex-container nonhundred-percent-fullwidth non-hundred-percent-height-scrolling\" style=\"background-color: #0072bc;background-position: left top;background-repeat: no-repeat;border-width: 0px 0px 0px 0px;border-color:#e7e4e2;border-style:solid;\" ><div class=\"fusion-builder-row fusion-row fusion-flex-align-items-flex-start\" style=\"max-width:calc( 1100px + 0px );margin-left: calc(-0px \/ 2 );margin-right: calc(-0px \/ 2 );\"><div class=\"fusion-layout-column fusion_builder_column fusion-builder-column-2 fusion_builder_column_1_1 1_1 fusion-flex-column fusion-flex-align-self-flex-start fusion-column-no-min-height\"><div class=\"fusion-column-wrapper fusion-flex-justify-content-flex-start fusion-content-layout-column\" style=\"background-position:left top;background-blend-mode: overlay;background-repeat:no-repeat;-webkit-background-size:cover;-moz-background-size:cover;-o-background-size:cover;background-size:cover;padding: 0px 0px 0px 0px;\"><style type=\"text\/css\">@media only screen and (max-width:1024px) {.fusion-title.fusion-title-3{margin-top:10px!important; margin-right:0px!important;margin-bottom:24px!important;margin-left:0px!important;}}@media only screen and (max-width:640px) {.fusion-title.fusion-title-3{margin-top:10px!important; margin-right:0px!important;margin-bottom:20px!important; margin-left:0px!important;}}<\/style><div class=\"fusion-title title fusion-title-3 fusion-sep-none fusion-title-center fusion-title-text fusion-title-size-two\" style=\"margin-top:10px;margin-right:0px;margin-bottom:24px;margin-left:0px;\"><h2 class=\"title-heading-center fusion-responsive-typography-calculated\" style=\"margin:0;color:#ffffff;--fontSize:34;line-height:1.47;\">Send us a message<\/h2><\/div><div class=\"fusion-separator fusion-full-width-sep\" style=\"align-self: center;margin-left: auto;margin-right: auto;margin-top:-25px;width:100%;\"><\/div><div class=\"fusion-text fusion-text-4\" style=\"color:#ffffff;\"><p style=\"text-align: center; font-size: 20px;\">Fill out the form<\/p>\n<\/div><div class=\"fusion-separator fusion-full-width-sep\" style=\"align-self: center;margin-left: auto;margin-right: auto;margin-top:15px;width:100%;\"><\/div><style>.fusion-form-form-wrapper .fusion-form-2074 .fusion-form-tooltip .fusion-form-tooltip-content{color:#ffffff !important;background-color:#ffffff !important;border-color:#ffffff !important;}.fusion-form-form-wrapper .fusion-form-2074 input[type=\"date\"],.fusion-form-form-wrapper .fusion-form-2074 input[type=\"datetime-local\"],.fusion-form-form-wrapper .fusion-form-2074 input[type=\"email\"],.fusion-form-form-wrapper .fusion-form-2074 input[type=\"month\"],.fusion-form-form-wrapper .fusion-form-2074 input[type=\"number\"],.fusion-form-form-wrapper .fusion-form-2074 input[type=\"password\"],.fusion-form-form-wrapper .fusion-form-2074 input[type=\"search\"],.fusion-form-form-wrapper .fusion-form-2074 input[type=\"tel\"],.fusion-form-form-wrapper .fusion-form-2074 input[type=\"phone-number\"],.fusion-form-form-wrapper .fusion-form-2074 input[type=\"text\"],.fusion-form-form-wrapper .fusion-form-2074 input[type=\"time\"],.fusion-form-form-wrapper .fusion-form-2074 input[type=\"url\"],.fusion-form-form-wrapper .fusion-form-2074 input[type=\"week\"],.fusion-form-form-wrapper .fusion-form-2074 input[type=\"datetime\"],.fusion-form-form-wrapper .fusion-form-2074 select,.fusion-form-form-wrapper .fusion-form-2074 textarea,.fusion-form-form-wrapper .fusion-form-2074 input[type=\"upload\"]{background-color:#ffffff;color:#000000;}.fusion-form-form-wrapper .fusion-form-2074 input::placeholder{color:rgba(0,0,0,0.5);}.fusion-form-form-wrapper .fusion-form-2074 textarea::placeholder{color:rgba(0,0,0,0.5);}.fusion-form-form-wrapper .fusion-form-2074 select:invalid{color:rgba(0,0,0,0.5);}.fusion-form-form-wrapper .fusion-form-2074 option{color:#000000;}.fusion-form-form-wrapper .fusion-form-2074 .fusion-form-input-with-icon > i{color:#000000 !important;}.fusion-form-form-wrapper .fusion-form-2074 input.fusion-form-upload-field::placeholder{color:#000000;}.fusion-form-form-wrapper .fusion-form-2074 .fusion-select-wrapper .select-arrow path{stroke:#000000 !important;}<\/style><div class=\"fusion-form fusion-form-builder fusion-form-form-wrapper fusion-form-2074\" data-form-id=\"2074\" data-config=\"{&quot;form_id&quot;:&quot;2074&quot;,&quot;form_post_id&quot;:&quot;2074&quot;,&quot;post_id&quot;:4864,&quot;form_type&quot;:&quot;database_email&quot;,&quot;confirmation_type&quot;:&quot;message&quot;,&quot;redirect_url&quot;:&quot;&quot;,&quot;field_labels&quot;:{&quot;name&quot;:&quot;&quot;,&quot;email&quot;:&quot;&quot;,&quot;skilabod&quot;:&quot;&quot;},&quot;field_logics&quot;:{&quot;name&quot;:&quot;&quot;,&quot;email&quot;:&quot;&quot;,&quot;skilabod&quot;:&quot;&quot;}}\"><form action=\"https:\/\/hedinn.is\/en\/uppstokkun-i-eignarhaldi\/\" method=\"post\" class=\"fusion-form fusion-form-2074\" data-trp-original-action=\"https:\/\/hedinn.is\/en\/uppstokkun-i-eignarhaldi\/\"><div class=\"fusion-fullwidth fullwidth-box fusion-builder-row-2-1 fusion-flex-container nonhundred-percent-fullwidth non-hundred-percent-height-scrolling\" style=\"background-color: #0072bc;background-position: center center;background-repeat: no-repeat;border-width: 0px 0px 0px 0px;border-color:#e7e4e2;border-style:solid;\" ><div class=\"fusion-builder-row fusion-row fusion-flex-align-items-flex-start\" style=\"width:104% !important;max-width:104% !important;margin-left: calc(-4% \/ 2 );margin-right: calc(-4% \/ 2 );\"><div class=\"fusion-layout-column fusion_builder_column fusion-builder-column-3 fusion-flex-column\"><div class=\"fusion-column-wrapper fusion-flex-justify-content-flex-start fusion-content-layout-column\" style=\"background-position:left top;background-repeat:no-repeat;-webkit-background-size:cover;-moz-background-size:cover;-o-background-size:cover;background-size:cover;background-color:#0072bc;padding: 0px 0px 0px 0px;\"><div class=\"fusion-form-field fusion-form-text-field fusion-form-label-above\" data-form-id=\"2074\"><input type=\"text\" name=\"name\" id=\"name\" value=\"\"  class=\"fusion-form-input\" placeholder=\"Name\" data-holds-private-data=\"false\" minlength=\"0\"\/><\/div><\/div><style type=\"text\/css\">.fusion-body .fusion-builder-column-3{width:26% !important;margin-top : 10px;margin-bottom : 10px;}.fusion-builder-column-3 > .fusion-column-wrapper {padding-top : 0px !important;padding-right : 0px !important;margin-right : 1.1076923076923%;padding-bottom : 0px !important;padding-left : 0px !important;margin-left : 7.3846153846154%;}@media only screen and (max-width:1024px) {.fusion-body .fusion-builder-column-3{width:100% !important;order : 0;}.fusion-builder-column-3 > .fusion-column-wrapper {margin-right : 1.92%;margin-left : 1.92%;}}@media only screen and (max-width:640px) {.fusion-body .fusion-builder-column-3{width:100% !important;order : 0;}.fusion-builder-column-3 > .fusion-column-wrapper {margin-right : 1.92%;margin-left : 1.92%;}}<\/style><\/div><div class=\"fusion-layout-column fusion_builder_column fusion-builder-column-4 fusion-flex-column\"><div class=\"fusion-column-wrapper fusion-flex-justify-content-flex-start fusion-content-layout-column\" style=\"background-position:left top;background-repeat:no-repeat;-webkit-background-size:cover;-moz-background-size:cover;-o-background-size:cover;background-size:cover;background-color:#0072bc;padding: 0px 0px 0px 0px;\"><div class=\"fusion-form-field fusion-form-email-field fusion-form-label-above\" data-form-id=\"2074\"><input type=\"email\" name=\"email\" id=\"email\" value=\"\"  class=\"fusion-form-input\" placeholder=\"Email\" data-holds-private-data=\"false\"\/><\/div><\/div><style type=\"text\/css\">.fusion-body .fusion-builder-column-4{width:26% !important;margin-top : 10px;margin-bottom : 10px;}.fusion-builder-column-4 > .fusion-column-wrapper {padding-top : 0px !important;padding-right : 0px !important;margin-right : 1.8461538461538%;padding-bottom : 0px !important;padding-left : 0px !important;margin-left : 2.9538461538462%;}@media only screen and (max-width:1024px) {.fusion-body .fusion-builder-column-4{width:100% !important;order : 0;}.fusion-builder-column-4 > .fusion-column-wrapper {margin-right : 1.92%;margin-left : 1.92%;}}@media only screen and (max-width:640px) {.fusion-body .fusion-builder-column-4{width:100% !important;order : 0;}.fusion-builder-column-4 > .fusion-column-wrapper {margin-right : 1.92%;margin-left : 1.92%;}}<\/style><\/div><div class=\"fusion-layout-column fusion_builder_column fusion-builder-column-5 fusion-flex-column fusion-flex-align-self-center\"><div class=\"fusion-column-wrapper fusion-flex-justify-content-flex-start fusion-content-layout-column\" style=\"background-position:left top;background-repeat:no-repeat;-webkit-background-size:cover;-moz-background-size:cover;-o-background-size:cover;background-size:cover;background-color:#0072bc;padding: 0px 0px 0px 0px;\"><div class=\"fusion-form-field fusion-form-text-field fusion-form-label-above\" data-form-id=\"2074\"><input type=\"text\" name=\"skilabod\" id=\"skilabod\" value=\"\"  class=\"fusion-form-input\" placeholder=\"Message\" data-holds-private-data=\"false\" minlength=\"0\"\/><\/div><\/div><style type=\"text\/css\">.fusion-body .fusion-builder-column-5{width:26% !important;margin-top : 10px;margin-bottom : 10px;}.fusion-builder-column-5 > .fusion-column-wrapper {padding-top : 0px !important;padding-right : 0px !important;margin-right : 1.8461538461538%;padding-bottom : 0px !important;padding-left : 0px !important;margin-left : 2.2153846153846%;}@media only screen and (max-width:1024px) {.fusion-body .fusion-builder-column-5{width:100% !important;order : 0;}.fusion-builder-column-5 > .fusion-column-wrapper {margin-right : 1.92%;margin-left : 1.92%;}}@media only screen and (max-width:640px) {.fusion-body .fusion-builder-column-5{width:100% !important;order : 0;}.fusion-builder-column-5 > .fusion-column-wrapper {margin-right : 1.92%;margin-left : 1.92%;}}<\/style><\/div><div class=\"fusion-layout-column fusion_builder_column fusion-builder-column-6 fusion-flex-column\"><div class=\"fusion-column-wrapper fusion-flex-justify-content-flex-start fusion-content-layout-column\" style=\"background-position:left top;background-repeat:no-repeat;-webkit-background-size:cover;-moz-background-size:cover;-o-background-size:cover;background-size:cover;padding: 2px 0px 0px 0px;\"><div class=\"fusion-form-field fusion-form-submit-field fusion-form-label-above\" data-form-id=\"2074\"><div ><style>.fusion-button.button-1{border-radius:0px 0px 0px 0px;}<\/style><button type=\"submit\" class=\"fusion-button button-flat fusion-button-default-size button-default button-1 fusion-button-default-span  form-form-submit button-default\" data-form-number=\"2074\" style=\"margin-top:0px;width:calc(100%);\" tabindex=\"\"><span class=\"fusion-button-text\">Send <\/span><\/button><\/div><\/div><\/div><style type=\"text\/css\">.fusion-body .fusion-builder-column-6{width:20% !important;margin-top : 10px;margin-bottom : 10px;}.fusion-builder-column-6 > .fusion-column-wrapper {padding-top : 2px !important;padding-right : 0px !important;margin-right : 0%;padding-bottom : 0px !important;padding-left : 0px !important;margin-left : 2.88%;}@media only screen and (max-width:1024px) {.fusion-body .fusion-builder-column-6{width:100% !important;order : 0;}.fusion-builder-column-6 > .fusion-column-wrapper {margin-right : 1.92%;margin-left : 1.92%;}}@media only screen and (max-width:640px) {.fusion-body .fusion-builder-column-6{width:100% !important;order : 0;}.fusion-builder-column-6 > .fusion-column-wrapper {margin-right : 1.92%;margin-left : 1.92%;}}<\/style><\/div><div class=\"fusion-layout-column fusion_builder_column fusion-builder-column-7 fusion_builder_column_2_3 2_3 fusion-flex-column\"><div class=\"fusion-column-wrapper fusion-flex-justify-content-flex-start fusion-content-layout-column\" style=\"background-position:left top;background-repeat:no-repeat;-webkit-background-size:cover;-moz-background-size:cover;-o-background-size:cover;background-size:cover;padding: 0px 0px 0px 0px;\"><div class=\"form-submission-notices\" id=\"fusion-notices-1\"><div class=\"fusion-alert alert success alert-success fusion-alert-center fusion-form-response fusion-form-response-success fusion-alert-capitalize alert-dismissable\" style=\"background-color:#0072bc;color:#ffffff;border-color:#ffffff;border-width:1px;\"><button type=\"button\" class=\"close toggle-alert\" data-dismiss=\"alert\" aria-label=\"Close\">x<\/button><div class=\"fusion-alert-content-wrapper\"><span class=\"alert-icon\"><i class=\"fa-lg fa fa-check-circle\" aria-hidden=\"true\"><\/i><\/span><span class=\"fusion-alert-content\">Thank you for contacting H\u00e9\u00f0inn. We will respond to you as soon as possible.<\/span><\/div><\/div><div class=\"fusion-alert alert error alert-danger fusion-alert-center fusion-form-response fusion-form-response-error fusion-alert-capitalize alert-dismissable\" style=\"background-color:#f2dede;color:#a64242;border-color:#a64242;border-width:1px;\"><button type=\"button\" class=\"close toggle-alert\" data-dismiss=\"alert\" aria-label=\"Close\">x<\/button><div class=\"fusion-alert-content-wrapper\"><span class=\"alert-icon\"><i class=\"fa-lg fa fa-exclamation-triangle\" aria-hidden=\"true\"><\/i><\/span><span class=\"fusion-alert-content\">Unfortunately an error occurred when you sent the message. Please try again later.<\/span><\/div><\/div><\/div><\/div><style type=\"text\/css\">.fusion-body .fusion-builder-column-7{width:66.666666666667% !important;margin-top : 10px;margin-bottom : 10px;}.fusion-builder-column-7 > .fusion-column-wrapper {padding-top : 0px !important;padding-right : 0px !important;margin-right : 2.88%;padding-bottom : 0px !important;padding-left : 0px !important;margin-left : 2.88%;}@media only screen and (max-width:1024px) {.fusion-body .fusion-builder-column-7{width:100% !important;order : 0;}.fusion-builder-column-7 > .fusion-column-wrapper {margin-right : 1.92%;margin-left : 1.92%;}}@media only screen and (max-width:640px) {.fusion-body .fusion-builder-column-7{width:100% !important;order : 0;}.fusion-builder-column-7 > .fusion-column-wrapper {margin-right : 1.92%;margin-left : 1.92%;}}<\/style><\/div><\/div><style type=\"text\/css\">.fusion-body .fusion-flex-container.fusion-builder-row-2-1{ padding-top : 0px;margin-top : 0px;padding-right : 0px;padding-bottom : 0px;margin-bottom : 0px;padding-left : 0px;}<\/style><\/div><input type=\"hidden\" name=\"fusion_privacy_store_ip_ua\" value=\"false\"><input type=\"hidden\" name=\"fusion_privacy_expiration_interval\" value=\"48\"><input type=\"hidden\" name=\"privacy_expiration_action\" value=\"ignore\"><input type=\"hidden\" name=\"trp-form-language\" value=\"en\"\/><\/form><\/div><\/div><style type=\"text\/css\">.fusion-body .fusion-builder-column-2{width:100% !important;margin-top : 3%;margin-bottom : 3%;}.fusion-builder-column-2 > .fusion-column-wrapper {padding-top : 0px !important;padding-right : 0px !important;margin-right : 0px;padding-bottom : 0px !important;padding-left : 0px !important;margin-left : 0px;}@media only screen and (max-width:1024px) {.fusion-body .fusion-builder-column-2{width:100% !important;}.fusion-builder-column-2 > .fusion-column-wrapper {margin-right : 0px;margin-left : 0px;}}@media only screen and (max-width:640px) {.fusion-body .fusion-builder-column-2{width:100% !important;}.fusion-builder-column-2 > .fusion-column-wrapper {margin-right : 0px;margin-left : 0px;}}<\/style><\/div><\/div><style type=\"text\/css\">.fusion-body .fusion-flex-container.fusion-builder-row-2{ padding-top : 50px;margin-top : 0px;padding-right : 0px;padding-bottom : 45px;margin-bottom : 0px;padding-left : 0px;}@media only screen and (max-width:640px) {.fusion-body .fusion-flex-container.fusion-builder-row-2{ padding-right : 50px;padding-left : 50px;}}<\/style><\/div>\n<\/p>","protected":false},"excerpt":{"rendered":"<p>The Employees\u2019 Association of H\u00e9\u00f0inn V\u00e9lsmi\u00f0ja was founded on September 11, 1939. Its purpose was to promote educational activities and strengthen social ties among the staff.<\/p>","protected":false},"author":2,"featured_media":4717,"comment_status":"closed","ping_status":"closed","sticky":false,"template":"","format":"standard","meta":{"inline_featured_image":false,"footnotes":""},"categories":[23],"tags":[],"class_list":["post-3430","post","type-post","status-publish","format-standard","has-post-thumbnail","hentry","category-hedinn-i-100-ar"],"yoast_head":"<!-- This site is optimized with the Yoast SEO plugin v25.6 - https:\/\/yoast.com\/wordpress\/plugins\/seo\/ -->\n<title>L\u00edfleg f\u00e9lagsstarfsemi \u00ed H\u00e9\u00f0insnaustum - H\u00e9\u00f0inn<\/title>\n<meta name=\"description\" content=\"H\u00e9\u00f0inn er n\u00fat\u00edma i\u00f0nfyrirt\u00e6ki sem byggir \u00e1 langri reynslu og dj\u00fapri \u00feekkingu \u00ed m\u00e1lmi\u00f0na\u00f0i og v\u00e9lt\u00e6kni. H\u00e9\u00f0inn er eitt st\u00e6rsta og \u00f6flugasta fyrirt\u00e6ki landsins \u00e1 s\u00ednu svi\u00f0i og fagnar 100 \u00e1ra afm\u00e6li \u00e1 \u00e1rinu \u00e1ri\u00f0 202\" \/>\n<meta name=\"robots\" content=\"index, follow, max-snippet:-1, max-image-preview:large, max-video-preview:-1\" \/>\n<link rel=\"canonical\" href=\"https:\/\/hedinn.is\/en\/lifleg-felagsstarfsemi-i-hedinsnaustum\/\" \/>\n<meta property=\"og:locale\" content=\"en_US\" \/>\n<meta property=\"og:type\" content=\"article\" \/>\n<meta property=\"og:title\" content=\"L\u00edfleg f\u00e9lagsstarfsemi \u00ed H\u00e9\u00f0insnaustum - H\u00e9\u00f0inn\" \/>\n<meta property=\"og:description\" content=\"H\u00e9\u00f0inn er n\u00fat\u00edma i\u00f0nfyrirt\u00e6ki sem byggir \u00e1 langri reynslu og dj\u00fapri \u00feekkingu \u00ed m\u00e1lmi\u00f0na\u00f0i og v\u00e9lt\u00e6kni. H\u00e9\u00f0inn er eitt st\u00e6rsta og \u00f6flugasta fyrirt\u00e6ki landsins \u00e1 s\u00ednu svi\u00f0i og fagnar 100 \u00e1ra afm\u00e6li \u00e1 \u00e1rinu \u00e1ri\u00f0 202\" \/>\n<meta property=\"og:url\" content=\"https:\/\/hedinn.is\/en\/lifleg-felagsstarfsemi-i-hedinsnaustum\/\" \/>\n<meta property=\"og:site_name\" content=\"H\u00e9\u00f0inn\" \/>\n<meta property=\"article:publisher\" content=\"https:\/\/www.facebook.com\/Hedinnhf\" \/>\n<meta property=\"article:published_time\" content=\"2018-09-23T11:11:00+00:00\" \/>\n<meta property=\"article:modified_time\" content=\"2022-09-30T11:47:46+00:00\" \/>\n<meta property=\"og:image\" content=\"https:\/\/hedinn.is\/wp-content\/uploads\/2022\/09\/Saetir-sigrar.jpg\" \/>\n\t<meta property=\"og:image:width\" content=\"800\" \/>\n\t<meta property=\"og:image:height\" content=\"374\" \/>\n\t<meta property=\"og:image:type\" content=\"image\/jpeg\" \/>\n<meta name=\"author\" content=\"Laila\" \/>\n<meta name=\"twitter:card\" content=\"summary_large_image\" \/>\n<meta name=\"twitter:label1\" content=\"Written by\" \/>\n\t<meta name=\"twitter:data1\" content=\"Laila\" \/>\n\t<meta name=\"twitter:label2\" content=\"Est. reading time\" \/>\n\t<meta name=\"twitter:data2\" content=\"8 minutes\" \/>\n<script type=\"application\/ld+json\" class=\"yoast-schema-graph\">{\"@context\":\"https:\/\/schema.org\",\"@graph\":[{\"@type\":\"Article\",\"@id\":\"https:\/\/hedinn.is\/lifleg-felagsstarfsemi-i-hedinsnaustum\/#article\",\"isPartOf\":{\"@id\":\"https:\/\/hedinn.is\/lifleg-felagsstarfsemi-i-hedinsnaustum\/\"},\"author\":{\"name\":\"Laila\",\"@id\":\"https:\/\/hedinn.is\/#\/schema\/person\/f17a1ff629efefac2b1fd67316fb1067\"},\"headline\":\"L\u00edfleg f\u00e9lagsstarfsemi \u00ed H\u00e9\u00f0insnaustum\",\"datePublished\":\"2018-09-23T11:11:00+00:00\",\"dateModified\":\"2022-09-30T11:47:46+00:00\",\"mainEntityOfPage\":{\"@id\":\"https:\/\/hedinn.is\/lifleg-felagsstarfsemi-i-hedinsnaustum\/\"},\"wordCount\":3215,\"publisher\":{\"@id\":\"https:\/\/hedinn.is\/#organization\"},\"image\":{\"@id\":\"https:\/\/hedinn.is\/lifleg-felagsstarfsemi-i-hedinsnaustum\/#primaryimage\"},\"thumbnailUrl\":\"https:\/\/hedinn.is\/wp-content\/uploads\/2022\/09\/Saetir-sigrar.jpg\",\"articleSection\":[\"H\u00e9\u00f0inn \u00ed 100 \u00e1r\"],\"inLanguage\":\"en-US\"},{\"@type\":\"WebPage\",\"@id\":\"https:\/\/hedinn.is\/lifleg-felagsstarfsemi-i-hedinsnaustum\/\",\"url\":\"https:\/\/hedinn.is\/lifleg-felagsstarfsemi-i-hedinsnaustum\/\",\"name\":\"L\u00edfleg f\u00e9lagsstarfsemi \u00ed H\u00e9\u00f0insnaustum - H\u00e9\u00f0inn\",\"isPartOf\":{\"@id\":\"https:\/\/hedinn.is\/#website\"},\"primaryImageOfPage\":{\"@id\":\"https:\/\/hedinn.is\/lifleg-felagsstarfsemi-i-hedinsnaustum\/#primaryimage\"},\"image\":{\"@id\":\"https:\/\/hedinn.is\/lifleg-felagsstarfsemi-i-hedinsnaustum\/#primaryimage\"},\"thumbnailUrl\":\"https:\/\/hedinn.is\/wp-content\/uploads\/2022\/09\/Saetir-sigrar.jpg\",\"datePublished\":\"2018-09-23T11:11:00+00:00\",\"dateModified\":\"2022-09-30T11:47:46+00:00\",\"description\":\"H\u00e9\u00f0inn er n\u00fat\u00edma i\u00f0nfyrirt\u00e6ki sem byggir \u00e1 langri reynslu og dj\u00fapri \u00feekkingu \u00ed m\u00e1lmi\u00f0na\u00f0i og v\u00e9lt\u00e6kni. H\u00e9\u00f0inn er eitt st\u00e6rsta og \u00f6flugasta fyrirt\u00e6ki landsins \u00e1 s\u00ednu svi\u00f0i og fagnar 100 \u00e1ra afm\u00e6li \u00e1 \u00e1rinu \u00e1ri\u00f0 202\",\"breadcrumb\":{\"@id\":\"https:\/\/hedinn.is\/lifleg-felagsstarfsemi-i-hedinsnaustum\/#breadcrumb\"},\"inLanguage\":\"en-US\",\"potentialAction\":[{\"@type\":\"ReadAction\",\"target\":[\"https:\/\/hedinn.is\/lifleg-felagsstarfsemi-i-hedinsnaustum\/\"]}]},{\"@type\":\"ImageObject\",\"inLanguage\":\"en-US\",\"@id\":\"https:\/\/hedinn.is\/lifleg-felagsstarfsemi-i-hedinsnaustum\/#primaryimage\",\"url\":\"https:\/\/hedinn.is\/wp-content\/uploads\/2022\/09\/Saetir-sigrar.jpg\",\"contentUrl\":\"https:\/\/hedinn.is\/wp-content\/uploads\/2022\/09\/Saetir-sigrar.jpg\",\"width\":800,\"height\":374,\"caption\":\"S\u00e6tir sigrar\"},{\"@type\":\"BreadcrumbList\",\"@id\":\"https:\/\/hedinn.is\/lifleg-felagsstarfsemi-i-hedinsnaustum\/#breadcrumb\",\"itemListElement\":[{\"@type\":\"ListItem\",\"position\":1,\"name\":\"Home\",\"item\":\"https:\/\/hedinn.is\/\"},{\"@type\":\"ListItem\",\"position\":2,\"name\":\"L\u00edfleg f\u00e9lagsstarfsemi \u00ed H\u00e9\u00f0insnaustum\"}]},{\"@type\":\"WebSite\",\"@id\":\"https:\/\/hedinn.is\/#website\",\"url\":\"https:\/\/hedinn.is\/\",\"name\":\"H\u00e9\u00f0inn\",\"description\":\"1922-2022\",\"publisher\":{\"@id\":\"https:\/\/hedinn.is\/#organization\"},\"potentialAction\":[{\"@type\":\"SearchAction\",\"target\":{\"@type\":\"EntryPoint\",\"urlTemplate\":\"https:\/\/hedinn.is\/?s={search_term_string}\"},\"query-input\":{\"@type\":\"PropertyValueSpecification\",\"valueRequired\":true,\"valueName\":\"search_term_string\"}}],\"inLanguage\":\"en-US\"},{\"@type\":\"Organization\",\"@id\":\"https:\/\/hedinn.is\/#organization\",\"name\":\"H\u00e9\u00f0inn\",\"url\":\"https:\/\/hedinn.is\/\",\"logo\":{\"@type\":\"ImageObject\",\"inLanguage\":\"en-US\",\"@id\":\"https:\/\/hedinn.is\/#\/schema\/logo\/image\/\",\"url\":\"https:\/\/hedinn.is\/wp-content\/uploads\/2022\/04\/HED_Top_RGB.png\",\"contentUrl\":\"https:\/\/hedinn.is\/wp-content\/uploads\/2022\/04\/HED_Top_RGB.png\",\"width\":1209,\"height\":975,\"caption\":\"H\u00e9\u00f0inn\"},\"image\":{\"@id\":\"https:\/\/hedinn.is\/#\/schema\/logo\/image\/\"},\"sameAs\":[\"https:\/\/www.facebook.com\/Hedinnhf\",\"https:\/\/www.instagram.com\/hedinn_hf\/\",\"https:\/\/www.youtube.com\/user\/Hedinnhf\",\"https:\/\/www.linkedin.com\/company\/hedinn-hf\/\"]},{\"@type\":\"Person\",\"@id\":\"https:\/\/hedinn.is\/#\/schema\/person\/f17a1ff629efefac2b1fd67316fb1067\",\"name\":\"Laila\",\"image\":{\"@type\":\"ImageObject\",\"inLanguage\":\"en-US\",\"@id\":\"https:\/\/hedinn.is\/#\/schema\/person\/image\/\",\"url\":\"https:\/\/secure.gravatar.com\/avatar\/4843722baa778d2df0b4314d616a49940843feb74bb5ba60ace871d4a7346fdd?s=96&d=mm&r=g\",\"contentUrl\":\"https:\/\/secure.gravatar.com\/avatar\/4843722baa778d2df0b4314d616a49940843feb74bb5ba60ace871d4a7346fdd?s=96&d=mm&r=g\",\"caption\":\"Laila\"},\"url\":\"https:\/\/hedinn.is\/en\/author\/laila\/\"}]}<\/script>\n<!-- \/ Yoast SEO plugin. -->","yoast_head_json":{"title":"L\u00edfleg f\u00e9lagsstarfsemi \u00ed H\u00e9\u00f0insnaustum - H\u00e9\u00f0inn","description":"H\u00e9\u00f0inn is a modern industrial company built on decades of experience and deep expertise in metalworking and mechanical engineering. H\u00e9\u00f0inn is one of the largest and most powerful companies in Iceland in its field and celebrated its 100th anniversary in the year 2022.","robots":{"index":"index","follow":"follow","max-snippet":"max-snippet:-1","max-image-preview":"max-image-preview:large","max-video-preview":"max-video-preview:-1"},"canonical":"https:\/\/hedinn.is\/en\/lifleg-felagsstarfsemi-i-hedinsnaustum\/","og_locale":"en_US","og_type":"article","og_title":"L\u00edfleg f\u00e9lagsstarfsemi \u00ed H\u00e9\u00f0insnaustum - H\u00e9\u00f0inn","og_description":"H\u00e9\u00f0inn er n\u00fat\u00edma i\u00f0nfyrirt\u00e6ki sem byggir \u00e1 langri reynslu og dj\u00fapri \u00feekkingu \u00ed m\u00e1lmi\u00f0na\u00f0i og v\u00e9lt\u00e6kni. H\u00e9\u00f0inn er eitt st\u00e6rsta og \u00f6flugasta fyrirt\u00e6ki landsins \u00e1 s\u00ednu svi\u00f0i og fagnar 100 \u00e1ra afm\u00e6li \u00e1 \u00e1rinu \u00e1ri\u00f0 202","og_url":"https:\/\/hedinn.is\/en\/lifleg-felagsstarfsemi-i-hedinsnaustum\/","og_site_name":"H\u00e9\u00f0inn","article_publisher":"https:\/\/www.facebook.com\/Hedinnhf","article_published_time":"2018-09-23T11:11:00+00:00","article_modified_time":"2022-09-30T11:47:46+00:00","og_image":[{"width":800,"height":374,"url":"https:\/\/hedinn.is\/wp-content\/uploads\/2022\/09\/Saetir-sigrar.jpg","type":"image\/jpeg"}],"author":"Laila","twitter_card":"summary_large_image","twitter_misc":{"Written by":"Laila","Est. reading time":"8 minutes"},"schema":{"@context":"https:\/\/schema.org","@graph":[{"@type":"Article","@id":"https:\/\/hedinn.is\/lifleg-felagsstarfsemi-i-hedinsnaustum\/#article","isPartOf":{"@id":"https:\/\/hedinn.is\/lifleg-felagsstarfsemi-i-hedinsnaustum\/"},"author":{"name":"Laila","@id":"https:\/\/hedinn.is\/#\/schema\/person\/f17a1ff629efefac2b1fd67316fb1067"},"headline":"L\u00edfleg f\u00e9lagsstarfsemi \u00ed H\u00e9\u00f0insnaustum","datePublished":"2018-09-23T11:11:00+00:00","dateModified":"2022-09-30T11:47:46+00:00","mainEntityOfPage":{"@id":"https:\/\/hedinn.is\/lifleg-felagsstarfsemi-i-hedinsnaustum\/"},"wordCount":3215,"publisher":{"@id":"https:\/\/hedinn.is\/#organization"},"image":{"@id":"https:\/\/hedinn.is\/lifleg-felagsstarfsemi-i-hedinsnaustum\/#primaryimage"},"thumbnailUrl":"https:\/\/hedinn.is\/wp-content\/uploads\/2022\/09\/Saetir-sigrar.jpg","articleSection":["H\u00e9\u00f0inn \u00ed 100 \u00e1r"],"inLanguage":"en-US"},{"@type":"WebPage","@id":"https:\/\/hedinn.is\/lifleg-felagsstarfsemi-i-hedinsnaustum\/","url":"https:\/\/hedinn.is\/lifleg-felagsstarfsemi-i-hedinsnaustum\/","name":"L\u00edfleg f\u00e9lagsstarfsemi \u00ed H\u00e9\u00f0insnaustum - H\u00e9\u00f0inn","isPartOf":{"@id":"https:\/\/hedinn.is\/#website"},"primaryImageOfPage":{"@id":"https:\/\/hedinn.is\/lifleg-felagsstarfsemi-i-hedinsnaustum\/#primaryimage"},"image":{"@id":"https:\/\/hedinn.is\/lifleg-felagsstarfsemi-i-hedinsnaustum\/#primaryimage"},"thumbnailUrl":"https:\/\/hedinn.is\/wp-content\/uploads\/2022\/09\/Saetir-sigrar.jpg","datePublished":"2018-09-23T11:11:00+00:00","dateModified":"2022-09-30T11:47:46+00:00","description":"H\u00e9\u00f0inn is a modern industrial company built on decades of experience and deep expertise in metalworking and mechanical engineering. H\u00e9\u00f0inn is one of the largest and most powerful companies in Iceland in its field and celebrated its 100th anniversary in the year 2022.","breadcrumb":{"@id":"https:\/\/hedinn.is\/lifleg-felagsstarfsemi-i-hedinsnaustum\/#breadcrumb"},"inLanguage":"en-US","potentialAction":[{"@type":"ReadAction","target":["https:\/\/hedinn.is\/lifleg-felagsstarfsemi-i-hedinsnaustum\/"]}]},{"@type":"ImageObject","inLanguage":"en-US","@id":"https:\/\/hedinn.is\/lifleg-felagsstarfsemi-i-hedinsnaustum\/#primaryimage","url":"https:\/\/hedinn.is\/wp-content\/uploads\/2022\/09\/Saetir-sigrar.jpg","contentUrl":"https:\/\/hedinn.is\/wp-content\/uploads\/2022\/09\/Saetir-sigrar.jpg","width":800,"height":374,"caption":"S\u00e6tir sigrar"},{"@type":"BreadcrumbList","@id":"https:\/\/hedinn.is\/lifleg-felagsstarfsemi-i-hedinsnaustum\/#breadcrumb","itemListElement":[{"@type":"ListItem","position":1,"name":"Home","item":"https:\/\/hedinn.is\/"},{"@type":"ListItem","position":2,"name":"L\u00edfleg f\u00e9lagsstarfsemi \u00ed H\u00e9\u00f0insnaustum"}]},{"@type":"WebSite","@id":"https:\/\/hedinn.is\/#website","url":"https:\/\/hedinn.is\/","name":"H\u00e9\u00f0inn","description":"1922-2022","publisher":{"@id":"https:\/\/hedinn.is\/#organization"},"potentialAction":[{"@type":"SearchAction","target":{"@type":"EntryPoint","urlTemplate":"https:\/\/hedinn.is\/?s={search_term_string}"},"query-input":{"@type":"PropertyValueSpecification","valueRequired":true,"valueName":"search_term_string"}}],"inLanguage":"en-US"},{"@type":"Organization","@id":"https:\/\/hedinn.is\/#organization","name":"H\u00e9\u00f0inn","url":"https:\/\/hedinn.is\/","logo":{"@type":"ImageObject","inLanguage":"en-US","@id":"https:\/\/hedinn.is\/#\/schema\/logo\/image\/","url":"https:\/\/hedinn.is\/wp-content\/uploads\/2022\/04\/HED_Top_RGB.png","contentUrl":"https:\/\/hedinn.is\/wp-content\/uploads\/2022\/04\/HED_Top_RGB.png","width":1209,"height":975,"caption":"H\u00e9\u00f0inn"},"image":{"@id":"https:\/\/hedinn.is\/#\/schema\/logo\/image\/"},"sameAs":["https:\/\/www.facebook.com\/Hedinnhf","https:\/\/www.instagram.com\/hedinn_hf\/","https:\/\/www.youtube.com\/user\/Hedinnhf","https:\/\/www.linkedin.com\/company\/hedinn-hf\/"]},{"@type":"Person","@id":"https:\/\/hedinn.is\/#\/schema\/person\/f17a1ff629efefac2b1fd67316fb1067","name":"Laila","image":{"@type":"ImageObject","inLanguage":"en-US","@id":"https:\/\/hedinn.is\/#\/schema\/person\/image\/","url":"https:\/\/secure.gravatar.com\/avatar\/4843722baa778d2df0b4314d616a49940843feb74bb5ba60ace871d4a7346fdd?s=96&d=mm&r=g","contentUrl":"https:\/\/secure.gravatar.com\/avatar\/4843722baa778d2df0b4314d616a49940843feb74bb5ba60ace871d4a7346fdd?s=96&d=mm&r=g","caption":"Laila"},"url":"https:\/\/hedinn.is\/en\/author\/laila\/"}]}},"jetpack_featured_media_url":"https:\/\/hedinn.is\/wp-content\/uploads\/2022\/09\/Saetir-sigrar.jpg","_links":{"self":[{"href":"https:\/\/hedinn.is\/en\/wp-json\/wp\/v2\/posts\/3430","targetHints":{"allow":["GET"]}}],"collection":[{"href":"https:\/\/hedinn.is\/en\/wp-json\/wp\/v2\/posts"}],"about":[{"href":"https:\/\/hedinn.is\/en\/wp-json\/wp\/v2\/types\/post"}],"author":[{"embeddable":true,"href":"https:\/\/hedinn.is\/en\/wp-json\/wp\/v2\/users\/2"}],"replies":[{"embeddable":true,"href":"https:\/\/hedinn.is\/en\/wp-json\/wp\/v2\/comments?post=3430"}],"version-history":[{"count":0,"href":"https:\/\/hedinn.is\/en\/wp-json\/wp\/v2\/posts\/3430\/revisions"}],"wp:featuredmedia":[{"embeddable":true,"href":"https:\/\/hedinn.is\/en\/wp-json\/wp\/v2\/media\/4717"}],"wp:attachment":[{"href":"https:\/\/hedinn.is\/en\/wp-json\/wp\/v2\/media?parent=3430"}],"wp:term":[{"taxonomy":"category","embeddable":true,"href":"https:\/\/hedinn.is\/en\/wp-json\/wp\/v2\/categories?post=3430"},{"taxonomy":"post_tag","embeddable":true,"href":"https:\/\/hedinn.is\/en\/wp-json\/wp\/v2\/tags?post=3430"}],"curies":[{"name":"wp","href":"https:\/\/api.w.org\/{rel}","templated":true}]}}