{"id":3508,"date":"2018-09-20T11:08:14","date_gmt":"2018-09-20T11:08:14","guid":{"rendered":"https:\/\/hedinn.is\/?p=3508"},"modified":"2022-09-30T11:56:23","modified_gmt":"2022-09-30T11:56:23","slug":"hedinn-og-jarnsmidur-asmundar","status":"publish","type":"post","link":"https:\/\/hedinn.is\/en\/hedinn-og-jarnsmidur-asmundar\/","title":{"rendered":"H\u00e9\u00f0inn and \u00c1smundur's j\u00e1rnsmi\u00f0ur (Ironworker)"},"content":{"rendered":"<p><div class=\"fusion-fullwidth fullwidth-box fusion-builder-row-1 fusion-flex-container nonhundred-percent-fullwidth non-hundred-percent-height-scrolling\" style=\"background-color: rgba(255,255,255,0);background-position: left top;background-repeat: no-repeat;border-width: 0px 0px 0px 0px;border-color:#e7e4e2;border-style:solid;\" ><div class=\"fusion-builder-row fusion-row fusion-flex-align-items-flex-start\" style=\"max-width:1144px;margin-left: calc(-4% \/ 2 );margin-right: calc(-4% \/ 2 );\"><div class=\"fusion-layout-column fusion_builder_column fusion-builder-column-0 fusion_builder_column_5_6 5_6 fusion-flex-column\"><div class=\"fusion-column-wrapper fusion-flex-justify-content-flex-start fusion-content-layout-column\" style=\"background-position:left top;background-repeat:no-repeat;-webkit-background-size:cover;-moz-background-size:cover;-o-background-size:cover;background-size:cover;padding: 0px 0px 0px 0px;\"><div class=\"awb-imageframe-style awb-imageframe-style-below awb-imageframe-style-1\" style=\"text-align:center;\"><style>.awb-imageframe-style.awb-imageframe-style-1 .awb-imageframe-caption-container .awb-imageframe-caption-text{font-size:var(--awb-typography5-font-size);font-family:var(--awb-typography5-font-family);font-weight:var(--awb-typography5-font-weight);font-style:var(--awb-typography5-font-style);text-transform:var(--awb-typography5-text-transform);}<\/style><span class=\"fusion-imageframe imageframe-none imageframe-1 hover-type-zoomin\"><a href=\"https:\/\/hedinn.is\/wp-content\/uploads\/2022\/05\/Jarnasmidurinn.png\" class=\"fusion-lightbox\" data-rel=\"iLightbox[ef1f3569ce857947227]\"><img decoding=\"async\" width=\"1013\" height=\"723\" alt=\"Jarnasmidurinn\" src=\"https:\/\/hedinn.is\/wp-content\/uploads\/2022\/05\/Jarnasmidurinn.png\" data-orig-src=\"https:\/\/hedinn.is\/wp-content\/uploads\/2022\/05\/Jarnasmidurinn.png\" class=\"lazyload img-responsive wp-image-3511\" srcset=\"https:\/\/hedinn.is\/wp-content\/uploads\/2022\/05\/Jarnasmidurinn-200x143.png 200w, https:\/\/hedinn.is\/wp-content\/uploads\/2022\/05\/Jarnasmidurinn-300x214.png 300w, https:\/\/hedinn.is\/wp-content\/uploads\/2022\/05\/Jarnasmidurinn-400x285.png 400w, https:\/\/hedinn.is\/wp-content\/uploads\/2022\/05\/Jarnasmidurinn-600x428.png 600w, https:\/\/hedinn.is\/wp-content\/uploads\/2022\/05\/Jarnasmidurinn-768x548.png 768w, https:\/\/hedinn.is\/wp-content\/uploads\/2022\/05\/Jarnasmidurinn-800x571.png 800w, https:\/\/hedinn.is\/wp-content\/uploads\/2022\/05\/Jarnasmidurinn.png 1013w\" data-srcset=\"https:\/\/hedinn.is\/wp-content\/uploads\/2022\/05\/Jarnasmidurinn-200x143.png 200w, https:\/\/hedinn.is\/wp-content\/uploads\/2022\/05\/Jarnasmidurinn-300x214.png 300w, https:\/\/hedinn.is\/wp-content\/uploads\/2022\/05\/Jarnasmidurinn-400x285.png 400w, https:\/\/hedinn.is\/wp-content\/uploads\/2022\/05\/Jarnasmidurinn-600x428.png 600w, https:\/\/hedinn.is\/wp-content\/uploads\/2022\/05\/Jarnasmidurinn-768x548.png 768w, https:\/\/hedinn.is\/wp-content\/uploads\/2022\/05\/Jarnasmidurinn-800x571.png 800w, https:\/\/hedinn.is\/wp-content\/uploads\/2022\/05\/Jarnasmidurinn.png 1013w\" data-sizes=\"auto\" data-orig-sizes=\"(max-width: 1024px) 100vw, (max-width: 640px) 100vw, 1013px\" \/><\/a><\/span><div class=\"awb-imageframe-caption-container\" style=\"text-align:left;\"><div class=\"awb-imageframe-caption\"><p class=\"awb-imageframe-caption-text\">From the installation of J\u00e1rnsmi\u00f0urinn outside the main entrance of the Technical College in Reykjav\u00edk.<\/p><\/div><\/div><\/div><div class=\"fusion-separator fusion-full-width-sep\" style=\"align-self: center;margin-left: auto;margin-right: auto;margin-top:5px;width:100%;\"><\/div><style type=\"text\/css\">@media only screen and (max-width:1024px) {.fusion-title.fusion-title-1{margin-top:10px!important; margin-right:0px!important;margin-bottom:20px!important;margin-left:0px!important;}}@media only screen and (max-width:640px) {.fusion-title.fusion-title-1{margin-top:10px!important; margin-right:0px!important;margin-bottom:20px!important; margin-left:0px!important;}}<\/style><div class=\"fusion-title title fusion-title-1 fusion-sep-none fusion-title-text fusion-title-size-two\" style=\"margin-top:10px;margin-right:0px;margin-bottom:20px;margin-left:0px;\"><h2 class=\"title-heading-left fusion-responsive-typography-calculated\" style=\"margin:0;--fontSize:34;line-height:1.47;\">H\u00e9\u00f0inn and \u00c1smundur's j\u00e1rnsmi\u00f0ur (Ironworker)<\/h2><\/div><div class=\"fusion-text fusion-text-1\"><p>H\u00e9\u00f0inn and \u00c1smundur Sveinsson\u2019s famous artwork have gone hand in hand from the very beginning. The artwork was the symbol of the prestigious industrial exhibition in 1952, and H\u00e9\u00f0inn\u2019s people, together with friends, took the initiative to have it purchased and donated to the Technical School and the City of Reykjav\u00edk.<\/p>\n<p>According to a reliable source\u2014a trade journal\u2014it is recorded that at the 50th anniversary of the Technical School in the autumn of 1954, the school and the city were presented with the much-discussed statue J\u00e1rnsmi\u00f0urinn by \u00c1smundur Sveinsson. The donors were: Sveinn Gu\u00f0mundsson of H\u00e9\u00f0inn, Axel Kristj\u00e1nsson of Rafha, Ragnar of Sm\u00e1ri, architect Skarph\u00e9\u00f0inn J\u00f3hannsson, poet T\u00f3mas Gu\u00f0mundsson, master cabinetmaker J\u00f3nas S\u00f3lmundsson, and Krist\u00edn Andr\u00e9sd\u00f3ttir, widow of Mark\u00fas \u00cdvarsson.<\/p>\n<\/div><div class=\"fusion-separator fusion-full-width-sep\" style=\"align-self: center;margin-left: auto;margin-right: auto;margin-top:5px;width:100%;\"><\/div><div class=\"awb-imageframe-style awb-imageframe-style-below awb-imageframe-style-2\" style=\"text-align:center;\"><style>.awb-imageframe-style.awb-imageframe-style-2 .awb-imageframe-caption-container .awb-imageframe-caption-text{font-size:var(--awb-typography5-font-size);font-family:var(--awb-typography5-font-family);font-weight:var(--awb-typography5-font-weight);font-style:var(--awb-typography5-font-style);text-transform:var(--awb-typography5-text-transform);}<\/style><span class=\"fusion-imageframe imageframe-none imageframe-2 hover-type-zoomin\"><a href=\"https:\/\/hedinn.is\/wp-content\/uploads\/2022\/09\/THungaflutningar.jpg\" class=\"fusion-lightbox\" data-rel=\"iLightbox[12243142cc29bea5cf8]\" data-caption=\"\u00deungaflutningar J\u00e1rnsmi\u00f0urinn var fluttur \u00far listaverkagar\u00f0i \u00c1smundar Sveinssonar \u00e1ri\u00f0 1952 og komi\u00f0 fyrir \u00e1 l\u00f3\u00f0 I\u00f0nsk\u00f3lans \u00ed Reykjav\u00edk. \u00c1 myndinni s\u00e9st listama\u00f0urinn ganga \u00far skugga um a\u00f0 verki\u00f0 hafi komist \u00f3skadda\u00f0 \u00e1 \u00e1fangsta\u00f0. \u00cd fr\u00e9ttum \u00e1 s\u00ednum t\u00edma kom fram a\u00f0 verki\u00f0 vegur \u00ferj\u00fa tonn og a\u00f0 H\u00e9\u00f0inn hafi s\u00e9\u00f0 um flutning \u00feess. Lj\u00f3smynd: H\u00f6fundur \u00f3\u00feekktur\/Al\u00fe\u00fd\u00f0ubla\u00f0i\u00f0\"><img decoding=\"async\" width=\"533\" height=\"800\" alt=\"\u00deungaflutningar\" src=\"https:\/\/hedinn.is\/wp-content\/uploads\/2022\/09\/THungaflutningar.jpg\" data-orig-src=\"https:\/\/hedinn.is\/wp-content\/uploads\/2022\/09\/THungaflutningar.jpg\" class=\"lazyload img-responsive wp-image-4729\" srcset=\"https:\/\/hedinn.is\/wp-content\/uploads\/2022\/09\/THungaflutningar-200x300.jpg 200w, https:\/\/hedinn.is\/wp-content\/uploads\/2022\/09\/THungaflutningar-400x600.jpg 400w, https:\/\/hedinn.is\/wp-content\/uploads\/2022\/09\/THungaflutningar.jpg 533w\" data-srcset=\"https:\/\/hedinn.is\/wp-content\/uploads\/2022\/09\/THungaflutningar-200x300.jpg 200w, https:\/\/hedinn.is\/wp-content\/uploads\/2022\/09\/THungaflutningar-400x600.jpg 400w, https:\/\/hedinn.is\/wp-content\/uploads\/2022\/09\/THungaflutningar.jpg 533w\" data-sizes=\"auto\" data-orig-sizes=\"(max-width: 1024px) 100vw, (max-width: 640px) 100vw, 533px\" \/><\/a><\/span><div class=\"awb-imageframe-caption-container\" style=\"text-align:left;\"><div class=\"awb-imageframe-caption\"><p class=\"awb-imageframe-caption-text\">Heavy Transport J\u00e1rnsmi\u00f0urinn was moved from \u00c1smundur Sveinsson\u2019s sculpture garden in 1952 and placed on the grounds of the Technical School in Reykjav\u00edk. In the photo, the artist can be seen making sure the work had arrived at its destination undamaged. News reports at the time stated that the sculpture weighs three tons and that H\u00e9\u00f0inn handled its transport.\n\nPhoto: Author unknown \/ Al\u00fe\u00fd\u00f0ubla\u00f0i\u00f0<\/p><\/div><\/div><\/div><div class=\"fusion-separator fusion-full-width-sep\" style=\"align-self: center;margin-left: auto;margin-right: auto;margin-top:10px;margin-bottom:10px;width:100%;\"><\/div><div class=\"fusion-text fusion-text-2\"><p>It is evident, as can be seen from these names, that there are many connections to H\u00e9\u00f0inn\u2014and this applies even more to the artwork itself, for its creation story quite literally begins at H\u00e9\u00f0inn. \u00c1smundur himself relates in a newspaper interview how, when he first came to town as a young man:<\/p>\n<p>\u201c\u2026When I was about twenty, I went to Reykjav\u00edk and studied woodcarving with R\u00edkar\u00f0ur J\u00f3nsson. Then I went abroad\u2014and when I returned home\u2014I met the late Mark\u00fas \u00cdvarsson at H\u00e9\u00f0inn, and we became good acquaintances. I was a frequent visitor at H\u00e9\u00f0inn\u2014there I saw modern ironwork in full swing, and I stood thunderstruck before the invisible giant forces I saw the modern age unleashing there. The smithing of iron had become a kind of giant\u2019s domain; the great machines struck me as if they were trolls.\u201d<\/p>\n<p>\u201cIn this inner experience of mine, which gradually became a blazing inner drive, the seeds of J\u00e1rnsmi\u00f0urinn were sown. In my mind I lived sometimes at the hammer and anvil in my father\u2019s country smithy, and at other times in the troll-cities of the iron workshops in Reykjav\u00edk\u2014who can blame me for wanting to ease the burden of my overcharged mind a little, to attempt to interpret greatness in relation to smallness\u2014these opposites that wrestled within me?\u201d<\/p>\n<p>\u201cYes, out of this J\u00e1rnsmi\u00f0urinn came into being\u2014but not in any sudden burst\u2026 J\u00e1rnsmi\u00f0urinn was completed in 1936.\u201d<br \/>\nThe artist says he was trying to create \"a symbol of the troll-like, oversized ironwork of the modern age, and at the same time of the colossal transformation that has taken place since the time when, as a boy, I stood in the smithy\u2014and indeed in all trades\u2014it is everywhere, this gigantic change. And I have a certain faith in the giant technology of the modern age, I believe it will liberate people from the drudgery of the old times\u2026\u201d<\/p>\n<p>It may also be noted that the H\u00e9\u00f0inn machine works handled the transport of J\u00e1rnsmi\u00f0urinn to the exhibition site of the 1952 Industrial Exhibition, and it was stated that the statue weighed about three tons.<\/p>\n<p>The statue had, from the time of the 1952 Industrial Exhibition, stood in the yard of the Technical School, and some debate arose at the time over the merits of the artwork. \u201cMany have feared that J\u00e1rnsmi\u00f0urinn might be removed from the school grounds, since it belonged to the artist and no arrangements had been made to purchase it.\u201d<\/p>\n<p>With this gift, the people of H\u00e9\u00f0inn and their friends managed to settle the disputes over the artwork while at the same time honoring the artist. It then fell to the Reykjav\u00edk Art Committee to choose a permanent location for the sculpture on the school grounds.<\/p>\n<p>The committee seems to have taken some time over the matter, but in the summer of 1955 the next news about the statue appeared: \u201cAt a meeting of the city council the day before yesterday, Reykjav\u00edk\u2019s Art Committee\u2019s proposal was approved, that the artwork J\u00e1rnsmi\u00f0urinn by \u00c1smundur Sveinsson, which for some time had stood at the Technical School on Sk\u00f3lav\u00f6r\u00f0uholt, be permanently placed on the \u2018bringan' between Snorrabraut and \u00deorfinnsgata.\u201d And there the work still stands today, in the garden below the old Maternity Home in Reykjav\u00edk.<\/p>\n<\/div><div class=\"fusion-separator fusion-full-width-sep\" style=\"align-self: center;margin-left: auto;margin-right: auto;width:100%;\"><\/div><div class=\"awb-imageframe-style awb-imageframe-style-below awb-imageframe-style-3\" style=\"text-align:center;\"><style>.awb-imageframe-style.awb-imageframe-style-3 .awb-imageframe-caption-container .awb-imageframe-caption-text{font-size:var(--awb-typography5-font-size);font-family:var(--awb-typography5-font-family);font-weight:var(--awb-typography5-font-weight);font-style:var(--awb-typography5-font-style);text-transform:var(--awb-typography5-text-transform);}<\/style><span class=\"fusion-imageframe imageframe-none imageframe-3 hover-type-zoomin\"><a href=\"https:\/\/hedinn.is\/wp-content\/uploads\/2022\/09\/A-nyjum-stad-min.jpg\" class=\"fusion-lightbox\" data-rel=\"iLightbox[5313c86ab251e2da941]\" data-caption=\"\u00c1 n\u00fdjum sta\u00f0 J\u00e1rnsmi\u00f0urinn stendur n\u00fa \u00ed gar\u00f0inum milli Snorrabrautar og \u00deorfinnsg\u00f6tu, fyrir ne\u00f0an gamla F\u00e6\u00f0ingarheimili\u00f0 \u00ed Reykjav\u00edk. Lj\u00f3smynd: P\u00e1ll Stef\u00e1nsson\/H\u00e9\u00f0inn\"><img decoding=\"async\" width=\"800\" height=\"533\" alt=\"\u00c1-n\u00fdjum-sta\u00f0-min\" src=\"https:\/\/hedinn.is\/wp-content\/uploads\/2022\/09\/A-nyjum-stad-min.jpg\" data-orig-src=\"https:\/\/hedinn.is\/wp-content\/uploads\/2022\/09\/A-nyjum-stad-min.jpg\" class=\"lazyload img-responsive wp-image-4636\" srcset=\"https:\/\/hedinn.is\/wp-content\/uploads\/2022\/09\/A-nyjum-stad-min-200x133.jpg 200w, https:\/\/hedinn.is\/wp-content\/uploads\/2022\/09\/A-nyjum-stad-min-300x200.jpg 300w, https:\/\/hedinn.is\/wp-content\/uploads\/2022\/09\/A-nyjum-stad-min-400x267.jpg 400w, https:\/\/hedinn.is\/wp-content\/uploads\/2022\/09\/A-nyjum-stad-min-600x400.jpg 600w, https:\/\/hedinn.is\/wp-content\/uploads\/2022\/09\/A-nyjum-stad-min-768x512.jpg 768w, https:\/\/hedinn.is\/wp-content\/uploads\/2022\/09\/A-nyjum-stad-min.jpg 800w\" data-srcset=\"https:\/\/hedinn.is\/wp-content\/uploads\/2022\/09\/A-nyjum-stad-min-200x133.jpg 200w, https:\/\/hedinn.is\/wp-content\/uploads\/2022\/09\/A-nyjum-stad-min-300x200.jpg 300w, https:\/\/hedinn.is\/wp-content\/uploads\/2022\/09\/A-nyjum-stad-min-400x267.jpg 400w, https:\/\/hedinn.is\/wp-content\/uploads\/2022\/09\/A-nyjum-stad-min-600x400.jpg 600w, https:\/\/hedinn.is\/wp-content\/uploads\/2022\/09\/A-nyjum-stad-min-768x512.jpg 768w, https:\/\/hedinn.is\/wp-content\/uploads\/2022\/09\/A-nyjum-stad-min.jpg 800w\" data-sizes=\"auto\" data-orig-sizes=\"(max-width: 1024px) 100vw, (max-width: 640px) 100vw, 800px\" \/><\/a><\/span><div class=\"awb-imageframe-caption-container\" style=\"text-align:center;\"><div class=\"awb-imageframe-caption\"><p class=\"awb-imageframe-caption-text\">In a New Location J\u00e1rnsmi\u00f0urinn now stands in the garden between Snorrabraut and \u00deorfinnsgata, below the old Maternity Home in Reykjav\u00edk.<\/p><\/div><\/div><\/div><div class=\"fusion-separator fusion-full-width-sep\" style=\"align-self: center;margin-left: auto;margin-right: auto;width:100%;\"><\/div><div class=\"fusion-image-carousel fusion-image-carousel-auto fusion-image-carousel-1 lightbox-enabled fusion-carousel-border awb-image-carousel-top-below-caption\"><div class=\"fusion-carousel awb-imageframe-style awb-imageframe-style-below awb-imageframe-style-1\" data-autoplay=\"no\" data-columns=\"3\" data-itemmargin=\"13\" data-itemwidth=\"180\" data-touchscroll=\"no\" data-imagesize=\"auto\"><div class=\"fusion-carousel-positioner\"><ul class=\"fusion-carousel-holder\"><li class=\"fusion-carousel-item\"><div class=\"fusion-carousel-item-wrapper\"><div class=\"fusion-image-wrapper hover-type-none\"><a data-rel=\"iLightbox[image_carousel_1]\" data-caption=\"Dj\u00fapar r\u00e6tur A\u00f0koma H\u00e9\u00f0ins a\u00f0 menningarl\u00edfi hefur veri\u00f0 fj\u00f6lbreytt og mikil \u00ed \u00e1ranna r\u00e1s, me\u00f0al annars hafa fj\u00f6lmargir listamenn fengi\u00f0 fyrirt\u00e6ki\u00f0 vi\u00f0 li\u00f0s vi\u00f0 sig \u00ed sk\u00f6punarstarfinu. \u00c1 \u00feessum s\u00ed\u00f0um m\u00e1 sj\u00e1 a\u00f0eins nokkur d\u00e6mi fr\u00e1 \u00feeirri fj\u00f6lbreyttu s\u00f6gu. Lj\u00f3smynd: \u00d3lafur Hauksson\/H\u00e9\u00f0inn\" href=\"https:\/\/hedinn.is\/wp-content\/uploads\/2022\/09\/Djupar-raetur.jpg\" target=\"_self\"><img decoding=\"async\" width=\"533\" height=\"800\" src=\"https:\/\/hedinn.is\/wp-content\/uploads\/2022\/09\/Djupar-raetur.jpg\" class=\"attachment-full size-full lazyload\" alt=\"Dj\u00fapar r\u00e6tur\" srcset=\"https:\/\/hedinn.is\/wp-content\/uploads\/2022\/09\/Djupar-raetur-200x300.jpg 200w, https:\/\/hedinn.is\/wp-content\/uploads\/2022\/09\/Djupar-raetur-400x600.jpg 400w, https:\/\/hedinn.is\/wp-content\/uploads\/2022\/09\/Djupar-raetur.jpg 533w\" data-orig-src=\"https:\/\/hedinn.is\/wp-content\/uploads\/2022\/09\/Djupar-raetur.jpg\" data-srcset=\"https:\/\/hedinn.is\/wp-content\/uploads\/2022\/09\/Djupar-raetur-200x300.jpg 200w, https:\/\/hedinn.is\/wp-content\/uploads\/2022\/09\/Djupar-raetur-400x600.jpg 400w, https:\/\/hedinn.is\/wp-content\/uploads\/2022\/09\/Djupar-raetur.jpg 533w\" data-sizes=\"auto\" \/><\/a><\/div><div class=\"awb-imageframe-caption-container\"><div class=\"awb-imageframe-caption\"><p class=\"awb-imageframe-caption-text\">Deep Roots H\u00e9\u00f0inn\u2019s involvement in cultural life has been wide-ranging and significant over the years; among other things, numerous artists have enlisted the company\u2019s support in their creative work. On these pages are just a few examples from that diverse history.\n<\/p><\/div><\/div><\/div><\/li><li class=\"fusion-carousel-item\"><div class=\"fusion-carousel-item-wrapper\"><div class=\"fusion-image-wrapper hover-type-none\"><a data-rel=\"iLightbox[image_carousel_1]\" data-caption=\"Gj\u00f6fult samstarf vi\u00f0 listaf\u00f3lk Steinunn \u00de\u00f3rarinsd\u00f3ttir myndh\u00f6ggvari hefur vaki\u00f0 mikla athygli v\u00ed\u00f0a um heim fyrir sk\u00falpt\u00fara s\u00edna, myndir af mannf\u00f3lki, sem m\u00e1 me\u00f0al annars sj\u00e1 v\u00ed\u00f0a \u00ed Reykjav\u00edk. \u201e\u00c9g hef gert miki\u00f0 af st\u00f3rum \u00fativerkum og \u00fe\u00e1 eru verkin a\u00f0 hluta til unnin \u00ed v\u00e9lsmi\u00f0ju og \u00fear vinn \u00e9g a\u00f0allega me\u00f0 karlm\u00f6nnum. \u00dea\u00f0 samstarf hefur gengi\u00f0 fr\u00e1b\u00e6rlega en V\u00e9lsmi\u00f0jan H\u00e9\u00f0inn hefur veri\u00f0 minn a\u00f0alsamstarfsa\u00f0ili,\u201c sag\u00f0i Steinunn \u00ed samtali vi\u00f0 Morgunbla\u00f0i\u00f0 \u00ed j\u00fan\u00ed 2013. \u00c1 myndinni eru til vinstri Arnar Gu\u00f0mundsson t\u00e6knifr\u00e6\u00f0ingur og Magn\u00fas Stef\u00e1nsson hagleikssmi\u00f0ur. Lj\u00f3smynd: \u00d3lafur Hauksson\/H\u00e9\u00f0inn\" href=\"https:\/\/hedinn.is\/wp-content\/uploads\/2022\/09\/Gjofult-samstarf-vid-listafolk.jpg\" target=\"_self\"><img decoding=\"async\" width=\"800\" height=\"533\" src=\"https:\/\/hedinn.is\/wp-content\/uploads\/2022\/09\/Gjofult-samstarf-vid-listafolk.jpg\" class=\"attachment-full size-full lazyload\" alt=\"Gj\u00f6fult samstarf vi\u00f0 listaf\u00f3lk\" srcset=\"https:\/\/hedinn.is\/wp-content\/uploads\/2022\/09\/Gjofult-samstarf-vid-listafolk-200x133.jpg 200w, https:\/\/hedinn.is\/wp-content\/uploads\/2022\/09\/Gjofult-samstarf-vid-listafolk-300x200.jpg 300w, https:\/\/hedinn.is\/wp-content\/uploads\/2022\/09\/Gjofult-samstarf-vid-listafolk-400x267.jpg 400w, https:\/\/hedinn.is\/wp-content\/uploads\/2022\/09\/Gjofult-samstarf-vid-listafolk-600x400.jpg 600w, https:\/\/hedinn.is\/wp-content\/uploads\/2022\/09\/Gjofult-samstarf-vid-listafolk-768x512.jpg 768w, https:\/\/hedinn.is\/wp-content\/uploads\/2022\/09\/Gjofult-samstarf-vid-listafolk.jpg 800w\" data-orig-src=\"https:\/\/hedinn.is\/wp-content\/uploads\/2022\/09\/Gjofult-samstarf-vid-listafolk.jpg\" data-srcset=\"https:\/\/hedinn.is\/wp-content\/uploads\/2022\/09\/Gjofult-samstarf-vid-listafolk-200x133.jpg 200w, https:\/\/hedinn.is\/wp-content\/uploads\/2022\/09\/Gjofult-samstarf-vid-listafolk-300x200.jpg 300w, https:\/\/hedinn.is\/wp-content\/uploads\/2022\/09\/Gjofult-samstarf-vid-listafolk-400x267.jpg 400w, https:\/\/hedinn.is\/wp-content\/uploads\/2022\/09\/Gjofult-samstarf-vid-listafolk-600x400.jpg 600w, https:\/\/hedinn.is\/wp-content\/uploads\/2022\/09\/Gjofult-samstarf-vid-listafolk-768x512.jpg 768w, https:\/\/hedinn.is\/wp-content\/uploads\/2022\/09\/Gjofult-samstarf-vid-listafolk.jpg 800w\" data-sizes=\"auto\" \/><\/a><\/div><div class=\"awb-imageframe-caption-container\"><div class=\"awb-imageframe-caption\"><p class=\"awb-imageframe-caption-text\">Fruitful Collaboration with Artists\nSculptor Steinunn \u00de\u00f3rarinsd\u00f3ttir has attracted wide international attention for her sculptures of human figures, which can be seen in many places in Reykjav\u00edk. \u201cI have done a great deal of large outdoor works, and in those cases the pieces are partly produced in a machine workshop, where I work mainly with men. That collaboration has gone wonderfully, and the H\u00e9\u00f0inn machine works has been my principal partner,\u201d Steinunn said in an interview with Morgunbla\u00f0i\u00f0 in June 2013. In the picture are, on the left, engineer Arnar Gu\u00f0mundsson and master craftsman Magn\u00fas Stef\u00e1nsson.\n<\/p><\/div><\/div><\/div><\/li><li class=\"fusion-carousel-item\"><div class=\"fusion-carousel-item-wrapper\"><div class=\"fusion-image-wrapper hover-type-none\"><a data-rel=\"iLightbox[image_carousel_1]\" data-caption=\"Samvinna Partnership er sk\u00falpt\u00far eftir P\u00e9tur Bjarnason og var steyptur \u00ed J\u00e1rnsteypunni, d\u00f3tturf\u00e9lagi H\u00e9\u00f0ins. \u00dea\u00f0 stendur vi\u00f0 S\u00e6braut \u00ed Reykjav\u00edk, skammt fr\u00e1 H\u00f6f\u00f0a. Tilefni verksins var a\u00f0 50 \u00e1r voru li\u00f0in fr\u00e1 \u00fev\u00ed \u00cdsland og Bandar\u00edkin t\u00f3ku upp stj\u00f3rnm\u00e1lasamband. Verki\u00f0 var afhj\u00fapa\u00f0 1991 \u00ed Reykjav\u00edk og tv\u00edbura\u00fatg\u00e1fa \u00feess \u00ed Miami \u00e1 Fl\u00f3rida 1992. \u00deetta munu vera st\u00e6rstu h\u00f6ggmyndir sem steyptar hafa veri\u00f0 \u00ed brons og fullunnar \u00e1 \u00cdslandi. \u00de\u00e6r s\u00fdna nokkurs konar \u00f6rvarodd sem samsettur er \u00far tveimur samhverfum hlutum og m\u00e1 lesa \u00far \u00fev\u00ed t\u00e1kn fyrir samstarf tveggja a\u00f0ila um a\u00f0 horfa fram \u00e1 vi\u00f0. Lj\u00f3smynd: P\u00e1ll Stef\u00e1nsson\/H\u00e9\u00f0inn\" href=\"https:\/\/hedinn.is\/wp-content\/uploads\/2022\/09\/Samvinna.jpg\" target=\"_self\"><img decoding=\"async\" width=\"800\" height=\"533\" src=\"https:\/\/hedinn.is\/wp-content\/uploads\/2022\/09\/Samvinna.jpg\" class=\"attachment-full size-full lazyload\" alt=\"Samvinna\" srcset=\"https:\/\/hedinn.is\/wp-content\/uploads\/2022\/09\/Samvinna-200x133.jpg 200w, https:\/\/hedinn.is\/wp-content\/uploads\/2022\/09\/Samvinna-300x200.jpg 300w, https:\/\/hedinn.is\/wp-content\/uploads\/2022\/09\/Samvinna-400x267.jpg 400w, https:\/\/hedinn.is\/wp-content\/uploads\/2022\/09\/Samvinna-600x400.jpg 600w, https:\/\/hedinn.is\/wp-content\/uploads\/2022\/09\/Samvinna-768x512.jpg 768w, https:\/\/hedinn.is\/wp-content\/uploads\/2022\/09\/Samvinna.jpg 800w\" data-orig-src=\"https:\/\/hedinn.is\/wp-content\/uploads\/2022\/09\/Samvinna.jpg\" data-srcset=\"https:\/\/hedinn.is\/wp-content\/uploads\/2022\/09\/Samvinna-200x133.jpg 200w, https:\/\/hedinn.is\/wp-content\/uploads\/2022\/09\/Samvinna-300x200.jpg 300w, https:\/\/hedinn.is\/wp-content\/uploads\/2022\/09\/Samvinna-400x267.jpg 400w, https:\/\/hedinn.is\/wp-content\/uploads\/2022\/09\/Samvinna-600x400.jpg 600w, https:\/\/hedinn.is\/wp-content\/uploads\/2022\/09\/Samvinna-768x512.jpg 768w, https:\/\/hedinn.is\/wp-content\/uploads\/2022\/09\/Samvinna.jpg 800w\" data-sizes=\"auto\" \/><\/a><\/div><div class=\"awb-imageframe-caption-container\"><div class=\"awb-imageframe-caption\"><p class=\"awb-imageframe-caption-text\">Collaboration\nPartnership is a sculpture by P\u00e9tur Bjarnason, cast at the J\u00e1rnsmi\u00f0jan a subsidiary of H\u00e9\u00f0inn. It stands by S\u00e6braut in Reykjav\u00edk, near H\u00f6f\u00f0i House. The work was created to mark the 50th anniversary of the establishment of diplomatic relations between Iceland and the United States. The sculpture was unveiled in Reykjav\u00edk in 1991, and its twin version in Miami, Florida, in 1992. These are said to be the largest sculptures ever cast in bronze and completed in Iceland. They depict a kind of arrowhead composed of two symmetrical parts, symbolizing the cooperation of two parties looking forward together.<\/p><\/div><\/div><\/div><\/li><li class=\"fusion-carousel-item\"><div class=\"fusion-carousel-item-wrapper\"><div class=\"fusion-image-wrapper hover-type-none\"><a data-rel=\"iLightbox[image_carousel_1]\" data-caption=\"Fastagestur Myndlistarma\u00f0urinn, myndh\u00f6ggvarinn og einn me\u00f0lima S\u00daM-h\u00f3psins, Magn\u00fas T\u00f3masson, var einn af fastagestum H\u00e9\u00f0ins og J\u00e1rnsteypunnar. \u00c1 myndinni sj\u00e1st hann og P\u00e9tur \u00c1g\u00fastsson starfsma\u00f0ur H\u00e9\u00f0ins handleika sk\u00falpt\u00far sem sem Magn\u00fas ger\u00f0i fyir I\u00f0n\u00fer\u00f3unarsj\u00f3\u00f0. Lj\u00f3smynd: Hreinn Hreinsson\/H\u00e9\u00f0inn\" href=\"https:\/\/hedinn.is\/wp-content\/uploads\/2022\/09\/Fastagestur.jpg\" target=\"_self\"><img decoding=\"async\" width=\"800\" height=\"546\" src=\"https:\/\/hedinn.is\/wp-content\/uploads\/2022\/09\/Fastagestur.jpg\" class=\"attachment-full size-full lazyload\" alt=\"Fastagestur\" srcset=\"https:\/\/hedinn.is\/wp-content\/uploads\/2022\/09\/Fastagestur-200x137.jpg 200w, https:\/\/hedinn.is\/wp-content\/uploads\/2022\/09\/Fastagestur-300x205.jpg 300w, https:\/\/hedinn.is\/wp-content\/uploads\/2022\/09\/Fastagestur-400x273.jpg 400w, https:\/\/hedinn.is\/wp-content\/uploads\/2022\/09\/Fastagestur-600x410.jpg 600w, https:\/\/hedinn.is\/wp-content\/uploads\/2022\/09\/Fastagestur-768x524.jpg 768w, https:\/\/hedinn.is\/wp-content\/uploads\/2022\/09\/Fastagestur.jpg 800w\" data-orig-src=\"https:\/\/hedinn.is\/wp-content\/uploads\/2022\/09\/Fastagestur.jpg\" data-srcset=\"https:\/\/hedinn.is\/wp-content\/uploads\/2022\/09\/Fastagestur-200x137.jpg 200w, https:\/\/hedinn.is\/wp-content\/uploads\/2022\/09\/Fastagestur-300x205.jpg 300w, https:\/\/hedinn.is\/wp-content\/uploads\/2022\/09\/Fastagestur-400x273.jpg 400w, https:\/\/hedinn.is\/wp-content\/uploads\/2022\/09\/Fastagestur-600x410.jpg 600w, https:\/\/hedinn.is\/wp-content\/uploads\/2022\/09\/Fastagestur-768x524.jpg 768w, https:\/\/hedinn.is\/wp-content\/uploads\/2022\/09\/Fastagestur.jpg 800w\" data-sizes=\"auto\" \/><\/a><\/div><div class=\"awb-imageframe-caption-container\"><div class=\"awb-imageframe-caption\"><p class=\"awb-imageframe-caption-text\">Regular Visitor The visual artist and sculptor Magn\u00fas T\u00f3masson, a member of the S\u00daM group, was a frequent visitor to H\u00e9\u00f0inn and J\u00e1rnsteypan In the picture, he and H\u00e9\u00f0inn 's employee P\u00e9tur \u00c1g\u00fastsson are handling a sculpture that Magn\u00fas created for the Industrial Development Fund.\n\nPhoto: Hreinn Hreinsson \/ H\u00e9\u00f0inn<\/p><\/div><\/div><\/div><\/li><li class=\"fusion-carousel-item\"><div class=\"fusion-carousel-item-wrapper\"><div class=\"fusion-image-wrapper hover-type-none\"><a data-rel=\"iLightbox[image_carousel_1]\" data-caption=\"Brenndar \u00e1 b\u00e1li Me\u00f0al verka sem Magn\u00fas f\u00e9kk li\u00f0sinni H\u00e9\u00f0ins og J\u00e1rnsteypunnar vi\u00f0 eru Einhyrningur, Tv\u00edhyrningar sem er sta\u00f0sett vi\u00f0 Vesturb\u00e6jarsk\u00f3la og Byr\u00f0i s\u00f6gunnar, sem stendur vi\u00f0 Kirkjub\u00e6jarsk\u00f3la vi\u00f0 Kirkjub\u00e6jarklaustur og sj\u00e1 m\u00e1 h\u00e9r til h\u00e6gri. Verki\u00f0 var afhj\u00fapa\u00f0 \u00e1ri\u00f0 1997 og vegur um t\u00edu tonn. \u00dea\u00f0 s\u00e6kir innbl\u00e1stur \u00ed \u00fej\u00f3\u00f0s\u00f6guna af hrikalegum \u00f6rl\u00f6gum tveggja klaustursystra \u00e1 14. \u00f6ld. B\u00e1\u00f0ar voru brenndar \u00e1 b\u00e1li fyrir brot \u00e1 reglum kirkjunnar. \u00d6nnur \u00e1tti a\u00f0 hafa selt s\u00e1l s\u00edna fjandanum og lagst me\u00f0 m\u00f6rgum karlm\u00f6nnum. Hin a\u00f0 hafa tala\u00f0 \u00f3gu\u00f0lega um p\u00e1fann. Lj\u00f3smynd: P\u00e1ll Stef\u00e1nsson\/H\u00e9\u00f0inn\" href=\"https:\/\/hedinn.is\/wp-content\/uploads\/2022\/09\/Brenndar-a-bali.jpg\" target=\"_self\"><img decoding=\"async\" width=\"800\" height=\"533\" src=\"https:\/\/hedinn.is\/wp-content\/uploads\/2022\/09\/Brenndar-a-bali.jpg\" class=\"attachment-full size-full lazyload\" alt=\"Brenndar \u00e1 b\u00e1li\" srcset=\"https:\/\/hedinn.is\/wp-content\/uploads\/2022\/09\/Brenndar-a-bali-200x133.jpg 200w, https:\/\/hedinn.is\/wp-content\/uploads\/2022\/09\/Brenndar-a-bali-300x200.jpg 300w, https:\/\/hedinn.is\/wp-content\/uploads\/2022\/09\/Brenndar-a-bali-400x267.jpg 400w, https:\/\/hedinn.is\/wp-content\/uploads\/2022\/09\/Brenndar-a-bali-600x400.jpg 600w, https:\/\/hedinn.is\/wp-content\/uploads\/2022\/09\/Brenndar-a-bali-768x512.jpg 768w, https:\/\/hedinn.is\/wp-content\/uploads\/2022\/09\/Brenndar-a-bali.jpg 800w\" data-orig-src=\"https:\/\/hedinn.is\/wp-content\/uploads\/2022\/09\/Brenndar-a-bali.jpg\" data-srcset=\"https:\/\/hedinn.is\/wp-content\/uploads\/2022\/09\/Brenndar-a-bali-200x133.jpg 200w, https:\/\/hedinn.is\/wp-content\/uploads\/2022\/09\/Brenndar-a-bali-300x200.jpg 300w, https:\/\/hedinn.is\/wp-content\/uploads\/2022\/09\/Brenndar-a-bali-400x267.jpg 400w, https:\/\/hedinn.is\/wp-content\/uploads\/2022\/09\/Brenndar-a-bali-600x400.jpg 600w, https:\/\/hedinn.is\/wp-content\/uploads\/2022\/09\/Brenndar-a-bali-768x512.jpg 768w, https:\/\/hedinn.is\/wp-content\/uploads\/2022\/09\/Brenndar-a-bali.jpg 800w\" data-sizes=\"auto\" \/><\/a><\/div><div class=\"awb-imageframe-caption-container\"><div class=\"awb-imageframe-caption\"><p class=\"awb-imageframe-caption-text\">Burned at the Stake\nAmong the works for which Magn\u00fas received support from H\u00e9\u00f0inn and J\u00e1rnsteypan are Einhyrningur (Unicorn), Tv\u00edhyrningar (Twins), located at Vesturb\u00e6jarsk\u00f3li, and Byr\u00f0i s\u00f6gunnar (The Burden of History), which stands at Kirkjub\u00e6jarsk\u00f3li in Kirkjub\u00e6jarklaustur and can be seen here on the right. The work was unveiled in 1997 and weighs about ten tons. It draws inspiration from the folktale of the grim fate of two convent sisters in the 14th century. Both were burned at the stake for violating the rules of the Church. One was said to have sold her soul to the devil and lain with many men. The other was accused of having spoken irreverently of the Pope<\/p><\/div><\/div><\/div><\/li><li class=\"fusion-carousel-item\"><div class=\"fusion-carousel-item-wrapper\"><div class=\"fusion-image-wrapper hover-type-none\"><a data-rel=\"iLightbox[image_carousel_1]\" data-caption=\"N\u00fdjasti geirfuglinn \u00d3l\u00f6f Nordal myndlistarkona s\u00e9st h\u00e9r \u00ed smi\u00f0ju J\u00e1rnsteypunnar \u00e1samt S\u00e6mundi S\u00e6mundssyni til h\u00e6gri og Sk\u00fala Hreggvi\u00f0ssyni \u00fear sem sk\u00falpt\u00farinn Geirfugl var steyptur \u00far \u00e1li og s\u00ed\u00f0ar settur upp \u00e1 s\u00fdningunni Strandlengjan sem Myndh\u00f6ggvaraf\u00e9lag Reykjav\u00edkur st\u00f3\u00f0 fyrir 1998. Lj\u00f3smynd: Gu\u00f0mundur S. Sveinsson\/H\u00e9\u00f0inn\" href=\"https:\/\/hedinn.is\/wp-content\/uploads\/2022\/09\/Nyjasti-geirfuglinn.jpg\" target=\"_self\"><img decoding=\"async\" width=\"800\" height=\"533\" src=\"https:\/\/hedinn.is\/wp-content\/uploads\/2022\/09\/Nyjasti-geirfuglinn.jpg\" class=\"attachment-full size-full lazyload\" alt=\"N\u00fdjasti geirfuglinn\" srcset=\"https:\/\/hedinn.is\/wp-content\/uploads\/2022\/09\/Nyjasti-geirfuglinn-200x133.jpg 200w, https:\/\/hedinn.is\/wp-content\/uploads\/2022\/09\/Nyjasti-geirfuglinn-300x200.jpg 300w, https:\/\/hedinn.is\/wp-content\/uploads\/2022\/09\/Nyjasti-geirfuglinn-400x267.jpg 400w, https:\/\/hedinn.is\/wp-content\/uploads\/2022\/09\/Nyjasti-geirfuglinn-600x400.jpg 600w, https:\/\/hedinn.is\/wp-content\/uploads\/2022\/09\/Nyjasti-geirfuglinn-768x512.jpg 768w, https:\/\/hedinn.is\/wp-content\/uploads\/2022\/09\/Nyjasti-geirfuglinn.jpg 800w\" data-orig-src=\"https:\/\/hedinn.is\/wp-content\/uploads\/2022\/09\/Nyjasti-geirfuglinn.jpg\" data-srcset=\"https:\/\/hedinn.is\/wp-content\/uploads\/2022\/09\/Nyjasti-geirfuglinn-200x133.jpg 200w, https:\/\/hedinn.is\/wp-content\/uploads\/2022\/09\/Nyjasti-geirfuglinn-300x200.jpg 300w, https:\/\/hedinn.is\/wp-content\/uploads\/2022\/09\/Nyjasti-geirfuglinn-400x267.jpg 400w, https:\/\/hedinn.is\/wp-content\/uploads\/2022\/09\/Nyjasti-geirfuglinn-600x400.jpg 600w, https:\/\/hedinn.is\/wp-content\/uploads\/2022\/09\/Nyjasti-geirfuglinn-768x512.jpg 768w, https:\/\/hedinn.is\/wp-content\/uploads\/2022\/09\/Nyjasti-geirfuglinn.jpg 800w\" data-sizes=\"auto\" \/><\/a><\/div><div class=\"awb-imageframe-caption-container\"><div class=\"awb-imageframe-caption\"><p class=\"awb-imageframe-caption-text\">N\u00fdjasti geirfuglinn (The Newest Great Auk)\nArtist \u00d3l\u00f6f Nordal is seen here in the J\u00e1rnsteypan's workshop together with S\u00e6mundur S\u00e6mundsson (right) and Sk\u00fali Hreggvi\u00f0sson, as the sculpture N\u00fdjasti geirfuglinn was being cast in aluminum and later installed at the exhibition Strandlengjan organized by the Reykjav\u00edk Sculptors\u2019 Association in 1998.\n\nPhoto: Gu\u00f0mundur S. Sveinsson \/ H\u00e9\u00f0inn\n<\/p><\/div><\/div><\/div><\/li><li class=\"fusion-carousel-item\"><div class=\"fusion-carousel-item-wrapper\"><div class=\"fusion-image-wrapper hover-type-none\"><a data-rel=\"iLightbox[image_carousel_1]\" data-caption=\"Fl\u00f3\u00f0 og fjara Geirfugl stendur \u00e1 grj\u00f3ti \u00ed fj\u00f6runni fyrir ne\u00f0an Skeljatanga \u00ed Skerjafir\u00f0i og v\u00edsar til Eldeyjar, \u00fear sem s\u00ed\u00f0ustu tveir geirfuglarnir \u00e1 \u00cdslandi eru taldir hafa veri\u00f0 drepnir \u00e1ri\u00f0 1844. \u00deegar fl\u00e6\u00f0ir a\u00f0 er Geirfugl umlukinn sj\u00f3. Lj\u00f3smynd: P\u00e1ll Stef\u00e1nsson\/H\u00e9\u00f0inn\" href=\"https:\/\/hedinn.is\/wp-content\/uploads\/2022\/09\/Flod-og-fjara-geirfugl.jpg\" target=\"_self\"><img decoding=\"async\" width=\"800\" height=\"533\" src=\"https:\/\/hedinn.is\/wp-content\/uploads\/2022\/09\/Flod-og-fjara-geirfugl.jpg\" class=\"attachment-full size-full lazyload\" alt=\"Fl\u00f3\u00f0 og fjara geirfugl\" srcset=\"https:\/\/hedinn.is\/wp-content\/uploads\/2022\/09\/Flod-og-fjara-geirfugl-200x133.jpg 200w, https:\/\/hedinn.is\/wp-content\/uploads\/2022\/09\/Flod-og-fjara-geirfugl-300x200.jpg 300w, https:\/\/hedinn.is\/wp-content\/uploads\/2022\/09\/Flod-og-fjara-geirfugl-400x267.jpg 400w, https:\/\/hedinn.is\/wp-content\/uploads\/2022\/09\/Flod-og-fjara-geirfugl-600x400.jpg 600w, https:\/\/hedinn.is\/wp-content\/uploads\/2022\/09\/Flod-og-fjara-geirfugl-768x512.jpg 768w, https:\/\/hedinn.is\/wp-content\/uploads\/2022\/09\/Flod-og-fjara-geirfugl.jpg 800w\" data-orig-src=\"https:\/\/hedinn.is\/wp-content\/uploads\/2022\/09\/Flod-og-fjara-geirfugl.jpg\" data-srcset=\"https:\/\/hedinn.is\/wp-content\/uploads\/2022\/09\/Flod-og-fjara-geirfugl-200x133.jpg 200w, https:\/\/hedinn.is\/wp-content\/uploads\/2022\/09\/Flod-og-fjara-geirfugl-300x200.jpg 300w, https:\/\/hedinn.is\/wp-content\/uploads\/2022\/09\/Flod-og-fjara-geirfugl-400x267.jpg 400w, https:\/\/hedinn.is\/wp-content\/uploads\/2022\/09\/Flod-og-fjara-geirfugl-600x400.jpg 600w, https:\/\/hedinn.is\/wp-content\/uploads\/2022\/09\/Flod-og-fjara-geirfugl-768x512.jpg 768w, https:\/\/hedinn.is\/wp-content\/uploads\/2022\/09\/Flod-og-fjara-geirfugl.jpg 800w\" data-sizes=\"auto\" \/><\/a><\/div><div class=\"awb-imageframe-caption-container\"><div class=\"awb-imageframe-caption\"><p class=\"awb-imageframe-caption-text\">Ebb and Flow Geirfuglinn stands on a rock in the shoreline below Skeljatangi in Skerjafj\u00f6r\u00f0ur, pointing toward Eldey, where the last two great auks in Iceland are believed to have been killed in 1844. At high tide, the sculpture is surrounded by the sea.\n\nPhoto: P\u00e1ll Stef\u00e1nsson \/ H\u00e9\u00f0inn<\/p><\/div><\/div><\/div><\/li><\/ul><div class=\"fusion-carousel-nav\"><span class=\"fusion-nav-prev\"><\/span><span class=\"fusion-nav-next\"><\/span><\/div><\/div><\/div><\/div><style type=\"text\/css\">.awb-imageframe-style.awb-imageframe-style-1 .awb-imageframe-caption-container .awb-imageframe-caption-text{font-size:var(--awb-typography5-font-size);font-family:var(--awb-typography5-font-family);font-weight:var(--awb-typography5-font-weight);font-style:var(--awb-typography5-font-style);text-transform:var(--awb-typography5-text-transform);}<\/style><div class=\"fusion-sharing-box fusion-sharing-box-1 boxed-icons\" style=\"background-color:rgba(250,249,248,0);padding:0;margin-top:60px;\" data-title=\"H\u00e9\u00f0inn og j\u00e1rnsmi\u00f0ur \u00c1smundar\" data-description=\"H\u00e9\u00f0inn og j\u00e1rnsmi\u00f0ur \u00c1smundar H\u00e9\u00f0inn og hi\u00f0 fr\u00e6ga listaverk \u00c1smundar Sveinssonar hafa \u00e1tt samlei\u00f0 fr\u00e1 \u00f6ndver\u00f0u. Listaverki\u00f0 var t\u00e1knmynd gl\u00e6silegrar i\u00f0ns\u00fdningar 1952 og H\u00e9\u00f0insmenn \u00e1samt vinum h\u00f6f\u00f0u forg\u00f6ngu um a\u00f0 listaverki\u00f0 yr\u00f0i keypt og gefi\u00f0 I\u00f0nsk\u00f3lanum og Reykjav\u00edkurborg.Fr\u00e1 \u00fev\u00ed segir \u00ed \u00e1rei\u00f0anlegri heimild \u2013 t\u00edmariti i\u00f0na\u00f0armanna \u2013 a\u00f0 \u00e1 50 \u00e1ra afm\u00e6li I\u00f0nsk\u00f3lans, hausti\u00f0\" data-link=\"https:\/\/hedinn.is\/en\/hedinn-og-jarnsmidur-asmundar\/\"><h4 class=\"tagline\" style=\"color:#333c4e;\">Share the history <\/h4><div class=\"fusion-social-networks sharingbox-shortcode-icon-wrapper sharingbox-shortcode-icon-wrapper-1 boxed-icons\"><span><a href=\"https:\/\/www.facebook.com\/sharer.php?u=https%3A%2F%2Fhedinn.is%2Fen%2Fhedinn-og-jarnsmidur-asmundar%2F&amp;t=H%C3%A9%C3%B0inn%20og%20j%C3%A1rnsmi%C3%B0ur%20%C3%81smundar\" target=\"_blank\" rel=\"noreferrer\" title=\"Facebook\" aria-label=\"Facebook\" data-placement=\"top\" data-toggle=\"tooltip\" data-title=\"Facebook\"><i class=\"fusion-social-network-icon fusion-tooltip fusion-facebook awb-icon-facebook\" style=\"color:#ffffff;background-color:#3b5998;border-color:#3b5998;border-radius:4px;\" aria-hidden=\"true\"><\/i><\/a><\/span><span><a href=\"https:\/\/twitter.com\/share?text=H%C3%A9%C3%B0inn%20og%20j%C3%A1rnsmi%C3%B0ur%20%C3%81smundar&amp;url=https%3A%2F%2Fhedinn.is%2Fen%2Fhedinn-og-jarnsmidur-asmundar%2F\" target=\"_blank\" rel=\"noopener noreferrer\" title=\"Twitter\" aria-label=\"Twitter\" data-placement=\"top\" data-toggle=\"tooltip\" data-title=\"Twitter\"><i class=\"fusion-social-network-icon fusion-tooltip fusion-twitter awb-icon-twitter\" style=\"color:#ffffff;background-color:#55acee;border-color:#55acee;border-radius:4px;\" aria-hidden=\"true\"><\/i><\/a><\/span><span><a href=\"https:\/\/www.linkedin.com\/shareArticle?mini=true&amp;url=https%3A%2F%2Fhedinn.is%2Fen%2Fhedinn-og-jarnsmidur-asmundar%2F&amp;title=H%C3%A9%C3%B0inn%20og%20j%C3%A1rnsmi%C3%B0ur%20%C3%81smundar&amp;summary=H%C3%A9%C3%B0inn%20og%20j%C3%A1rnsmi%C3%B0ur%20%C3%81smundar%20%0D%0A%0D%0AH%C3%A9%C3%B0inn%20og%20hi%C3%B0%20fr%C3%A6ga%20listaverk%20%C3%81smundar%20Sveinssonar%20hafa%20%C3%A1tt%20samlei%C3%B0%20fr%C3%A1%20%C3%B6ndver%C3%B0u.%20Listaverki%C3%B0%20var%20t%C3%A1knmynd%20gl%C3%A6silegrar%20i%C3%B0ns%C3%BDningar%201952%20og%20H%C3%A9%C3%B0insmenn%20%C3%A1samt%20vinum%20h%C3%B6f%C3%B0u%20forg%C3%B6ngu%20um%20a%C3%B0%20listaverki%C3%B0%20yr%C3%B0i%20keypt%20og%20gefi%C3%B0%20I%C3%B0nsk%C3%B3lanum%20og%20Reykjav%C3%ADkurborg.%0D%0A%0D%0AFr%C3%A1%20%C3%BEv%C3%AD%20segir%20%C3%AD%20%C3%A1rei%C3%B0anlegri%20heimild%20%E2%80%93%20t%C3%ADmariti%20i%C3%B0na%C3%B0armanna%20%E2%80%93%20a%C3%B0%20%C3%A1%2050%20%C3%A1ra%20afm%C3%A6li%20I%C3%B0nsk%C3%B3lans%2C%20hausti%C3%B0\" target=\"_blank\" rel=\"noopener noreferrer\" title=\"LinkedIn\" aria-label=\"LinkedIn\" data-placement=\"top\" data-toggle=\"tooltip\" data-title=\"LinkedIn\"><i class=\"fusion-social-network-icon fusion-tooltip fusion-linkedin awb-icon-linkedin\" style=\"color:#ffffff;background-color:#0077b5;border-color:#0077b5;border-radius:4px;\" aria-hidden=\"true\"><\/i><\/a><\/span><span><a href=\"https:\/\/api.whatsapp.com\/send?text=https%3A%2F%2Fhedinn.is%2Fen%2Fhedinn-og-jarnsmidur-asmundar%2F\" target=\"_blank\" rel=\"noopener noreferrer\" title=\"WhatsApp\" aria-label=\"WhatsApp\" data-placement=\"top\" data-toggle=\"tooltip\" data-title=\"WhatsApp\"><i class=\"fusion-social-network-icon fusion-tooltip fusion-whatsapp awb-icon-whatsapp\" style=\"color:#ffffff;background-color:#77e878;border-color:#77e878;border-radius:4px;\" aria-hidden=\"true\"><\/i><\/a><\/span><span><a href=\"https:\/\/pinterest.com\/pin\/create\/button\/?url=https%3A%2F%2Fhedinn.is%2Fen%2Fhedinn-og-jarnsmidur-asmundar%2F&amp;description=H%C3%A9%C3%B0inn%20og%20j%C3%A1rnsmi%C3%B0ur%20%C3%81smundar%20%0D%0A%0D%0AH%C3%A9%C3%B0inn%20og%20hi%C3%B0%20fr%C3%A6ga%20listaverk%20%C3%81smundar%20Sveinssonar%20hafa%20%C3%A1tt%20samlei%C3%B0%20fr%C3%A1%20%C3%B6ndver%C3%B0u.%20Listaverki%C3%B0%20var%20t%C3%A1knmynd%20gl%C3%A6silegrar%20i%C3%B0ns%C3%BDningar%201952%20og%20H%C3%A9%C3%B0insmenn%20%C3%A1samt%20vinum%20h%C3%B6f%C3%B0u%20forg%C3%B6ngu%20um%20a%C3%B0%20listaverki%C3%B0%20yr%C3%B0i%20keypt%20og%20gefi%C3%B0%20I%C3%B0nsk%C3%B3lanum%20og%20Reykjav%C3%ADkurborg.%0D%0A%0D%0AFr%C3%A1%20%C3%BEv%C3%AD%20segir%20%C3%AD%20%C3%A1rei%C3%B0anlegri%20heimild%20%E2%80%93%20t%C3%ADmariti%20i%C3%B0na%C3%B0armanna%20%E2%80%93%20a%C3%B0%20%C3%A1%2050%20%C3%A1ra%20afm%C3%A6li%20I%C3%B0nsk%C3%B3lans%2C%20hausti%C3%B0&amp;media=\" target=\"_blank\" rel=\"noopener noreferrer\" title=\"Pinterest\" aria-label=\"Pinterest\" data-placement=\"top\" data-toggle=\"tooltip\" data-title=\"Pinterest\"><i class=\"fusion-social-network-icon fusion-tooltip fusion-pinterest awb-icon-pinterest\" style=\"color:#ffffff;background-color:#bd081c;border-color:#bd081c;border-radius:4px;\" aria-hidden=\"true\"><\/i><\/a><\/span><span><a href=\"mailto:?subject=H%C3%A9%C3%B0inn%20og%20j%C3%A1rnsmi%C3%B0ur%20%C3%81smundar&amp;body=https%3A%2F%2Fhedinn.is%2Fen%2Fhedinn-og-jarnsmidur-asmundar%2F\" target=\"_self\" title=\"Email\" aria-label=\"Email\" data-placement=\"top\" data-toggle=\"tooltip\" data-title=\"Email\"><i class=\"fusion-social-network-icon fusion-tooltip fusion-mail awb-icon-mail\" style=\"color:#ffffff;background-color:#000000;border-color:#000000;border-radius:4px;\" aria-hidden=\"true\"><\/i><\/a><\/span><\/div><\/div><style type=\"text\/css\">.fusion-sharing-box-1 h4{margin-bottom:0 !important;}.fusion-sharing-box-1{flex-direction:row !important;border-color:#cccccc !important;}.sharingbox-shortcode-icon-wrapper-1 span.sharingbox-shortcode-icon-separator{border-color:#cccccc !important;border-right-width:0px !important;}@media only screen and (max-width:1024px){.fusion-sharing-box-1 h4{margin-right:0.5em !important;margin-bottom:0 !important;}.sharingbox-shortcode-icon-wrapper-1{width:auto !important;justify-content:flex-end !important;}.fusion-sharing-box-1{align-items:center !important;} }@media only screen and (max-width:640px){.fusion-sharing-box-1{flex-direction: column !important;align-items:center !important;}.fusion-sharing-box-1 h4{margin-bottom:revert !important;}.sharingbox-shortcode-icon-wrapper-1{width:100% !important;justify-content:space-between !important;} }<\/style><\/div><style type=\"text\/css\">.fusion-body .fusion-builder-column-0{width:83.333333333333% !important;margin-top : 0px;margin-bottom : 40px;}.fusion-builder-column-0 > .fusion-column-wrapper {padding-top : 0px !important;padding-right : 0px !important;margin-right : 4.608%;padding-bottom : 0px !important;padding-left : 0px !important;margin-left : 2.304%;}@media only screen and (max-width:1024px) {.fusion-body .fusion-builder-column-0{width:100% !important;}.fusion-builder-column-0 > .fusion-column-wrapper {margin-right : 1.92%;margin-left : 1.92%;}}@media only screen and (max-width:640px) {.fusion-body .fusion-builder-column-0{width:100% !important;}.fusion-builder-column-0 > .fusion-column-wrapper {margin-right : 1.92%;margin-left : 1.92%;}}<\/style><\/div><div class=\"fusion-layout-column fusion_builder_column fusion-builder-column-1 fusion_builder_column_1_6 1_6 fusion-flex-column\"><div class=\"fusion-column-wrapper fusion-flex-justify-content-flex-start fusion-content-layout-column\" style=\"background-position:left top;background-repeat:no-repeat;-webkit-background-size:cover;-moz-background-size:cover;-o-background-size:cover;background-size:cover;padding: 0px 0px 0px 0px;\"><style type=\"text\/css\">@media only screen and (max-width:1024px) {.fusion-title.fusion-title-2{margin-top:10px!important; margin-right:0px!important;margin-bottom:20px!important;margin-left:0px!important;}}@media only screen and (max-width:640px) {.fusion-title.fusion-title-2{margin-top:10px!important; margin-right:0px!important;margin-bottom:20px!important; margin-left:0px!important;}}<\/style><div class=\"fusion-title title fusion-title-2 fusion-sep-none fusion-title-text fusion-title-size-five\" style=\"margin-top:10px;margin-right:0px;margin-bottom:20px;margin-left:0px;\"><h5 class=\"title-heading-left fusion-responsive-typography-calculated\" style=\"margin:0;--fontSize:14;--minFontSize:14px;line-height:2;\">H\u00e9\u00f0inn 100 \u00e1ra<\/h5><\/div><div class=\"fusion-blog-shortcode fusion-blog-shortcode-1 fusion-blog-archive fusion-blog-layout-medium fusion-blog-no\"><div class=\"fusion-posts-container fusion-posts-container-no fusion-no-meta-info fusion-blog-rollover\" data-pages=\"0\"><article id=\"blog-1-post-4610\" class=\"fusion-post-medium post-4610 post type-post status-publish format-standard has-post-thumbnail hentry category-hedinn-i-100-ar\">\n\t<style type=\"text\/css\">\n\t\t\n\t\t\n\t\t\n\t\t\n\t\t\t<\/style>\n\n\n\t\t\t<div class=\"fusion-flexslider flexslider fusion-flexslider-loading fusion-post-slideshow\" style=\"\">\n\t\t<ul class=\"slides\">\n\t\t\t\n\t\t\t\t\t\t\t\t\t\t\t\t\t\t<li><div  class=\"fusion-image-wrapper fusion-image-size-fixed\" aria-haspopup=\"true\">\n\t\t\t\t<img decoding=\"async\" width=\"320\" height=\"202\" src=\"https:\/\/hedinn.is\/wp-content\/uploads\/2022\/09\/Untitled-1-320x202.jpg\" class=\"attachment-blog-medium size-blog-medium lazyload wp-post-image\" alt=\"Vagga i\u00f0nbyltingar \u00e1 \u00cdslandi\" srcset=\"data:image\/svg+xml,%3Csvg%20xmlns%3D%27http%3A%2F%2Fwww.w3.org%2F2000%2Fsvg%27%20width%3D%27800%27%20height%3D%27533%27%20viewBox%3D%270%200%20800%20533%27%3E%3Crect%20width%3D%27800%27%20height%3D%27533%27%20fill-opacity%3D%220%22%2F%3E%3C%2Fsvg%3E\" data-orig-src=\"https:\/\/hedinn.is\/wp-content\/uploads\/2022\/09\/Untitled-1-320x202.jpg\" data-srcset=\"https:\/\/hedinn.is\/wp-content\/uploads\/2022\/09\/Untitled-1-320x202.jpg 320w, https:\/\/hedinn.is\/wp-content\/uploads\/2022\/09\/Untitled-1-700x441.jpg 700w\" data-sizes=\"auto\" \/><div class=\"fusion-rollover\">\n\t<div class=\"fusion-rollover-content\">\n\n\t\t\t\t\t\t\t\t\t\t\t\t\t\t<a class=\"fusion-rollover-link\" href=\"https:\/\/hedinn.is\/en\/vagga-idnbyltingarinnar-a-islandi\/\">The Cradle of Icelandic Industrialization<\/a>\n\t\t\t\n\t\t\t\t\t\t\t\t\t\t\t\t\t\t\n\t\t\t\t\t\t\t\t\n\t\t\t\t\t\t\t\t\t\t\t\t\t<div class=\"fusion-rollover-sep\"><\/div>\n\t\t\t\t\n\t\t\t\t\t\t\t\t\t\t\t\t\t\t\t\t\t\t<a class=\"fusion-rollover-gallery\" href=\"https:\/\/hedinn.is\/wp-content\/uploads\/2022\/09\/Untitled-1.jpg\" data-id=\"4610\" data-rel=\"iLightbox[gallery]\" data-title=\"\" data-caption=\"Lj\u00f3smynd: \u00dar safni Samuel Kadorian, lj\u00f3smyndara bandar\u00edska hersins\/Kvikmyndasafn \u00cdslands \">\n\t\t\t\t\t\tGallery\t\t\t\t\t<\/a>\n\t\t\t\t\t\t\t\t\t\t\t\t\t\t\n\t\t\n\t\t\t\t\t\t\t\t\n\t\t\t\t\t\t\t\t\n\t\t\n\t\t\t\t\t\t<a class=\"fusion-link-wrapper\" href=\"https:\/\/hedinn.is\/en\/vagga-idnbyltingarinnar-a-islandi\/\" aria-label=\"The Cradle of Icelandic Industrialization\"><\/a>\n\t<\/div>\n<\/div>\n<\/div>\n<\/li>\n\t\t\t\n\t\t\t\n\t\t\t\t\t\t\t\t\t\t\t\t\t\t\t\t\t\t\t\t\t\t\t\t\t\t\t\t\t\t\t\t\t\t\t\t\t\t\t\t\t\t\t\t\t\t\t\t\t\t\t\t\t\t\t\t\t\t\t\t\t\t\t\t\t\t\t\t<\/ul>\n\t<\/div>\n\t<div class=\"fusion-post-content post-content\"><h2 class=\"blog-shortcode-post-title\"><a href=\"https:\/\/hedinn.is\/en\/vagga-idnbyltingarinnar-a-islandi\/\">The Cradle of Icelandic Industrialization<\/a><\/h2><\/div><div class=\"fusion-clearfix\"><\/div><\/article>\n<article id=\"blog-1-post-4759\" class=\"fusion-post-medium post-4759 post type-post status-publish format-standard has-post-thumbnail hentry category-hedinn-i-100-ar\">\n\t<style type=\"text\/css\">\n\t\t\n\t\t\n\t\t\n\t\t\n\t\t\t<\/style>\n\n\n\t\t\t<div class=\"fusion-flexslider flexslider fusion-flexslider-loading fusion-post-slideshow\" style=\"\">\n\t\t<ul class=\"slides\">\n\t\t\t\n\t\t\t\t\t\t\t\t\t\t\t\t\t\t<li><div  class=\"fusion-image-wrapper fusion-image-size-fixed\" aria-haspopup=\"true\">\n\t\t\t\t<img decoding=\"async\" width=\"320\" height=\"202\" src=\"https:\/\/hedinn.is\/wp-content\/uploads\/2022\/09\/MARKU\u2560uS-I\u2560uVARSSON-40x60-RGB-min-320x202.jpg\" class=\"attachment-blog-medium size-blog-medium lazyload wp-post-image\" alt=\"\" srcset=\"data:image\/svg+xml,%3Csvg%20xmlns%3D%27http%3A%2F%2Fwww.w3.org%2F2000%2Fsvg%27%20width%3D%27800%27%20height%3D%27533%27%20viewBox%3D%270%200%20800%20533%27%3E%3Crect%20width%3D%27800%27%20height%3D%27533%27%20fill-opacity%3D%220%22%2F%3E%3C%2Fsvg%3E\" data-orig-src=\"https:\/\/hedinn.is\/wp-content\/uploads\/2022\/09\/MARKU\u2560uS-I\u2560uVARSSON-40x60-RGB-min-320x202.jpg\" data-srcset=\"https:\/\/hedinn.is\/wp-content\/uploads\/2022\/09\/MARKU\u2560uS-I\u2560uVARSSON-40x60-RGB-min-320x202.jpg 320w, https:\/\/hedinn.is\/wp-content\/uploads\/2022\/09\/MARKU\u2560uS-I\u2560uVARSSON-40x60-RGB-min-700x441.jpg 700w\" data-sizes=\"auto\" \/><div class=\"fusion-rollover\">\n\t<div class=\"fusion-rollover-content\">\n\n\t\t\t\t\t\t\t\t\t\t\t\t\t\t<a class=\"fusion-rollover-link\" href=\"https:\/\/hedinn.is\/en\/markus-ivarsson\/\">Mark\u00fas \u00cdvarsson<\/a>\n\t\t\t\n\t\t\t\t\t\t\t\t\t\t\t\t\t\t\n\t\t\t\t\t\t\t\t\n\t\t\t\t\t\t\t\t\t\t\t\t\t<div class=\"fusion-rollover-sep\"><\/div>\n\t\t\t\t\n\t\t\t\t\t\t\t\t\t\t\t\t\t\t\t\t\t\t<a class=\"fusion-rollover-gallery\" href=\"https:\/\/hedinn.is\/wp-content\/uploads\/2022\/09\/MARKU\u2560uS-I\u2560uVARSSON-40x60-RGB-min.jpgvvvv\" data-id=\"4759\" data-rel=\"iLightbox[gallery]\" data-title=\"Mark\u00fas \u00cdvarsson\" data-caption=\"\">\n\t\t\t\t\t\tGallery\t\t\t\t\t<\/a>\n\t\t\t\t\t\t\t\t\t\t\t\t\t\t\n\t\t\n\t\t\t\t\t\t\t\t\n\t\t\t\t\t\t\t\t\n\t\t\n\t\t\t\t\t\t<a class=\"fusion-link-wrapper\" href=\"https:\/\/hedinn.is\/en\/markus-ivarsson\/\" aria-label=\"Mark\u00fas \u00cdvarsson\"><\/a>\n\t<\/div>\n<\/div>\n<\/div>\n<\/li>\n\t\t\t\n\t\t\t\n\t\t\t\t\t\t\t\t\t\t\t\t\t\t\t\t\t\t\t\t\t\t\t\t\t\t\t\t\t\t\t\t\t\t\t\t\t\t\t\t\t\t\t\t\t\t\t\t\t\t\t\t\t\t\t\t\t\t\t\t\t\t\t\t\t\t\t\t<\/ul>\n\t<\/div>\n\t<div class=\"fusion-post-content post-content\"><h2 class=\"blog-shortcode-post-title\"><a href=\"https:\/\/hedinn.is\/en\/markus-ivarsson\/\">Mark\u00fas \u00cdvarsson<\/a><\/h2><\/div><div class=\"fusion-clearfix\"><\/div><\/article>\n<article id=\"blog-1-post-4767\" class=\"fusion-post-medium post-4767 post type-post status-publish format-standard has-post-thumbnail hentry category-hedinn-i-100-ar\">\n\t<style type=\"text\/css\">\n\t\t\n\t\t\n\t\t\n\t\t\n\t\t\t<\/style>\n\n\n\t\t\t<div class=\"fusion-flexslider flexslider fusion-flexslider-loading fusion-post-slideshow\" style=\"\">\n\t\t<ul class=\"slides\">\n\t\t\t\n\t\t\t\t\t\t\t\t\t\t\t\t\t\t<li><div  class=\"fusion-image-wrapper fusion-image-size-fixed\" aria-haspopup=\"true\">\n\t\t\t\t<img decoding=\"async\" width=\"320\" height=\"202\" src=\"https:\/\/hedinn.is\/wp-content\/uploads\/2022\/09\/Bjarni-thorsteinsson-fm-320x202.jpg\" class=\"attachment-blog-medium size-blog-medium lazyload wp-post-image\" alt=\"\" srcset=\"data:image\/svg+xml,%3Csvg%20xmlns%3D%27http%3A%2F%2Fwww.w3.org%2F2000%2Fsvg%27%20width%3D%27800%27%20height%3D%27533%27%20viewBox%3D%270%200%20800%20533%27%3E%3Crect%20width%3D%27800%27%20height%3D%27533%27%20fill-opacity%3D%220%22%2F%3E%3C%2Fsvg%3E\" data-orig-src=\"https:\/\/hedinn.is\/wp-content\/uploads\/2022\/09\/Bjarni-thorsteinsson-fm-320x202.jpg\" data-srcset=\"https:\/\/hedinn.is\/wp-content\/uploads\/2022\/09\/Bjarni-thorsteinsson-fm-320x202.jpg 320w, https:\/\/hedinn.is\/wp-content\/uploads\/2022\/09\/Bjarni-thorsteinsson-fm-700x441.jpg 700w\" data-sizes=\"auto\" \/><div class=\"fusion-rollover\">\n\t<div class=\"fusion-rollover-content\">\n\n\t\t\t\t\t\t\t\t\t\t\t\t\t\t<a class=\"fusion-rollover-link\" href=\"https:\/\/hedinn.is\/en\/bjarni-thorsteinsson\/\">Bjarni \u00deorsteinsson<\/a>\n\t\t\t\n\t\t\t\t\t\t\t\t\t\t\t\t\t\t\n\t\t\t\t\t\t\t\t\n\t\t\t\t\t\t\t\t\t\t\t\t\t<div class=\"fusion-rollover-sep\"><\/div>\n\t\t\t\t\n\t\t\t\t\t\t\t\t\t\t\t\t\t\t\t\t\t\t<a class=\"fusion-rollover-gallery\" href=\"https:\/\/hedinn.is\/wp-content\/uploads\/2022\/09\/Bjarni-thorsteinsson-fm.jpg\" data-id=\"4767\" data-rel=\"iLightbox[gallery]\" data-title=\"Bjarni thorsteinsson fm\" data-caption=\"\">\n\t\t\t\t\t\tGallery\t\t\t\t\t<\/a>\n\t\t\t\t\t\t\t\t\t\t\t\t\t\t\n\t\t\n\t\t\t\t\t\t\t\t\n\t\t\t\t\t\t\t\t\n\t\t\n\t\t\t\t\t\t<a class=\"fusion-link-wrapper\" href=\"https:\/\/hedinn.is\/en\/bjarni-thorsteinsson\/\" aria-label=\"Bjarni \u00deorsteinsson\"><\/a>\n\t<\/div>\n<\/div>\n<\/div>\n<\/li>\n\t\t\t\n\t\t\t\n\t\t\t\t\t\t\t\t\t\t\t\t\t\t\t\t\t\t\t\t\t\t\t\t\t\t\t\t\t\t\t\t\t\t\t\t\t\t\t\t\t\t\t\t\t\t\t\t\t\t\t\t\t\t\t\t\t\t\t\t\t\t\t\t\t\t\t\t<\/ul>\n\t<\/div>\n\t<div class=\"fusion-post-content post-content\"><h2 class=\"blog-shortcode-post-title\"><a href=\"https:\/\/hedinn.is\/en\/bjarni-thorsteinsson\/\">Bjarni \u00deorsteinsson<\/a><\/h2><\/div><div class=\"fusion-clearfix\"><\/div><\/article>\n<article id=\"blog-1-post-4771\" class=\"fusion-post-medium post-4771 post type-post status-publish format-standard has-post-thumbnail hentry category-hedinn-i-100-ar\">\n\t<style type=\"text\/css\">\n\t\t\n\t\t\n\t\t\n\t\t\n\t\t\t<\/style>\n\n\n\t\t\t<div class=\"fusion-flexslider flexslider fusion-flexslider-loading fusion-post-slideshow\" style=\"\">\n\t\t<ul class=\"slides\">\n\t\t\t\n\t\t\t\t\t\t\t\t\t\t\t\t\t\t<li><div  class=\"fusion-image-wrapper fusion-image-size-fixed\" aria-haspopup=\"true\">\n\t\t\t\t<img decoding=\"async\" width=\"320\" height=\"202\" src=\"https:\/\/hedinn.is\/wp-content\/uploads\/2022\/09\/Ekki-eru-allar-ferdir-til-fjar-320x202.jpg\" class=\"attachment-blog-medium size-blog-medium lazyload wp-post-image\" alt=\"Ekki eru allar fer\u00f0ir til fj\u00e1r\" srcset=\"data:image\/svg+xml,%3Csvg%20xmlns%3D%27http%3A%2F%2Fwww.w3.org%2F2000%2Fsvg%27%20width%3D%27800%27%20height%3D%27533%27%20viewBox%3D%270%200%20800%20533%27%3E%3Crect%20width%3D%27800%27%20height%3D%27533%27%20fill-opacity%3D%220%22%2F%3E%3C%2Fsvg%3E\" data-orig-src=\"https:\/\/hedinn.is\/wp-content\/uploads\/2022\/09\/Ekki-eru-allar-ferdir-til-fjar-320x202.jpg\" data-srcset=\"https:\/\/hedinn.is\/wp-content\/uploads\/2022\/09\/Ekki-eru-allar-ferdir-til-fjar-320x202.jpg 320w, https:\/\/hedinn.is\/wp-content\/uploads\/2022\/09\/Ekki-eru-allar-ferdir-til-fjar-700x441.jpg 700w\" data-sizes=\"auto\" \/><div class=\"fusion-rollover\">\n\t<div class=\"fusion-rollover-content\">\n\n\t\t\t\t\t\t\t\t\t\t\t\t\t\t<a class=\"fusion-rollover-link\" href=\"https:\/\/hedinn.is\/en\/dotturfelagid-jarnsteypan-i-reykjavik\/\">The Subsidiary J\u00e1rnsteypan in Reykjav\u00edk<\/a>\n\t\t\t\n\t\t\t\t\t\t\t\t\t\t\t\t\t\t\n\t\t\t\t\t\t\t\t\n\t\t\t\t\t\t\t\t\t\t\t\t\t<div class=\"fusion-rollover-sep\"><\/div>\n\t\t\t\t\n\t\t\t\t\t\t\t\t\t\t\t\t\t\t\t\t\t\t<a class=\"fusion-rollover-gallery\" href=\"https:\/\/hedinn.is\/wp-content\/uploads\/2022\/09\/Ekki-eru-allar-ferdir-til-fjar.jpg\" data-id=\"4771\" data-rel=\"iLightbox[gallery]\" data-title=\"\" data-caption=\"\">\n\t\t\t\t\t\tGallery\t\t\t\t\t<\/a>\n\t\t\t\t\t\t\t\t\t\t\t\t\t\t\n\t\t\n\t\t\t\t\t\t\t\t\n\t\t\t\t\t\t\t\t\n\t\t\n\t\t\t\t\t\t<a class=\"fusion-link-wrapper\" href=\"https:\/\/hedinn.is\/en\/dotturfelagid-jarnsteypan-i-reykjavik\/\" aria-label=\"The Subsidiary J\u00e1rnsteypan in Reykjav\u00edk\"><\/a>\n\t<\/div>\n<\/div>\n<\/div>\n<\/li>\n\t\t\t\n\t\t\t\n\t\t\t\t\t\t\t\t\t\t\t\t\t\t\t\t\t\t\t\t\t\t\t\t\t\t\t\t\t\t\t\t\t\t\t\t\t\t\t\t\t\t\t\t\t\t\t\t\t\t\t\t\t\t\t\t\t\t\t\t\t\t\t\t\t\t\t\t<\/ul>\n\t<\/div>\n\t<div class=\"fusion-post-content post-content\"><h2 class=\"blog-shortcode-post-title\"><a href=\"https:\/\/hedinn.is\/en\/dotturfelagid-jarnsteypan-i-reykjavik\/\">The Subsidiary J\u00e1rnsteypan in Reykjav\u00edk<\/a><\/h2><\/div><div class=\"fusion-clearfix\"><\/div><\/article>\n<article id=\"blog-1-post-3392\" class=\"fusion-post-medium post-3392 post type-post status-publish format-standard has-post-thumbnail hentry category-hedinn-i-100-ar\">\n\t<style type=\"text\/css\">\n\t\t\n\t\t\n\t\t\n\t\t\n\t\t\t<\/style>\n\n\n\t\t\t<div class=\"fusion-flexslider flexslider fusion-flexslider-loading fusion-post-slideshow\" style=\"\">\n\t\t<ul class=\"slides\">\n\t\t\t\n\t\t\t\t\t\t\t\t\t\t\t\t\t\t<li><div  class=\"fusion-image-wrapper fusion-image-size-fixed\" aria-haspopup=\"true\">\n\t\t\t\t<img decoding=\"async\" width=\"320\" height=\"202\" src=\"https:\/\/hedinn.is\/wp-content\/uploads\/2022\/04\/Hedinn-i-100-ar-slider-320x202.jpg\" class=\"attachment-blog-medium size-blog-medium lazyload wp-post-image\" alt=\"\" srcset=\"data:image\/svg+xml,%3Csvg%20xmlns%3D%27http%3A%2F%2Fwww.w3.org%2F2000%2Fsvg%27%20width%3D%272000%27%20height%3D%271100%27%20viewBox%3D%270%200%202000%201100%27%3E%3Crect%20width%3D%272000%27%20height%3D%271100%27%20fill-opacity%3D%220%22%2F%3E%3C%2Fsvg%3E\" data-orig-src=\"https:\/\/hedinn.is\/wp-content\/uploads\/2022\/04\/Hedinn-i-100-ar-slider-320x202.jpg\" data-srcset=\"https:\/\/hedinn.is\/wp-content\/uploads\/2022\/04\/Hedinn-i-100-ar-slider-320x202.jpg 320w, https:\/\/hedinn.is\/wp-content\/uploads\/2022\/04\/Hedinn-i-100-ar-slider-700x441.jpg 700w\" data-sizes=\"auto\" \/><div class=\"fusion-rollover\">\n\t<div class=\"fusion-rollover-content\">\n\n\t\t\t\t\t\t\t\t\t\t\t\t\t\t<a class=\"fusion-rollover-link\" href=\"https:\/\/hedinn.is\/en\/husnaedi-og-mannahald\/\">Facilities and Workforce<\/a>\n\t\t\t\n\t\t\t\t\t\t\t\t\t\t\t\t\t\t\n\t\t\t\t\t\t\t\t\n\t\t\t\t\t\t\t\t\t\t\t\t\t<div class=\"fusion-rollover-sep\"><\/div>\n\t\t\t\t\n\t\t\t\t\t\t\t\t\t\t\t\t\t\t\t\t\t\t<a class=\"fusion-rollover-gallery\" href=\"https:\/\/hedinn.is\/wp-content\/uploads\/2022\/04\/Hedinn-i-100-ar-slider.jpg\" data-id=\"3392\" data-rel=\"iLightbox[gallery]\" data-title=\"H\u00e9\u00f0inn-\u00ed-100-\u00e1r---slider\" data-caption=\"\">\n\t\t\t\t\t\tGallery\t\t\t\t\t<\/a>\n\t\t\t\t\t\t\t\t\t\t\t\t\t\t\n\t\t\n\t\t\t\t\t\t\t\t\n\t\t\t\t\t\t\t\t\n\t\t\n\t\t\t\t\t\t<a class=\"fusion-link-wrapper\" href=\"https:\/\/hedinn.is\/en\/husnaedi-og-mannahald\/\" aria-label=\"Facilities and Workforce\"><\/a>\n\t<\/div>\n<\/div>\n<\/div>\n<\/li>\n\t\t\t\n\t\t\t\n\t\t\t\t\t\t\t\t\t\t\t\t\t\t\t\t\t\t\t\t\t\t\t\t\t\t\t\t\t\t\t\t\t\t\t\t\t\t\t\t\t\t\t\t\t\t\t\t\t\t\t\t\t\t\t\t\t\t\t\t\t\t\t\t\t\t\t\t<\/ul>\n\t<\/div>\n\t<div class=\"fusion-post-content post-content\"><h2 class=\"blog-shortcode-post-title\"><a href=\"https:\/\/hedinn.is\/en\/husnaedi-og-mannahald\/\">Facilities and Workforce<\/a><\/h2><\/div><div class=\"fusion-clearfix\"><\/div><\/article>\n<article id=\"blog-1-post-3678\" class=\"fusion-post-medium post-3678 post type-post status-publish format-standard has-post-thumbnail hentry category-hedinn-i-100-ar\">\n\t<style type=\"text\/css\">\n\t\t\n\t\t\n\t\t\n\t\t\n\t\t\t<\/style>\n\n\n\t\t\t<div class=\"fusion-flexslider flexslider fusion-flexslider-loading fusion-post-slideshow\" style=\"\">\n\t\t<ul class=\"slides\">\n\t\t\t\n\t\t\t\t\t\t\t\t\t\t\t\t\t\t<li><div  class=\"fusion-image-wrapper fusion-image-size-fixed\" aria-haspopup=\"true\">\n\t\t\t\t<img decoding=\"async\" width=\"320\" height=\"202\" src=\"https:\/\/hedinn.is\/wp-content\/uploads\/2022\/09\/A-skrifstofu-forstjora.jpg\" class=\"attachment-blog-medium size-blog-medium lazyload wp-post-image\" alt=\"\u00c1 skrifstofu forstj\u00f3ra\" srcset=\"https:\/\/hedinn.is\/wp-content\/uploads\/2022\/09\/A-skrifstofu-forstjora-200x133.jpg 200w, https:\/\/hedinn.is\/wp-content\/uploads\/2022\/09\/A-skrifstofu-forstjora-300x200.jpg 300w, https:\/\/hedinn.is\/wp-content\/uploads\/2022\/09\/A-skrifstofu-forstjora-400x267.jpg 400w, https:\/\/hedinn.is\/wp-content\/uploads\/2022\/09\/A-skrifstofu-forstjora-600x400.jpg 600w, https:\/\/hedinn.is\/wp-content\/uploads\/2022\/09\/A-skrifstofu-forstjora-768x512.jpg 768w, https:\/\/hedinn.is\/wp-content\/uploads\/2022\/09\/A-skrifstofu-forstjora.jpg 800w\" data-orig-src=\"https:\/\/hedinn.is\/wp-content\/uploads\/2022\/09\/A-skrifstofu-forstjora-320x202.jpg\" data-srcset=\"https:\/\/hedinn.is\/wp-content\/uploads\/2022\/09\/A-skrifstofu-forstjora-200x133.jpg 200w, https:\/\/hedinn.is\/wp-content\/uploads\/2022\/09\/A-skrifstofu-forstjora-300x200.jpg 300w, https:\/\/hedinn.is\/wp-content\/uploads\/2022\/09\/A-skrifstofu-forstjora-400x267.jpg 400w, https:\/\/hedinn.is\/wp-content\/uploads\/2022\/09\/A-skrifstofu-forstjora-600x400.jpg 600w, https:\/\/hedinn.is\/wp-content\/uploads\/2022\/09\/A-skrifstofu-forstjora-768x512.jpg 768w, https:\/\/hedinn.is\/wp-content\/uploads\/2022\/09\/A-skrifstofu-forstjora.jpg 800w\" data-sizes=\"auto\" \/><div class=\"fusion-rollover\">\n\t<div class=\"fusion-rollover-content\">\n\n\t\t\t\t\t\t\t\t\t\t\t\t\t\t<a class=\"fusion-rollover-link\" href=\"https:\/\/hedinn.is\/en\/sveinn-i-hedni\/\">Sveinn at H\u00e9\u00f0inn<\/a>\n\t\t\t\n\t\t\t\t\t\t\t\t\t\t\t\t\t\t\n\t\t\t\t\t\t\t\t\n\t\t\t\t\t\t\t\t\t\t\t\t\t<div class=\"fusion-rollover-sep\"><\/div>\n\t\t\t\t\n\t\t\t\t\t\t\t\t\t\t\t\t\t\t\t\t\t\t<a class=\"fusion-rollover-gallery\" href=\"https:\/\/hedinn.is\/wp-content\/uploads\/2022\/09\/A-skrifstofu-forstjora.jpg\" data-id=\"3678\" data-rel=\"iLightbox[gallery]\" data-title=\"\" data-caption=\"\">\n\t\t\t\t\t\tGallery\t\t\t\t\t<\/a>\n\t\t\t\t\t\t\t\t\t\t\t\t\t\t\n\t\t\n\t\t\t\t\t\t\t\t\n\t\t\t\t\t\t\t\t\n\t\t\n\t\t\t\t\t\t<a class=\"fusion-link-wrapper\" href=\"https:\/\/hedinn.is\/en\/sveinn-i-hedni\/\" aria-label=\"Sveinn at H\u00e9\u00f0inn\"><\/a>\n\t<\/div>\n<\/div>\n<\/div>\n<\/li>\n\t\t\t\n\t\t\t\n\t\t\t\t\t\t\t\t\t\t\t\t\t\t\t\t\t\t\t\t\t\t\t\t\t\t\t\t\t\t\t\t\t\t\t\t\t\t\t\t\t\t\t\t\t\t\t\t\t\t\t\t\t\t\t\t\t\t\t\t\t\t\t\t\t\t\t\t<\/ul>\n\t<\/div>\n\t<div class=\"fusion-post-content post-content\"><h2 class=\"blog-shortcode-post-title\"><a href=\"https:\/\/hedinn.is\/en\/sveinn-i-hedni\/\">Sveinn at H\u00e9\u00f0inn<\/a><\/h2><\/div><div class=\"fusion-clearfix\"><\/div><\/article>\n<article id=\"blog-1-post-3430\" class=\"fusion-post-medium post-3430 post type-post status-publish format-standard has-post-thumbnail hentry category-hedinn-i-100-ar\">\n\t<style type=\"text\/css\">\n\t\t\n\t\t\n\t\t\n\t\t\n\t\t\t<\/style>\n\n\n\t\t\t<div class=\"fusion-flexslider flexslider fusion-flexslider-loading fusion-post-slideshow\" style=\"\">\n\t\t<ul class=\"slides\">\n\t\t\t\n\t\t\t\t\t\t\t\t\t\t\t\t\t\t<li><div  class=\"fusion-image-wrapper fusion-image-size-fixed\" aria-haspopup=\"true\">\n\t\t\t\t<img decoding=\"async\" width=\"320\" height=\"202\" src=\"data:image\/svg+xml,%3Csvg%20xmlns%3D%27http%3A%2F%2Fwww.w3.org%2F2000%2Fsvg%27%20width%3D%27800%27%20height%3D%27374%27%20viewBox%3D%270%200%20800%20374%27%3E%3Crect%20width%3D%27800%27%20height%3D%27374%27%20fill-opacity%3D%220%22%2F%3E%3C%2Fsvg%3E\" class=\"attachment-blog-medium size-blog-medium lazyload wp-post-image\" alt=\"Sweet victories\" data-orig-src=\"https:\/\/hedinn.is\/wp-content\/uploads\/2022\/09\/Saetir-sigrar-320x202.jpg\" \/><div class=\"fusion-rollover\">\n\t<div class=\"fusion-rollover-content\">\n\n\t\t\t\t\t\t\t\t\t\t\t\t\t\t<a class=\"fusion-rollover-link\" href=\"https:\/\/hedinn.is\/en\/lifleg-felagsstarfsemi-i-hedinsnaustum\/\">Lively Social Life at H\u00e9\u00f0inn<\/a>\n\t\t\t\n\t\t\t\t\t\t\t\t\t\t\t\t\t\t\n\t\t\t\t\t\t\t\t\n\t\t\t\t\t\t\t\t\t\t\t\t\t<div class=\"fusion-rollover-sep\"><\/div>\n\t\t\t\t\n\t\t\t\t\t\t\t\t\t\t\t\t\t\t\t\t\t\t<a class=\"fusion-rollover-gallery\" href=\"https:\/\/hedinn.is\/wp-content\/uploads\/2022\/09\/Saetir-sigrar.jpg\" data-id=\"3430\" data-rel=\"iLightbox[gallery]\" data-title=\"\" data-caption=\"\">\n\t\t\t\t\t\tGallery\t\t\t\t\t<\/a>\n\t\t\t\t\t\t\t\t\t\t\t\t\t\t\n\t\t\n\t\t\t\t\t\t\t\t\n\t\t\t\t\t\t\t\t\n\t\t\n\t\t\t\t\t\t<a class=\"fusion-link-wrapper\" href=\"https:\/\/hedinn.is\/en\/lifleg-felagsstarfsemi-i-hedinsnaustum\/\" aria-label=\"Lively Social Life at H\u00e9\u00f0inn\"><\/a>\n\t<\/div>\n<\/div>\n<\/div>\n<\/li>\n\t\t\t\n\t\t\t\n\t\t\t\t\t\t\t\t\t\t\t\t\t\t\t\t\t\t\t\t\t\t\t\t\t\t\t\t\t\t\t\t\t\t\t\t\t\t\t\t\t\t\t\t\t\t\t\t\t\t\t\t\t\t\t\t\t\t\t\t\t\t\t\t\t\t\t\t<\/ul>\n\t<\/div>\n\t<div class=\"fusion-post-content post-content\"><h2 class=\"blog-shortcode-post-title\"><a href=\"https:\/\/hedinn.is\/en\/lifleg-felagsstarfsemi-i-hedinsnaustum\/\">Lively Social Life at H\u00e9\u00f0inn<\/a><\/h2><\/div><div class=\"fusion-clearfix\"><\/div><\/article>\n<article id=\"blog-1-post-3514\" class=\"fusion-post-medium post-3514 post type-post status-publish format-standard has-post-thumbnail hentry category-hedinn-i-100-ar\">\n\t<style type=\"text\/css\">\n\t\t\n\t\t\n\t\t\n\t\t\n\t\t\t<\/style>\n\n\n\t\t\t<div class=\"fusion-flexslider flexslider fusion-flexslider-loading fusion-post-slideshow\" style=\"\">\n\t\t<ul class=\"slides\">\n\t\t\t\n\t\t\t\t\t\t\t\t\t\t\t\t\t\t<li><div  class=\"fusion-image-wrapper fusion-image-size-fixed\" aria-haspopup=\"true\">\n\t\t\t\t<img decoding=\"async\" width=\"320\" height=\"202\" src=\"https:\/\/hedinn.is\/wp-content\/uploads\/2022\/05\/IMG_8610-320x202.jpg\" class=\"attachment-blog-medium size-blog-medium lazyload wp-post-image\" alt=\"\" srcset=\"data:image\/svg+xml,%3Csvg%20xmlns%3D%27http%3A%2F%2Fwww.w3.org%2F2000%2Fsvg%27%20width%3D%272272%27%20height%3D%271704%27%20viewBox%3D%270%200%202272%201704%27%3E%3Crect%20width%3D%272272%27%20height%3D%271704%27%20fill-opacity%3D%220%22%2F%3E%3C%2Fsvg%3E\" data-orig-src=\"https:\/\/hedinn.is\/wp-content\/uploads\/2022\/05\/IMG_8610-320x202.jpg\" data-srcset=\"https:\/\/hedinn.is\/wp-content\/uploads\/2022\/05\/IMG_8610-320x202.jpg 320w, https:\/\/hedinn.is\/wp-content\/uploads\/2022\/05\/IMG_8610-700x441.jpg 700w\" data-sizes=\"auto\" \/><div class=\"fusion-rollover\">\n\t<div class=\"fusion-rollover-content\">\n\n\t\t\t\t\t\t\t\t\t\t\t\t\t\t<a class=\"fusion-rollover-link\" href=\"https:\/\/hedinn.is\/en\/skarni-og-kalka\/\">Skarni and Kalka<\/a>\n\t\t\t\n\t\t\t\t\t\t\t\t\t\t\t\t\t\t\n\t\t\t\t\t\t\t\t\n\t\t\t\t\t\t\t\t\t\t\t\t\t<div class=\"fusion-rollover-sep\"><\/div>\n\t\t\t\t\n\t\t\t\t\t\t\t\t\t\t\t\t\t\t\t\t\t\t<a class=\"fusion-rollover-gallery\" href=\"https:\/\/hedinn.is\/wp-content\/uploads\/2022\/05\/IMG_8610.jpg\" data-id=\"3514\" data-rel=\"iLightbox[gallery]\" data-title=\"IMG_8610\" data-caption=\"\">\n\t\t\t\t\t\tGallery\t\t\t\t\t<\/a>\n\t\t\t\t\t\t\t\t\t\t\t\t\t\t\n\t\t\n\t\t\t\t\t\t\t\t\n\t\t\t\t\t\t\t\t\n\t\t\n\t\t\t\t\t\t<a class=\"fusion-link-wrapper\" href=\"https:\/\/hedinn.is\/en\/skarni-og-kalka\/\" aria-label=\"Skarni and Kalka\"><\/a>\n\t<\/div>\n<\/div>\n<\/div>\n<\/li>\n\t\t\t\n\t\t\t\n\t\t\t\t\t\t\t\t\t\t\t\t\t\t\t\t\t\t\t\t\t\t\t\t\t\t\t\t\t\t\t\t\t\t\t\t\t\t\t\t\t\t\t\t\t\t\t\t\t\t\t\t\t\t\t\t\t\t\t\t\t\t\t\t\t\t\t\t<\/ul>\n\t<\/div>\n\t<div class=\"fusion-post-content post-content\"><h2 class=\"blog-shortcode-post-title\"><a href=\"https:\/\/hedinn.is\/en\/skarni-og-kalka\/\">Skarni and Kalka<\/a><\/h2><\/div><div class=\"fusion-clearfix\"><\/div><\/article>\n<article id=\"blog-1-post-4834\" class=\"fusion-post-medium post-4834 post type-post status-publish format-standard has-post-thumbnail hentry category-hedinn-i-100-ar\">\n\t<style type=\"text\/css\">\n\t\t\n\t\t\n\t\t\n\t\t\n\t\t\t<\/style>\n\n\n\t\t\t<div class=\"fusion-flexslider flexslider fusion-flexslider-loading fusion-post-slideshow\" style=\"\">\n\t\t<ul class=\"slides\">\n\t\t\t\n\t\t\t\t\t\t\t\t\t\t\t\t\t\t<li><div  class=\"fusion-image-wrapper fusion-image-size-fixed\" aria-haspopup=\"true\">\n\t\t\t\t<img decoding=\"async\" width=\"320\" height=\"202\" src=\"https:\/\/hedinn.is\/wp-content\/uploads\/2022\/09\/Helga_Markusdottir2-min-320x202.jpg\" class=\"attachment-blog-medium size-blog-medium lazyload wp-post-image\" alt=\"\" srcset=\"data:image\/svg+xml,%3Csvg%20xmlns%3D%27http%3A%2F%2Fwww.w3.org%2F2000%2Fsvg%27%20width%3D%27800%27%20height%3D%27533%27%20viewBox%3D%270%200%20800%20533%27%3E%3Crect%20width%3D%27800%27%20height%3D%27533%27%20fill-opacity%3D%220%22%2F%3E%3C%2Fsvg%3E\" data-orig-src=\"https:\/\/hedinn.is\/wp-content\/uploads\/2022\/09\/Helga_Markusdottir2-min-320x202.jpg\" data-srcset=\"https:\/\/hedinn.is\/wp-content\/uploads\/2022\/09\/Helga_Markusdottir2-min-320x202.jpg 320w, https:\/\/hedinn.is\/wp-content\/uploads\/2022\/09\/Helga_Markusdottir2-min-700x441.jpg 700w\" data-sizes=\"auto\" \/><div class=\"fusion-rollover\">\n\t<div class=\"fusion-rollover-content\">\n\n\t\t\t\t\t\t\t\t\t\t\t\t\t\t<a class=\"fusion-rollover-link\" href=\"https:\/\/hedinn.is\/en\/helga-markusdottir-og-eldsmidurinn\/\">Helga Mark\u00fasd\u00f3ttir and Eldsmi\u00f0urinn (The Blacksmith)<\/a>\n\t\t\t\n\t\t\t\t\t\t\t\t\t\t\t\t\t\t\n\t\t\t\t\t\t\t\t\n\t\t\t\t\t\t\t\t\t\t\t\t\t<div class=\"fusion-rollover-sep\"><\/div>\n\t\t\t\t\n\t\t\t\t\t\t\t\t\t\t\t\t\t\t\t\t\t\t<a class=\"fusion-rollover-gallery\" href=\"https:\/\/hedinn.is\/wp-content\/uploads\/2022\/09\/Helga_Markusdottir2-min.jpg\" data-id=\"4834\" data-rel=\"iLightbox[gallery]\" data-title=\"Helga_Markusdottir2-min\" data-caption=\"\">\n\t\t\t\t\t\tGallery\t\t\t\t\t<\/a>\n\t\t\t\t\t\t\t\t\t\t\t\t\t\t\n\t\t\n\t\t\t\t\t\t\t\t\n\t\t\t\t\t\t\t\t\n\t\t\n\t\t\t\t\t\t<a class=\"fusion-link-wrapper\" href=\"https:\/\/hedinn.is\/en\/helga-markusdottir-og-eldsmidurinn\/\" aria-label=\"Helga Mark\u00fasd\u00f3ttir and Eldsmi\u00f0urinn (The Blacksmith)\"><\/a>\n\t<\/div>\n<\/div>\n<\/div>\n<\/li>\n\t\t\t\n\t\t\t\n\t\t\t\t\t\t\t\t\t\t\t\t\t\t\t\t\t\t\t\t\t\t\t\t\t\t\t\t\t\t\t\t\t\t\t\t\t\t\t\t\t\t\t\t\t\t\t\t\t\t\t\t\t\t\t\t\t\t\t\t\t\t\t\t\t\t\t\t<\/ul>\n\t<\/div>\n\t<div class=\"fusion-post-content post-content\"><h2 class=\"blog-shortcode-post-title\"><a href=\"https:\/\/hedinn.is\/en\/helga-markusdottir-og-eldsmidurinn\/\">Helga Mark\u00fasd\u00f3ttir and Eldsmi\u00f0urinn (The Blacksmith)<\/a><\/h2><\/div><div class=\"fusion-clearfix\"><\/div><\/article>\n<article id=\"blog-1-post-3508\" class=\"fusion-post-medium post-3508 post type-post status-publish format-standard has-post-thumbnail hentry category-hedinn-i-100-ar\">\n\t<style type=\"text\/css\">\n\t\t\n\t\t\n\t\t\n\t\t\n\t\t\t<\/style>\n\n\n\t\t\t<div class=\"fusion-flexslider flexslider fusion-flexslider-loading fusion-post-slideshow\" style=\"\">\n\t\t<ul class=\"slides\">\n\t\t\t\n\t\t\t\t\t\t\t\t\t\t\t\t\t\t<li><div  class=\"fusion-image-wrapper fusion-image-size-fixed\" aria-haspopup=\"true\">\n\t\t\t\t<img decoding=\"async\" width=\"320\" height=\"202\" src=\"https:\/\/hedinn.is\/wp-content\/uploads\/2022\/05\/Jarnasmidurinn-320x202.png\" class=\"attachment-blog-medium size-blog-medium lazyload wp-post-image\" alt=\"Jarnasmidurinn\" srcset=\"data:image\/svg+xml,%3Csvg%20xmlns%3D%27http%3A%2F%2Fwww.w3.org%2F2000%2Fsvg%27%20width%3D%271013%27%20height%3D%27723%27%20viewBox%3D%270%200%201013%20723%27%3E%3Crect%20width%3D%271013%27%20height%3D%27723%27%20fill-opacity%3D%220%22%2F%3E%3C%2Fsvg%3E\" data-orig-src=\"https:\/\/hedinn.is\/wp-content\/uploads\/2022\/05\/Jarnasmidurinn-320x202.png\" data-srcset=\"https:\/\/hedinn.is\/wp-content\/uploads\/2022\/05\/Jarnasmidurinn-320x202.png 320w, https:\/\/hedinn.is\/wp-content\/uploads\/2022\/05\/Jarnasmidurinn-700x441.png 700w\" data-sizes=\"auto\" \/><div class=\"fusion-rollover\">\n\t<div class=\"fusion-rollover-content\">\n\n\t\t\t\t\t\t\t\t\t\t\t\t\t\t<a class=\"fusion-rollover-link\" href=\"https:\/\/hedinn.is\/en\/hedinn-og-jarnsmidur-asmundar\/\">H\u00e9\u00f0inn and \u00c1smundur's j\u00e1rnsmi\u00f0ur (Ironworker)<\/a>\n\t\t\t\n\t\t\t\t\t\t\t\t\t\t\t\t\t\t\n\t\t\t\t\t\t\t\t\n\t\t\t\t\t\t\t\t\t\t\t\t\t<div class=\"fusion-rollover-sep\"><\/div>\n\t\t\t\t\n\t\t\t\t\t\t\t\t\t\t\t\t\t\t\t\t\t\t<a class=\"fusion-rollover-gallery\" href=\"https:\/\/hedinn.is\/wp-content\/uploads\/2022\/05\/Jarnasmidurinn.png\" data-id=\"3508\" data-rel=\"iLightbox[gallery]\" data-title=\"\" data-caption=\"\">\n\t\t\t\t\t\tGallery\t\t\t\t\t<\/a>\n\t\t\t\t\t\t\t\t\t\t\t\t\t\t\n\t\t\n\t\t\t\t\t\t\t\t\n\t\t\t\t\t\t\t\t\n\t\t\n\t\t\t\t\t\t<a class=\"fusion-link-wrapper\" href=\"https:\/\/hedinn.is\/en\/hedinn-og-jarnsmidur-asmundar\/\" aria-label=\"H\u00e9\u00f0inn and \u00c1smundur&#039;s j\u00e1rnsmi\u00f0ur (Ironworker)\"><\/a>\n\t<\/div>\n<\/div>\n<\/div>\n<\/li>\n\t\t\t\n\t\t\t\n\t\t\t\t\t\t\t\t\t\t\t\t\t\t\t\t\t\t\t\t\t\t\t\t\t\t\t\t\t\t\t\t\t\t\t\t\t\t\t\t\t\t\t\t\t\t\t\t\t\t\t\t\t\t\t\t\t\t\t\t\t\t\t\t\t\t\t\t<\/ul>\n\t<\/div>\n\t<div class=\"fusion-post-content post-content\"><h2 class=\"blog-shortcode-post-title\"><a href=\"https:\/\/hedinn.is\/en\/hedinn-og-jarnsmidur-asmundar\/\">H\u00e9\u00f0inn and \u00c1smundur's j\u00e1rnsmi\u00f0ur (Ironworker)<\/a><\/h2><\/div><div class=\"fusion-clearfix\"><\/div><\/article>\n<article id=\"blog-1-post-4848\" class=\"fusion-post-medium post-4848 post type-post status-publish format-standard has-post-thumbnail hentry category-hedinn-i-100-ar\">\n\t<style type=\"text\/css\">\n\t\t\n\t\t\n\t\t\n\t\t\n\t\t\t<\/style>\n\n\n\t\t\t<div class=\"fusion-flexslider flexslider fusion-flexslider-loading fusion-post-slideshow\" style=\"\">\n\t\t<ul class=\"slides\">\n\t\t\t\n\t\t\t\t\t\t\t\t\t\t\t\t\t\t<li><div  class=\"fusion-image-wrapper fusion-image-size-fixed\" aria-haspopup=\"true\">\n\t\t\t\t<img decoding=\"async\" width=\"320\" height=\"202\" src=\"https:\/\/hedinn.is\/wp-content\/uploads\/2022\/09\/Oliutankar-320x202.jpg\" class=\"attachment-blog-medium size-blog-medium lazyload wp-post-image\" alt=\"Ol\u00edutankar\" srcset=\"data:image\/svg+xml,%3Csvg%20xmlns%3D%27http%3A%2F%2Fwww.w3.org%2F2000%2Fsvg%27%20width%3D%27800%27%20height%3D%27533%27%20viewBox%3D%270%200%20800%20533%27%3E%3Crect%20width%3D%27800%27%20height%3D%27533%27%20fill-opacity%3D%220%22%2F%3E%3C%2Fsvg%3E\" data-orig-src=\"https:\/\/hedinn.is\/wp-content\/uploads\/2022\/09\/Oliutankar-320x202.jpg\" data-srcset=\"https:\/\/hedinn.is\/wp-content\/uploads\/2022\/09\/Oliutankar-320x202.jpg 320w, https:\/\/hedinn.is\/wp-content\/uploads\/2022\/09\/Oliutankar-700x441.jpg 700w\" data-sizes=\"auto\" \/><div class=\"fusion-rollover\">\n\t<div class=\"fusion-rollover-content\">\n\n\t\t\t\t\t\t\t\t\t\t\t\t\t\t<a class=\"fusion-rollover-link\" href=\"https:\/\/hedinn.is\/en\/tankar\/\">Tanks<\/a>\n\t\t\t\n\t\t\t\t\t\t\t\t\t\t\t\t\t\t\n\t\t\t\t\t\t\t\t\n\t\t\t\t\t\t\t\t\t\t\t\t\t<div class=\"fusion-rollover-sep\"><\/div>\n\t\t\t\t\n\t\t\t\t\t\t\t\t\t\t\t\t\t\t\t\t\t\t<a class=\"fusion-rollover-gallery\" href=\"https:\/\/hedinn.is\/wp-content\/uploads\/2022\/09\/Oliutankar.jpg\" data-id=\"4848\" data-rel=\"iLightbox[gallery]\" data-title=\"\" data-caption=\"Ol\u00edutankur \u00e1 Skagastr\u00f6nd Myndirnar eru teknar \u00e1 Skagastr\u00f6nd 1947 og s\u00fdna n\u00fdsm\u00ed\u00f0a\u00f0an ol\u00edugeymi \u00e1samt vinnub\u00fa\u00f0um starfsmanna H\u00e9\u00f0ins sem \u00fe\u00e1 h\u00e9ldu til \u00ed tj\u00f6ldum eins og t\u00ed\u00f0ka\u00f0ist gjarnan. H\u00e6gri myndin s\u00fdnir starfsmenn H\u00e9\u00f0ins ra\u00f0a s\u00e9r \u00ed stiga ol\u00edutanksins a\u00f0 verki loknu. Lj\u00f3smyndir: H\u00f6fundur \u00f3\u00feekktur\/H\u00e9\u00f0inn \">\n\t\t\t\t\t\tGallery\t\t\t\t\t<\/a>\n\t\t\t\t\t\t\t\t\t\t\t\t\t\t\n\t\t\n\t\t\t\t\t\t\t\t\n\t\t\t\t\t\t\t\t\n\t\t\n\t\t\t\t\t\t<a class=\"fusion-link-wrapper\" href=\"https:\/\/hedinn.is\/en\/tankar\/\" aria-label=\"Tanks\"><\/a>\n\t<\/div>\n<\/div>\n<\/div>\n<\/li>\n\t\t\t\n\t\t\t\n\t\t\t\t\t\t\t\t\t\t\t\t\t\t\t\t\t\t\t\t\t\t\t\t\t\t\t\t\t\t\t\t\t\t\t\t\t\t\t\t\t\t\t\t\t\t\t\t\t\t\t\t\t\t\t\t\t\t\t\t\t\t\t\t\t\t\t\t<\/ul>\n\t<\/div>\n\t<div class=\"fusion-post-content post-content\"><h2 class=\"blog-shortcode-post-title\"><a href=\"https:\/\/hedinn.is\/en\/tankar\/\">Tanks<\/a><\/h2><\/div><div class=\"fusion-clearfix\"><\/div><\/article>\n<article id=\"blog-1-post-4851\" class=\"fusion-post-medium post-4851 post type-post status-publish format-standard has-post-thumbnail hentry category-hedinn-i-100-ar\">\n\t<style type=\"text\/css\">\n\t\t\n\t\t\n\t\t\n\t\t\n\t\t\t<\/style>\n\n\n\t\t\t<div class=\"fusion-flexslider flexslider fusion-flexslider-loading fusion-post-slideshow\" style=\"\">\n\t\t<ul class=\"slides\">\n\t\t\t\n\t\t\t\t\t\t\t\t\t\t\t\t\t\t<li><div  class=\"fusion-image-wrapper fusion-image-size-fixed\" aria-haspopup=\"true\">\n\t\t\t\t<img decoding=\"async\" width=\"320\" height=\"202\" src=\"https:\/\/hedinn.is\/wp-content\/uploads\/2022\/09\/Vardskipid-THor-2-320x202.jpg\" class=\"attachment-blog-medium size-blog-medium lazyload wp-post-image\" alt=\"Var\u00f0skipi\u00f0 \u00de\u00f3r 2\" srcset=\"data:image\/svg+xml,%3Csvg%20xmlns%3D%27http%3A%2F%2Fwww.w3.org%2F2000%2Fsvg%27%20width%3D%27800%27%20height%3D%27533%27%20viewBox%3D%270%200%20800%20533%27%3E%3Crect%20width%3D%27800%27%20height%3D%27533%27%20fill-opacity%3D%220%22%2F%3E%3C%2Fsvg%3E\" data-orig-src=\"https:\/\/hedinn.is\/wp-content\/uploads\/2022\/09\/Vardskipid-THor-2-320x202.jpg\" data-srcset=\"https:\/\/hedinn.is\/wp-content\/uploads\/2022\/09\/Vardskipid-THor-2-320x202.jpg 320w, https:\/\/hedinn.is\/wp-content\/uploads\/2022\/09\/Vardskipid-THor-2-700x441.jpg 700w\" data-sizes=\"auto\" \/><div class=\"fusion-rollover\">\n\t<div class=\"fusion-rollover-content\">\n\n\t\t\t\t\t\t\t\t\t\t\t\t\t\t<a class=\"fusion-rollover-link\" href=\"https:\/\/hedinn.is\/en\/samfelld-saga-med-rolls-royce-marine-og-kongsberg\/\">A Continuous History with Rolls Royce Marine and Kongsberg<\/a>\n\t\t\t\n\t\t\t\t\t\t\t\t\t\t\t\t\t\t\n\t\t\t\t\t\t\t\t\n\t\t\t\t\t\t\t\t\t\t\t\t\t<div class=\"fusion-rollover-sep\"><\/div>\n\t\t\t\t\n\t\t\t\t\t\t\t\t\t\t\t\t\t\t\t\t\t\t<a class=\"fusion-rollover-gallery\" href=\"https:\/\/hedinn.is\/wp-content\/uploads\/2022\/09\/Vardskipid-THor-2.jpg\" data-id=\"4851\" data-rel=\"iLightbox[gallery]\" data-title=\"\" data-caption=\"Heimkoman Var\u00f0skipi\u00f0 \u00de\u00f3r kemur \u00ed heimah\u00f6fn \u00e1 \u00cdslandi \u00ed fyrsta sinn og er fagna\u00f0 \u00e1 vi\u00f0eigandi h\u00e1tt. \u00de\u00f3r er hanna\u00f0ur af Rolls Royce Marine og allur a\u00f0alv\u00e9lb\u00fana\u00f0ur skipsins er framleiddur af Rolls Royce og \u00fej\u00f3nusta\u00f0ur af H\u00e9\u00f0insm\u00f6nnum. Lj\u00f3smynd: \u00d3lafur Hauksson\/H\u00e9\u00f0inn\">\n\t\t\t\t\t\tGallery\t\t\t\t\t<\/a>\n\t\t\t\t\t\t\t\t\t\t\t\t\t\t\n\t\t\n\t\t\t\t\t\t\t\t\n\t\t\t\t\t\t\t\t\n\t\t\n\t\t\t\t\t\t<a class=\"fusion-link-wrapper\" href=\"https:\/\/hedinn.is\/en\/samfelld-saga-med-rolls-royce-marine-og-kongsberg\/\" aria-label=\"A Continuous History with Rolls Royce Marine and Kongsberg\"><\/a>\n\t<\/div>\n<\/div>\n<\/div>\n<\/li>\n\t\t\t\n\t\t\t\n\t\t\t\t\t\t\t\t\t\t\t\t\t\t\t\t\t\t\t\t\t\t\t\t\t\t\t\t\t\t\t\t\t\t\t\t\t\t\t\t\t\t\t\t\t\t\t\t\t\t\t\t\t\t\t\t\t\t\t\t\t\t\t\t\t\t\t\t<\/ul>\n\t<\/div>\n\t<div class=\"fusion-post-content post-content\"><h2 class=\"blog-shortcode-post-title\"><a href=\"https:\/\/hedinn.is\/en\/samfelld-saga-med-rolls-royce-marine-og-kongsberg\/\">A Continuous History with Rolls Royce Marine and Kongsberg<\/a><\/h2><\/div><div class=\"fusion-clearfix\"><\/div><\/article>\n<article id=\"blog-1-post-3422\" class=\"fusion-post-medium post-3422 post type-post status-publish format-standard has-post-thumbnail hentry category-hedinn-i-100-ar\">\n\t<style type=\"text\/css\">\n\t\t\n\t\t\n\t\t\n\t\t\n\t\t\t<\/style>\n\n\n\t\t\t<div class=\"fusion-flexslider flexslider fusion-flexslider-loading fusion-post-slideshow\" style=\"\">\n\t\t<ul class=\"slides\">\n\t\t\t\n\t\t\t\t\t\t\t\t\t\t\t\t\t\t<li><div  class=\"fusion-image-wrapper fusion-image-size-fixed\" aria-haspopup=\"true\">\n\t\t\t\t<img decoding=\"async\" width=\"320\" height=\"202\" src=\"https:\/\/hedinn.is\/wp-content\/uploads\/2022\/05\/III1968-320x202.jpg\" class=\"attachment-blog-medium size-blog-medium lazyload wp-post-image\" alt=\"_III1968\" srcset=\"data:image\/svg+xml,%3Csvg%20xmlns%3D%27http%3A%2F%2Fwww.w3.org%2F2000%2Fsvg%27%20width%3D%27800%27%20height%3D%27533%27%20viewBox%3D%270%200%20800%20533%27%3E%3Crect%20width%3D%27800%27%20height%3D%27533%27%20fill-opacity%3D%220%22%2F%3E%3C%2Fsvg%3E\" data-orig-src=\"https:\/\/hedinn.is\/wp-content\/uploads\/2022\/05\/III1968-320x202.jpg\" data-srcset=\"https:\/\/hedinn.is\/wp-content\/uploads\/2022\/05\/III1968-320x202.jpg 320w, https:\/\/hedinn.is\/wp-content\/uploads\/2022\/05\/III1968-700x441.jpg 700w\" data-sizes=\"auto\" \/><div class=\"fusion-rollover\">\n\t<div class=\"fusion-rollover-content\">\n\n\t\t\t\t\t\t\t\t\t\t\t\t\t\t<a class=\"fusion-rollover-link\" href=\"https:\/\/hedinn.is\/en\/hpp-proteinverksmidjan\/\">The HPP-protein plant<\/a>\n\t\t\t\n\t\t\t\t\t\t\t\t\t\t\t\t\t\t\n\t\t\t\t\t\t\t\t\n\t\t\t\t\t\t\t\t\t\t\t\t\t<div class=\"fusion-rollover-sep\"><\/div>\n\t\t\t\t\n\t\t\t\t\t\t\t\t\t\t\t\t\t\t\t\t\t\t<a class=\"fusion-rollover-gallery\" href=\"https:\/\/hedinn.is\/wp-content\/uploads\/2022\/05\/III1968.jpg\" data-id=\"3422\" data-rel=\"iLightbox[gallery]\" data-title=\"\" data-caption=\"HPP ne\u00f0an \u00feilja \u00ed togaranum Ilivileq \">\n\t\t\t\t\t\tGallery\t\t\t\t\t<\/a>\n\t\t\t\t\t\t\t\t\t\t\t\t\t\t\n\t\t\n\t\t\t\t\t\t\t\t\n\t\t\t\t\t\t\t\t\n\t\t\n\t\t\t\t\t\t<a class=\"fusion-link-wrapper\" href=\"https:\/\/hedinn.is\/en\/hpp-proteinverksmidjan\/\" aria-label=\"The HPP-protein plant\"><\/a>\n\t<\/div>\n<\/div>\n<\/div>\n<\/li>\n\t\t\t\n\t\t\t\n\t\t\t\t\t\t\t\t\t\t\t\t\t\t\t\t\t\t\t\t\t\t\t\t\t\t\t\t\t\t\t\t\t\t\t\t\t\t\t\t\t\t\t\t\t\t\t\t\t\t\t\t\t\t\t\t\t\t\t\t\t\t\t\t\t\t\t\t<\/ul>\n\t<\/div>\n\t<div class=\"fusion-post-content post-content\"><h2 class=\"blog-shortcode-post-title\"><a href=\"https:\/\/hedinn.is\/en\/hpp-proteinverksmidjan\/\">The HPP-protein plant<\/a><\/h2><\/div><div class=\"fusion-clearfix\"><\/div><\/article>\n<article id=\"blog-1-post-3454\" class=\"fusion-post-medium post-3454 post type-post status-publish format-standard has-post-thumbnail hentry category-hedinn-i-100-ar\">\n\t<style type=\"text\/css\">\n\t\t\n\t\t\n\t\t\n\t\t\n\t\t\t<\/style>\n\n\n\t\t\t<div class=\"fusion-flexslider flexslider fusion-flexslider-loading fusion-post-slideshow\" style=\"\">\n\t\t<ul class=\"slides\">\n\t\t\t\n\t\t\t\t\t\t\t\t\t\t\t\t\t\t<li><div  class=\"fusion-image-wrapper fusion-image-size-fixed\" aria-haspopup=\"true\">\n\t\t\t\t<img decoding=\"async\" width=\"320\" height=\"202\" src=\"https:\/\/hedinn.is\/wp-content\/uploads\/2022\/04\/VRIV5466-320x202.jpg\" class=\"attachment-blog-medium size-blog-medium lazyload wp-post-image\" alt=\"Hrein orka\" srcset=\"data:image\/svg+xml,%3Csvg%20xmlns%3D%27http%3A%2F%2Fwww.w3.org%2F2000%2Fsvg%27%20width%3D%27800%27%20height%3D%27533%27%20viewBox%3D%270%200%20800%20533%27%3E%3Crect%20width%3D%27800%27%20height%3D%27533%27%20fill-opacity%3D%220%22%2F%3E%3C%2Fsvg%3E\" data-orig-src=\"https:\/\/hedinn.is\/wp-content\/uploads\/2022\/04\/VRIV5466-320x202.jpg\" data-srcset=\"https:\/\/hedinn.is\/wp-content\/uploads\/2022\/04\/VRIV5466-320x202.jpg 320w, https:\/\/hedinn.is\/wp-content\/uploads\/2022\/04\/VRIV5466-700x441.jpg 700w\" data-sizes=\"auto\" \/><div class=\"fusion-rollover\">\n\t<div class=\"fusion-rollover-content\">\n\n\t\t\t\t\t\t\t\t\t\t\t\t\t\t<a class=\"fusion-rollover-link\" href=\"https:\/\/hedinn.is\/en\/thatttaka-i-fjolbreyttum-nyskopunarverkefnum\/\">Involved in a Wide Range of Innovation Projects<\/a>\n\t\t\t\n\t\t\t\t\t\t\t\t\t\t\t\t\t\t\n\t\t\t\t\t\t\t\t\n\t\t\t\t\t\t\t\t\t\t\t\t\t<div class=\"fusion-rollover-sep\"><\/div>\n\t\t\t\t\n\t\t\t\t\t\t\t\t\t\t\t\t\t\t\t\t\t\t<a class=\"fusion-rollover-gallery\" href=\"https:\/\/hedinn.is\/wp-content\/uploads\/2022\/04\/VRIV5466.jpg\" data-id=\"3454\" data-rel=\"iLightbox[gallery]\" data-title=\"\" data-caption=\"Hrein orka Fr\u00e1 verksmi\u00f0ju Vaxa Technologies sem er \u00ed Jar\u00f0hitagar\u00f0i Orku n\u00e1tt\u00farunnar \u00e1 Hellishei\u00f0i. Lj\u00f3smynd: P\u00e1ll Stef\u00e1nsson\/H\u00e9\u00f0inn\">\n\t\t\t\t\t\tGallery\t\t\t\t\t<\/a>\n\t\t\t\t\t\t\t\t\t\t\t\t\t\t\n\t\t\n\t\t\t\t\t\t\t\t\n\t\t\t\t\t\t\t\t\n\t\t\n\t\t\t\t\t\t<a class=\"fusion-link-wrapper\" href=\"https:\/\/hedinn.is\/en\/thatttaka-i-fjolbreyttum-nyskopunarverkefnum\/\" aria-label=\"Involved in a Wide Range of Innovation Projects\"><\/a>\n\t<\/div>\n<\/div>\n<\/div>\n<\/li>\n\t\t\t\n\t\t\t\n\t\t\t\t\t\t\t\t\t\t\t\t\t\t\t\t\t\t\t\t\t\t\t\t\t\t\t\t\t\t\t\t\t\t\t\t\t\t\t\t\t\t\t\t\t\t\t\t\t\t\t\t\t\t\t\t\t\t\t\t\t\t\t\t\t\t\t\t<\/ul>\n\t<\/div>\n\t<div class=\"fusion-post-content post-content\"><h2 class=\"blog-shortcode-post-title\"><a href=\"https:\/\/hedinn.is\/en\/thatttaka-i-fjolbreyttum-nyskopunarverkefnum\/\">Involved in a Wide Range of Innovation Projects<\/a><\/h2><\/div><div class=\"fusion-clearfix\"><\/div><\/article>\n<article id=\"blog-1-post-4858\" class=\"fusion-post-medium post-4858 post type-post status-publish format-standard has-post-thumbnail hentry category-hedinn-i-100-ar\">\n\t<style type=\"text\/css\">\n\t\t\n\t\t\n\t\t\n\t\t\n\t\t\t<\/style>\n\n\n\t\t\t<div class=\"fusion-flexslider flexslider fusion-flexslider-loading fusion-post-slideshow\" style=\"\">\n\t\t<ul class=\"slides\">\n\t\t\t\n\t\t\t\t\t\t\t\t\t\t\t\t\t\t<li><div  class=\"fusion-image-wrapper fusion-image-size-fixed\" aria-haspopup=\"true\">\n\t\t\t\t<img decoding=\"async\" width=\"320\" height=\"202\" src=\"https:\/\/hedinn.is\/wp-content\/uploads\/2022\/09\/Sveinssynir-320x202.jpg\" class=\"attachment-blog-medium size-blog-medium lazyload wp-post-image\" alt=\"Sveinssynir\" srcset=\"data:image\/svg+xml,%3Csvg%20xmlns%3D%27http%3A%2F%2Fwww.w3.org%2F2000%2Fsvg%27%20width%3D%27800%27%20height%3D%27533%27%20viewBox%3D%270%200%20800%20533%27%3E%3Crect%20width%3D%27800%27%20height%3D%27533%27%20fill-opacity%3D%220%22%2F%3E%3C%2Fsvg%3E\" data-orig-src=\"https:\/\/hedinn.is\/wp-content\/uploads\/2022\/09\/Sveinssynir-320x202.jpg\" data-srcset=\"https:\/\/hedinn.is\/wp-content\/uploads\/2022\/09\/Sveinssynir-320x202.jpg 320w, https:\/\/hedinn.is\/wp-content\/uploads\/2022\/09\/Sveinssynir-700x441.jpg 700w\" data-sizes=\"auto\" \/><div class=\"fusion-rollover\">\n\t<div class=\"fusion-rollover-content\">\n\n\t\t\t\t\t\t\t\t\t\t\t\t\t\t<a class=\"fusion-rollover-link\" href=\"https:\/\/hedinn.is\/en\/braedur-vid-stjorn\/\">Brothers in Charge<\/a>\n\t\t\t\n\t\t\t\t\t\t\t\t\t\t\t\t\t\t\n\t\t\t\t\t\t\t\t\n\t\t\t\t\t\t\t\t\t\t\t\t\t<div class=\"fusion-rollover-sep\"><\/div>\n\t\t\t\t\n\t\t\t\t\t\t\t\t\t\t\t\t\t\t\t\t\t\t<a class=\"fusion-rollover-gallery\" href=\"https:\/\/hedinn.is\/wp-content\/uploads\/2022\/09\/Sveinssynir.jpg\" data-id=\"4858\" data-rel=\"iLightbox[gallery]\" data-title=\"\" data-caption=\"Sveinssynir Sverrir til vinstri og Gu\u00f0mundur Sveinn \u00ed smi\u00f0ju H\u00e9\u00f0ins vi\u00f0 Gj\u00e1hellu. Lj\u00f3smynd: Baldur Kristj\u00e1nsson\/H\u00e9\u00f0inn\">\n\t\t\t\t\t\tGallery\t\t\t\t\t<\/a>\n\t\t\t\t\t\t\t\t\t\t\t\t\t\t\n\t\t\n\t\t\t\t\t\t\t\t\n\t\t\t\t\t\t\t\t\n\t\t\n\t\t\t\t\t\t<a class=\"fusion-link-wrapper\" href=\"https:\/\/hedinn.is\/en\/braedur-vid-stjorn\/\" aria-label=\"Brothers in Charge\"><\/a>\n\t<\/div>\n<\/div>\n<\/div>\n<\/li>\n\t\t\t\n\t\t\t\n\t\t\t\t\t\t\t\t\t\t\t\t\t\t\t\t\t\t\t\t\t\t\t\t\t\t\t\t\t\t\t\t\t\t\t\t\t\t\t\t\t\t\t\t\t\t\t\t\t\t\t\t\t\t\t\t\t\t\t\t\t\t\t\t\t\t\t\t<\/ul>\n\t<\/div>\n\t<div class=\"fusion-post-content post-content\"><h2 class=\"blog-shortcode-post-title\"><a href=\"https:\/\/hedinn.is\/en\/braedur-vid-stjorn\/\">Brothers in Charge<\/a><\/h2><\/div><div class=\"fusion-clearfix\"><\/div><\/article>\n<article id=\"blog-1-post-4864\" class=\"fusion-post-medium post-4864 post type-post status-publish format-standard has-post-thumbnail hentry category-hedinn-i-100-ar\">\n\t<style type=\"text\/css\">\n\t\t\n\t\t\n\t\t\n\t\t\n\t\t\t<\/style>\n\n\n\t\t\t<div class=\"fusion-flexslider flexslider fusion-flexslider-loading fusion-post-slideshow\" style=\"\">\n\t\t<ul class=\"slides\">\n\t\t\t\n\t\t\t\t\t\t\t\t\t\t\t\t\t\t<li><div  class=\"fusion-image-wrapper fusion-image-size-fixed\" aria-haspopup=\"true\">\n\t\t\t\t<img decoding=\"async\" width=\"320\" height=\"202\" src=\"https:\/\/hedinn.is\/wp-content\/uploads\/2022\/09\/Lykilmenn-320x202.jpg\" class=\"attachment-blog-medium size-blog-medium lazyload wp-post-image\" alt=\"Lykilmenn\" srcset=\"data:image\/svg+xml,%3Csvg%20xmlns%3D%27http%3A%2F%2Fwww.w3.org%2F2000%2Fsvg%27%20width%3D%27800%27%20height%3D%27533%27%20viewBox%3D%270%200%20800%20533%27%3E%3Crect%20width%3D%27800%27%20height%3D%27533%27%20fill-opacity%3D%220%22%2F%3E%3C%2Fsvg%3E\" data-orig-src=\"https:\/\/hedinn.is\/wp-content\/uploads\/2022\/09\/Lykilmenn-320x202.jpg\" data-srcset=\"https:\/\/hedinn.is\/wp-content\/uploads\/2022\/09\/Lykilmenn-320x202.jpg 320w, https:\/\/hedinn.is\/wp-content\/uploads\/2022\/09\/Lykilmenn-700x441.jpg 700w\" data-sizes=\"auto\" \/><div class=\"fusion-rollover\">\n\t<div class=\"fusion-rollover-content\">\n\n\t\t\t\t\t\t\t\t\t\t\t\t\t\t<a class=\"fusion-rollover-link\" href=\"https:\/\/hedinn.is\/en\/uppstokkun-i-eignarhaldi\/\">Restructuring of Ownership<\/a>\n\t\t\t\n\t\t\t\t\t\t\t\t\t\t\t\t\t\t\n\t\t\t\t\t\t\t\t\n\t\t\t\t\t\t\t\t\t\t\t\t\t<div class=\"fusion-rollover-sep\"><\/div>\n\t\t\t\t\n\t\t\t\t\t\t\t\t\t\t\t\t\t\t\t\t\t\t<a class=\"fusion-rollover-gallery\" href=\"https:\/\/hedinn.is\/wp-content\/uploads\/2022\/09\/Lykilmenn.jpg\" data-id=\"4864\" data-rel=\"iLightbox[gallery]\" data-title=\"\" data-caption=\"Lykilmenn Fr\u00e1 vinstri, Ingimar Bjarnason, R\u00f6gnvaldur Einarsson, n\u00faverandi framkv\u00e6mdastj\u00f3ri og Gunnar P\u00e1lsson. \u00deeir hafa fari\u00f0 me\u00f0 45 pr\u00f3sent hlut \u00ed H\u00e9\u00f0ni fr\u00e1 \u00e1rinu 2004. Lj\u00f3smynd: Baldur Kristj\u00e1nsson\/H\u00e9\u00f0inn\">\n\t\t\t\t\t\tGallery\t\t\t\t\t<\/a>\n\t\t\t\t\t\t\t\t\t\t\t\t\t\t\n\t\t\n\t\t\t\t\t\t\t\t\n\t\t\t\t\t\t\t\t\n\t\t\n\t\t\t\t\t\t<a class=\"fusion-link-wrapper\" href=\"https:\/\/hedinn.is\/en\/uppstokkun-i-eignarhaldi\/\" aria-label=\"Restructuring of Ownership\"><\/a>\n\t<\/div>\n<\/div>\n<\/div>\n<\/li>\n\t\t\t\n\t\t\t\n\t\t\t\t\t\t\t\t\t\t\t\t\t\t\t\t\t\t\t\t\t\t\t\t\t\t\t\t\t\t\t\t\t\t\t\t\t\t\t\t\t\t\t\t\t\t\t\t\t\t\t\t\t\t\t\t\t\t\t\t\t\t\t\t\t\t\t\t<\/ul>\n\t<\/div>\n\t<div class=\"fusion-post-content post-content\"><h2 class=\"blog-shortcode-post-title\"><a href=\"https:\/\/hedinn.is\/en\/uppstokkun-i-eignarhaldi\/\">Restructuring of Ownership<\/a><\/h2><\/div><div class=\"fusion-clearfix\"><\/div><\/article>\n<\/div><\/div><\/div><style type=\"text\/css\">.fusion-body .fusion-builder-column-1{width:16.666666666667% !important;margin-top : 10px;margin-bottom : 10px;}.fusion-builder-column-1 > .fusion-column-wrapper {padding-top : 0px !important;padding-right : 0px !important;margin-right : 11.52%;padding-bottom : 0px !important;padding-left : 0px !important;margin-left : 4.8%;}@media only screen and (max-width:1024px) {.fusion-body .fusion-builder-column-1{width:100% !important;order : 0;}.fusion-builder-column-1 > .fusion-column-wrapper {margin-right : 1.92%;margin-left : 1.92%;}}@media only screen and (max-width:640px) {.fusion-body .fusion-builder-column-1{width:100% !important;order : 0;}.fusion-builder-column-1 > .fusion-column-wrapper {margin-right : 1.92%;margin-left : 1.92%;}}<\/style><\/div><\/div><style type=\"text\/css\">.fusion-body .fusion-flex-container.fusion-builder-row-1{ padding-top : 0px;margin-top : 0px;padding-right : 0px;padding-bottom : 80px;margin-bottom : 0px;padding-left : 0px;}@media only screen and (max-width:1024px) {.fusion-body .fusion-flex-container.fusion-builder-row-1{ padding-right : 60px;padding-left : 60px;}}<\/style><\/div><div class=\"fusion-fullwidth fullwidth-box fusion-builder-row-2 fusion-flex-container nonhundred-percent-fullwidth non-hundred-percent-height-scrolling\" style=\"background-color: #0072bc;background-position: left top;background-repeat: no-repeat;border-width: 0px 0px 0px 0px;border-color:#e7e4e2;border-style:solid;\" ><div class=\"fusion-builder-row fusion-row fusion-flex-align-items-flex-start\" style=\"max-width:calc( 1100px + 0px );margin-left: calc(-0px \/ 2 );margin-right: calc(-0px \/ 2 );\"><div class=\"fusion-layout-column fusion_builder_column fusion-builder-column-2 fusion_builder_column_1_1 1_1 fusion-flex-column fusion-flex-align-self-flex-start fusion-column-no-min-height\"><div class=\"fusion-column-wrapper fusion-flex-justify-content-flex-start fusion-content-layout-column\" style=\"background-position:left top;background-blend-mode: overlay;background-repeat:no-repeat;-webkit-background-size:cover;-moz-background-size:cover;-o-background-size:cover;background-size:cover;padding: 0px 0px 0px 0px;\"><style type=\"text\/css\">@media only screen and (max-width:1024px) {.fusion-title.fusion-title-3{margin-top:10px!important; margin-right:0px!important;margin-bottom:24px!important;margin-left:0px!important;}}@media only screen and (max-width:640px) {.fusion-title.fusion-title-3{margin-top:10px!important; margin-right:0px!important;margin-bottom:20px!important; margin-left:0px!important;}}<\/style><div class=\"fusion-title title fusion-title-3 fusion-sep-none fusion-title-center fusion-title-text fusion-title-size-two\" style=\"margin-top:10px;margin-right:0px;margin-bottom:24px;margin-left:0px;\"><h2 class=\"title-heading-center fusion-responsive-typography-calculated\" style=\"margin:0;color:#ffffff;--fontSize:34;line-height:1.47;\">Send us a message<\/h2><\/div><div class=\"fusion-separator fusion-full-width-sep\" style=\"align-self: center;margin-left: auto;margin-right: auto;margin-top:-25px;width:100%;\"><\/div><div class=\"fusion-text fusion-text-3\" style=\"color:#ffffff;\"><p style=\"text-align: center; font-size: 20px;\">Fill out the form<\/p>\n<\/div><div class=\"fusion-separator fusion-full-width-sep\" style=\"align-self: center;margin-left: auto;margin-right: auto;margin-top:15px;width:100%;\"><\/div><style>.fusion-form-form-wrapper .fusion-form-2074 .fusion-form-tooltip .fusion-form-tooltip-content{color:#ffffff !important;background-color:#ffffff !important;border-color:#ffffff !important;}.fusion-form-form-wrapper .fusion-form-2074 input[type=\"date\"],.fusion-form-form-wrapper .fusion-form-2074 input[type=\"datetime-local\"],.fusion-form-form-wrapper .fusion-form-2074 input[type=\"email\"],.fusion-form-form-wrapper .fusion-form-2074 input[type=\"month\"],.fusion-form-form-wrapper .fusion-form-2074 input[type=\"number\"],.fusion-form-form-wrapper .fusion-form-2074 input[type=\"password\"],.fusion-form-form-wrapper .fusion-form-2074 input[type=\"search\"],.fusion-form-form-wrapper .fusion-form-2074 input[type=\"tel\"],.fusion-form-form-wrapper .fusion-form-2074 input[type=\"phone-number\"],.fusion-form-form-wrapper .fusion-form-2074 input[type=\"text\"],.fusion-form-form-wrapper .fusion-form-2074 input[type=\"time\"],.fusion-form-form-wrapper .fusion-form-2074 input[type=\"url\"],.fusion-form-form-wrapper .fusion-form-2074 input[type=\"week\"],.fusion-form-form-wrapper .fusion-form-2074 input[type=\"datetime\"],.fusion-form-form-wrapper .fusion-form-2074 select,.fusion-form-form-wrapper .fusion-form-2074 textarea,.fusion-form-form-wrapper .fusion-form-2074 input[type=\"upload\"]{background-color:#ffffff;color:#000000;}.fusion-form-form-wrapper .fusion-form-2074 input::placeholder{color:rgba(0,0,0,0.5);}.fusion-form-form-wrapper .fusion-form-2074 textarea::placeholder{color:rgba(0,0,0,0.5);}.fusion-form-form-wrapper .fusion-form-2074 select:invalid{color:rgba(0,0,0,0.5);}.fusion-form-form-wrapper .fusion-form-2074 option{color:#000000;}.fusion-form-form-wrapper .fusion-form-2074 .fusion-form-input-with-icon > i{color:#000000 !important;}.fusion-form-form-wrapper .fusion-form-2074 input.fusion-form-upload-field::placeholder{color:#000000;}.fusion-form-form-wrapper .fusion-form-2074 .fusion-select-wrapper .select-arrow path{stroke:#000000 !important;}<\/style><div class=\"fusion-form fusion-form-builder fusion-form-form-wrapper fusion-form-2074\" data-form-id=\"2074\" data-config=\"{&quot;form_id&quot;:&quot;2074&quot;,&quot;form_post_id&quot;:&quot;2074&quot;,&quot;post_id&quot;:4864,&quot;form_type&quot;:&quot;database_email&quot;,&quot;confirmation_type&quot;:&quot;message&quot;,&quot;redirect_url&quot;:&quot;&quot;,&quot;field_labels&quot;:{&quot;name&quot;:&quot;&quot;,&quot;email&quot;:&quot;&quot;,&quot;skilabod&quot;:&quot;&quot;},&quot;field_logics&quot;:{&quot;name&quot;:&quot;&quot;,&quot;email&quot;:&quot;&quot;,&quot;skilabod&quot;:&quot;&quot;}}\"><form action=\"https:\/\/hedinn.is\/en\/uppstokkun-i-eignarhaldi\/\" method=\"post\" class=\"fusion-form fusion-form-2074\" data-trp-original-action=\"https:\/\/hedinn.is\/en\/uppstokkun-i-eignarhaldi\/\"><div class=\"fusion-fullwidth fullwidth-box fusion-builder-row-2-1 fusion-flex-container nonhundred-percent-fullwidth non-hundred-percent-height-scrolling\" style=\"background-color: #0072bc;background-position: center center;background-repeat: no-repeat;border-width: 0px 0px 0px 0px;border-color:#e7e4e2;border-style:solid;\" ><div class=\"fusion-builder-row fusion-row fusion-flex-align-items-flex-start\" style=\"width:104% !important;max-width:104% !important;margin-left: calc(-4% \/ 2 );margin-right: calc(-4% \/ 2 );\"><div class=\"fusion-layout-column fusion_builder_column fusion-builder-column-3 fusion-flex-column\"><div class=\"fusion-column-wrapper fusion-flex-justify-content-flex-start fusion-content-layout-column\" style=\"background-position:left top;background-repeat:no-repeat;-webkit-background-size:cover;-moz-background-size:cover;-o-background-size:cover;background-size:cover;background-color:#0072bc;padding: 0px 0px 0px 0px;\"><div class=\"fusion-form-field fusion-form-text-field fusion-form-label-above\" data-form-id=\"2074\"><input type=\"text\" name=\"name\" id=\"name\" value=\"\"  class=\"fusion-form-input\" placeholder=\"Name\" data-holds-private-data=\"false\" minlength=\"0\"\/><\/div><\/div><style type=\"text\/css\">.fusion-body .fusion-builder-column-3{width:26% !important;margin-top : 10px;margin-bottom : 10px;}.fusion-builder-column-3 > .fusion-column-wrapper {padding-top : 0px !important;padding-right : 0px !important;margin-right : 1.1076923076923%;padding-bottom : 0px !important;padding-left : 0px !important;margin-left : 7.3846153846154%;}@media only screen and (max-width:1024px) {.fusion-body .fusion-builder-column-3{width:100% !important;order : 0;}.fusion-builder-column-3 > .fusion-column-wrapper {margin-right : 1.92%;margin-left : 1.92%;}}@media only screen and (max-width:640px) {.fusion-body .fusion-builder-column-3{width:100% !important;order : 0;}.fusion-builder-column-3 > .fusion-column-wrapper {margin-right : 1.92%;margin-left : 1.92%;}}<\/style><\/div><div class=\"fusion-layout-column fusion_builder_column fusion-builder-column-4 fusion-flex-column\"><div class=\"fusion-column-wrapper fusion-flex-justify-content-flex-start fusion-content-layout-column\" style=\"background-position:left top;background-repeat:no-repeat;-webkit-background-size:cover;-moz-background-size:cover;-o-background-size:cover;background-size:cover;background-color:#0072bc;padding: 0px 0px 0px 0px;\"><div class=\"fusion-form-field fusion-form-email-field fusion-form-label-above\" data-form-id=\"2074\"><input type=\"email\" name=\"email\" id=\"email\" value=\"\"  class=\"fusion-form-input\" placeholder=\"Email\" data-holds-private-data=\"false\"\/><\/div><\/div><style type=\"text\/css\">.fusion-body .fusion-builder-column-4{width:26% !important;margin-top : 10px;margin-bottom : 10px;}.fusion-builder-column-4 > .fusion-column-wrapper {padding-top : 0px !important;padding-right : 0px !important;margin-right : 1.8461538461538%;padding-bottom : 0px !important;padding-left : 0px !important;margin-left : 2.9538461538462%;}@media only screen and (max-width:1024px) {.fusion-body .fusion-builder-column-4{width:100% !important;order : 0;}.fusion-builder-column-4 > .fusion-column-wrapper {margin-right : 1.92%;margin-left : 1.92%;}}@media only screen and (max-width:640px) {.fusion-body .fusion-builder-column-4{width:100% !important;order : 0;}.fusion-builder-column-4 > .fusion-column-wrapper {margin-right : 1.92%;margin-left : 1.92%;}}<\/style><\/div><div class=\"fusion-layout-column fusion_builder_column fusion-builder-column-5 fusion-flex-column fusion-flex-align-self-center\"><div class=\"fusion-column-wrapper fusion-flex-justify-content-flex-start fusion-content-layout-column\" style=\"background-position:left top;background-repeat:no-repeat;-webkit-background-size:cover;-moz-background-size:cover;-o-background-size:cover;background-size:cover;background-color:#0072bc;padding: 0px 0px 0px 0px;\"><div class=\"fusion-form-field fusion-form-text-field fusion-form-label-above\" data-form-id=\"2074\"><input type=\"text\" name=\"skilabod\" id=\"skilabod\" value=\"\"  class=\"fusion-form-input\" placeholder=\"Message\" data-holds-private-data=\"false\" minlength=\"0\"\/><\/div><\/div><style type=\"text\/css\">.fusion-body .fusion-builder-column-5{width:26% !important;margin-top : 10px;margin-bottom : 10px;}.fusion-builder-column-5 > .fusion-column-wrapper {padding-top : 0px !important;padding-right : 0px !important;margin-right : 1.8461538461538%;padding-bottom : 0px !important;padding-left : 0px !important;margin-left : 2.2153846153846%;}@media only screen and (max-width:1024px) {.fusion-body .fusion-builder-column-5{width:100% !important;order : 0;}.fusion-builder-column-5 > .fusion-column-wrapper {margin-right : 1.92%;margin-left : 1.92%;}}@media only screen and (max-width:640px) {.fusion-body .fusion-builder-column-5{width:100% !important;order : 0;}.fusion-builder-column-5 > .fusion-column-wrapper {margin-right : 1.92%;margin-left : 1.92%;}}<\/style><\/div><div class=\"fusion-layout-column fusion_builder_column fusion-builder-column-6 fusion-flex-column\"><div class=\"fusion-column-wrapper fusion-flex-justify-content-flex-start fusion-content-layout-column\" style=\"background-position:left top;background-repeat:no-repeat;-webkit-background-size:cover;-moz-background-size:cover;-o-background-size:cover;background-size:cover;padding: 2px 0px 0px 0px;\"><div class=\"fusion-form-field fusion-form-submit-field fusion-form-label-above\" data-form-id=\"2074\"><div ><style>.fusion-button.button-1{border-radius:0px 0px 0px 0px;}<\/style><button type=\"submit\" class=\"fusion-button button-flat fusion-button-default-size button-default button-1 fusion-button-default-span  form-form-submit button-default\" data-form-number=\"2074\" style=\"margin-top:0px;width:calc(100%);\" tabindex=\"\"><span class=\"fusion-button-text\">Send <\/span><\/button><\/div><\/div><\/div><style type=\"text\/css\">.fusion-body .fusion-builder-column-6{width:20% !important;margin-top : 10px;margin-bottom : 10px;}.fusion-builder-column-6 > .fusion-column-wrapper {padding-top : 2px !important;padding-right : 0px !important;margin-right : 0%;padding-bottom : 0px !important;padding-left : 0px !important;margin-left : 2.88%;}@media only screen and (max-width:1024px) {.fusion-body .fusion-builder-column-6{width:100% !important;order : 0;}.fusion-builder-column-6 > .fusion-column-wrapper {margin-right : 1.92%;margin-left : 1.92%;}}@media only screen and (max-width:640px) {.fusion-body .fusion-builder-column-6{width:100% !important;order : 0;}.fusion-builder-column-6 > .fusion-column-wrapper {margin-right : 1.92%;margin-left : 1.92%;}}<\/style><\/div><div class=\"fusion-layout-column fusion_builder_column fusion-builder-column-7 fusion_builder_column_2_3 2_3 fusion-flex-column\"><div class=\"fusion-column-wrapper fusion-flex-justify-content-flex-start fusion-content-layout-column\" style=\"background-position:left top;background-repeat:no-repeat;-webkit-background-size:cover;-moz-background-size:cover;-o-background-size:cover;background-size:cover;padding: 0px 0px 0px 0px;\"><div class=\"form-submission-notices\" id=\"fusion-notices-1\"><div class=\"fusion-alert alert success alert-success fusion-alert-center fusion-form-response fusion-form-response-success fusion-alert-capitalize alert-dismissable\" style=\"background-color:#0072bc;color:#ffffff;border-color:#ffffff;border-width:1px;\"><button type=\"button\" class=\"close toggle-alert\" data-dismiss=\"alert\" aria-label=\"Close\">x<\/button><div class=\"fusion-alert-content-wrapper\"><span class=\"alert-icon\"><i class=\"fa-lg fa fa-check-circle\" aria-hidden=\"true\"><\/i><\/span><span class=\"fusion-alert-content\">Thank you for contacting H\u00e9\u00f0inn. We will respond to you as soon as possible.<\/span><\/div><\/div><div class=\"fusion-alert alert error alert-danger fusion-alert-center fusion-form-response fusion-form-response-error fusion-alert-capitalize alert-dismissable\" style=\"background-color:#f2dede;color:#a64242;border-color:#a64242;border-width:1px;\"><button type=\"button\" class=\"close toggle-alert\" data-dismiss=\"alert\" aria-label=\"Close\">x<\/button><div class=\"fusion-alert-content-wrapper\"><span class=\"alert-icon\"><i class=\"fa-lg fa fa-exclamation-triangle\" aria-hidden=\"true\"><\/i><\/span><span class=\"fusion-alert-content\">Unfortunately an error occurred when you sent the message. Please try again later.<\/span><\/div><\/div><\/div><\/div><style type=\"text\/css\">.fusion-body .fusion-builder-column-7{width:66.666666666667% !important;margin-top : 10px;margin-bottom : 10px;}.fusion-builder-column-7 > .fusion-column-wrapper {padding-top : 0px !important;padding-right : 0px !important;margin-right : 2.88%;padding-bottom : 0px !important;padding-left : 0px !important;margin-left : 2.88%;}@media only screen and (max-width:1024px) {.fusion-body .fusion-builder-column-7{width:100% !important;order : 0;}.fusion-builder-column-7 > .fusion-column-wrapper {margin-right : 1.92%;margin-left : 1.92%;}}@media only screen and (max-width:640px) {.fusion-body .fusion-builder-column-7{width:100% !important;order : 0;}.fusion-builder-column-7 > .fusion-column-wrapper {margin-right : 1.92%;margin-left : 1.92%;}}<\/style><\/div><\/div><style type=\"text\/css\">.fusion-body .fusion-flex-container.fusion-builder-row-2-1{ padding-top : 0px;margin-top : 0px;padding-right : 0px;padding-bottom : 0px;margin-bottom : 0px;padding-left : 0px;}<\/style><\/div><input type=\"hidden\" name=\"fusion_privacy_store_ip_ua\" value=\"false\"><input type=\"hidden\" name=\"fusion_privacy_expiration_interval\" value=\"48\"><input type=\"hidden\" name=\"privacy_expiration_action\" value=\"ignore\"><input type=\"hidden\" name=\"trp-form-language\" value=\"en\"\/><\/form><\/div><\/div><style type=\"text\/css\">.fusion-body .fusion-builder-column-2{width:100% !important;margin-top : 3%;margin-bottom : 3%;}.fusion-builder-column-2 > .fusion-column-wrapper {padding-top : 0px !important;padding-right : 0px !important;margin-right : 0px;padding-bottom : 0px !important;padding-left : 0px !important;margin-left : 0px;}@media only screen and (max-width:1024px) {.fusion-body .fusion-builder-column-2{width:100% !important;}.fusion-builder-column-2 > .fusion-column-wrapper {margin-right : 0px;margin-left : 0px;}}@media only screen and (max-width:640px) {.fusion-body .fusion-builder-column-2{width:100% !important;}.fusion-builder-column-2 > .fusion-column-wrapper {margin-right : 0px;margin-left : 0px;}}<\/style><\/div><\/div><style type=\"text\/css\">.fusion-body .fusion-flex-container.fusion-builder-row-2{ padding-top : 50px;margin-top : 0px;padding-right : 0px;padding-bottom : 45px;margin-bottom : 0px;padding-left : 0px;}@media only screen and (max-width:640px) {.fusion-body .fusion-flex-container.fusion-builder-row-2{ padding-right : 50px;padding-left : 50px;}}<\/style><\/div>\n<\/p>","protected":false},"excerpt":{"rendered":"<p>It is evident, as can be seen from these names, that there are many connections to H\u00e9\u00f0inn\u2014and this applies even more to the artwork itself, for its creation story quite literally begins at H\u00e9\u00f0inn.<\/p>","protected":false},"author":2,"featured_media":3511,"comment_status":"closed","ping_status":"closed","sticky":false,"template":"","format":"standard","meta":{"inline_featured_image":false,"footnotes":""},"categories":[23],"tags":[],"class_list":["post-3508","post","type-post","status-publish","format-standard","has-post-thumbnail","hentry","category-hedinn-i-100-ar"],"yoast_head":"<!-- This site is optimized with the Yoast SEO plugin v25.6 - https:\/\/yoast.com\/wordpress\/plugins\/seo\/ -->\n<title>H\u00e9\u00f0inn og j\u00e1rnsmi\u00f0ur \u00c1smundar - H\u00e9\u00f0inn<\/title>\n<meta name=\"description\" content=\"H\u00e9\u00f0inn er n\u00fat\u00edma i\u00f0nfyrirt\u00e6ki sem byggir \u00e1 langri reynslu og dj\u00fapri \u00feekkingu \u00ed m\u00e1lmi\u00f0na\u00f0i og v\u00e9lt\u00e6kni. H\u00e9\u00f0inn er eitt st\u00e6rsta og \u00f6flugasta fyrirt\u00e6ki landsins \u00e1 s\u00ednu svi\u00f0i og fagnar 100 \u00e1ra afm\u00e6li \u00e1 \u00e1rinu \u00e1ri\u00f0 202\" \/>\n<meta name=\"robots\" content=\"index, follow, max-snippet:-1, max-image-preview:large, max-video-preview:-1\" \/>\n<link rel=\"canonical\" href=\"https:\/\/hedinn.is\/en\/hedinn-og-jarnsmidur-asmundar\/\" \/>\n<meta property=\"og:locale\" content=\"en_US\" \/>\n<meta property=\"og:type\" content=\"article\" \/>\n<meta property=\"og:title\" content=\"H\u00e9\u00f0inn og j\u00e1rnsmi\u00f0ur \u00c1smundar - H\u00e9\u00f0inn\" \/>\n<meta property=\"og:description\" content=\"H\u00e9\u00f0inn er n\u00fat\u00edma i\u00f0nfyrirt\u00e6ki sem byggir \u00e1 langri reynslu og dj\u00fapri \u00feekkingu \u00ed m\u00e1lmi\u00f0na\u00f0i og v\u00e9lt\u00e6kni. H\u00e9\u00f0inn er eitt st\u00e6rsta og \u00f6flugasta fyrirt\u00e6ki landsins \u00e1 s\u00ednu svi\u00f0i og fagnar 100 \u00e1ra afm\u00e6li \u00e1 \u00e1rinu \u00e1ri\u00f0 202\" \/>\n<meta property=\"og:url\" content=\"https:\/\/hedinn.is\/en\/hedinn-og-jarnsmidur-asmundar\/\" \/>\n<meta property=\"og:site_name\" content=\"H\u00e9\u00f0inn\" \/>\n<meta property=\"article:publisher\" content=\"https:\/\/www.facebook.com\/Hedinnhf\" \/>\n<meta property=\"article:published_time\" content=\"2018-09-20T11:08:14+00:00\" \/>\n<meta property=\"article:modified_time\" content=\"2022-09-30T11:56:23+00:00\" \/>\n<meta property=\"og:image\" content=\"https:\/\/hedinn.is\/wp-content\/uploads\/2022\/05\/Jarnasmidurinn.png\" \/>\n\t<meta property=\"og:image:width\" content=\"1013\" \/>\n\t<meta property=\"og:image:height\" content=\"723\" \/>\n\t<meta property=\"og:image:type\" content=\"image\/png\" \/>\n<meta name=\"author\" content=\"Laila\" \/>\n<meta name=\"twitter:card\" content=\"summary_large_image\" \/>\n<meta name=\"twitter:label1\" content=\"Written by\" \/>\n\t<meta name=\"twitter:data1\" content=\"Laila\" \/>\n\t<meta name=\"twitter:label2\" content=\"Est. reading time\" \/>\n\t<meta name=\"twitter:data2\" content=\"10 minutes\" \/>\n<script type=\"application\/ld+json\" class=\"yoast-schema-graph\">{\"@context\":\"https:\/\/schema.org\",\"@graph\":[{\"@type\":\"Article\",\"@id\":\"https:\/\/hedinn.is\/hedinn-og-jarnsmidur-asmundar\/#article\",\"isPartOf\":{\"@id\":\"https:\/\/hedinn.is\/hedinn-og-jarnsmidur-asmundar\/\"},\"author\":{\"name\":\"Laila\",\"@id\":\"https:\/\/hedinn.is\/#\/schema\/person\/f17a1ff629efefac2b1fd67316fb1067\"},\"headline\":\"H\u00e9\u00f0inn og j\u00e1rnsmi\u00f0ur \u00c1smundar\",\"datePublished\":\"2018-09-20T11:08:14+00:00\",\"dateModified\":\"2022-09-30T11:56:23+00:00\",\"mainEntityOfPage\":{\"@id\":\"https:\/\/hedinn.is\/hedinn-og-jarnsmidur-asmundar\/\"},\"wordCount\":3378,\"publisher\":{\"@id\":\"https:\/\/hedinn.is\/#organization\"},\"image\":{\"@id\":\"https:\/\/hedinn.is\/hedinn-og-jarnsmidur-asmundar\/#primaryimage\"},\"thumbnailUrl\":\"https:\/\/hedinn.is\/wp-content\/uploads\/2022\/05\/Jarnasmidurinn.png\",\"articleSection\":[\"H\u00e9\u00f0inn \u00ed 100 \u00e1r\"],\"inLanguage\":\"en-US\"},{\"@type\":\"WebPage\",\"@id\":\"https:\/\/hedinn.is\/hedinn-og-jarnsmidur-asmundar\/\",\"url\":\"https:\/\/hedinn.is\/hedinn-og-jarnsmidur-asmundar\/\",\"name\":\"H\u00e9\u00f0inn og j\u00e1rnsmi\u00f0ur \u00c1smundar - H\u00e9\u00f0inn\",\"isPartOf\":{\"@id\":\"https:\/\/hedinn.is\/#website\"},\"primaryImageOfPage\":{\"@id\":\"https:\/\/hedinn.is\/hedinn-og-jarnsmidur-asmundar\/#primaryimage\"},\"image\":{\"@id\":\"https:\/\/hedinn.is\/hedinn-og-jarnsmidur-asmundar\/#primaryimage\"},\"thumbnailUrl\":\"https:\/\/hedinn.is\/wp-content\/uploads\/2022\/05\/Jarnasmidurinn.png\",\"datePublished\":\"2018-09-20T11:08:14+00:00\",\"dateModified\":\"2022-09-30T11:56:23+00:00\",\"description\":\"H\u00e9\u00f0inn er n\u00fat\u00edma i\u00f0nfyrirt\u00e6ki sem byggir \u00e1 langri reynslu og dj\u00fapri \u00feekkingu \u00ed m\u00e1lmi\u00f0na\u00f0i og v\u00e9lt\u00e6kni. H\u00e9\u00f0inn er eitt st\u00e6rsta og \u00f6flugasta fyrirt\u00e6ki landsins \u00e1 s\u00ednu svi\u00f0i og fagnar 100 \u00e1ra afm\u00e6li \u00e1 \u00e1rinu \u00e1ri\u00f0 202\",\"breadcrumb\":{\"@id\":\"https:\/\/hedinn.is\/hedinn-og-jarnsmidur-asmundar\/#breadcrumb\"},\"inLanguage\":\"en-US\",\"potentialAction\":[{\"@type\":\"ReadAction\",\"target\":[\"https:\/\/hedinn.is\/hedinn-og-jarnsmidur-asmundar\/\"]}]},{\"@type\":\"ImageObject\",\"inLanguage\":\"en-US\",\"@id\":\"https:\/\/hedinn.is\/hedinn-og-jarnsmidur-asmundar\/#primaryimage\",\"url\":\"https:\/\/hedinn.is\/wp-content\/uploads\/2022\/05\/Jarnasmidurinn.png\",\"contentUrl\":\"https:\/\/hedinn.is\/wp-content\/uploads\/2022\/05\/Jarnasmidurinn.png\",\"width\":1013,\"height\":723,\"caption\":\"Jarnasmidurinn\"},{\"@type\":\"BreadcrumbList\",\"@id\":\"https:\/\/hedinn.is\/hedinn-og-jarnsmidur-asmundar\/#breadcrumb\",\"itemListElement\":[{\"@type\":\"ListItem\",\"position\":1,\"name\":\"Home\",\"item\":\"https:\/\/hedinn.is\/\"},{\"@type\":\"ListItem\",\"position\":2,\"name\":\"H\u00e9\u00f0inn og j\u00e1rnsmi\u00f0ur \u00c1smundar\"}]},{\"@type\":\"WebSite\",\"@id\":\"https:\/\/hedinn.is\/#website\",\"url\":\"https:\/\/hedinn.is\/\",\"name\":\"H\u00e9\u00f0inn\",\"description\":\"1922-2022\",\"publisher\":{\"@id\":\"https:\/\/hedinn.is\/#organization\"},\"potentialAction\":[{\"@type\":\"SearchAction\",\"target\":{\"@type\":\"EntryPoint\",\"urlTemplate\":\"https:\/\/hedinn.is\/?s={search_term_string}\"},\"query-input\":{\"@type\":\"PropertyValueSpecification\",\"valueRequired\":true,\"valueName\":\"search_term_string\"}}],\"inLanguage\":\"en-US\"},{\"@type\":\"Organization\",\"@id\":\"https:\/\/hedinn.is\/#organization\",\"name\":\"H\u00e9\u00f0inn\",\"url\":\"https:\/\/hedinn.is\/\",\"logo\":{\"@type\":\"ImageObject\",\"inLanguage\":\"en-US\",\"@id\":\"https:\/\/hedinn.is\/#\/schema\/logo\/image\/\",\"url\":\"https:\/\/hedinn.is\/wp-content\/uploads\/2022\/04\/HED_Top_RGB.png\",\"contentUrl\":\"https:\/\/hedinn.is\/wp-content\/uploads\/2022\/04\/HED_Top_RGB.png\",\"width\":1209,\"height\":975,\"caption\":\"H\u00e9\u00f0inn\"},\"image\":{\"@id\":\"https:\/\/hedinn.is\/#\/schema\/logo\/image\/\"},\"sameAs\":[\"https:\/\/www.facebook.com\/Hedinnhf\",\"https:\/\/www.instagram.com\/hedinn_hf\/\",\"https:\/\/www.youtube.com\/user\/Hedinnhf\",\"https:\/\/www.linkedin.com\/company\/hedinn-hf\/\"]},{\"@type\":\"Person\",\"@id\":\"https:\/\/hedinn.is\/#\/schema\/person\/f17a1ff629efefac2b1fd67316fb1067\",\"name\":\"Laila\",\"image\":{\"@type\":\"ImageObject\",\"inLanguage\":\"en-US\",\"@id\":\"https:\/\/hedinn.is\/#\/schema\/person\/image\/\",\"url\":\"https:\/\/secure.gravatar.com\/avatar\/4843722baa778d2df0b4314d616a49940843feb74bb5ba60ace871d4a7346fdd?s=96&d=mm&r=g\",\"contentUrl\":\"https:\/\/secure.gravatar.com\/avatar\/4843722baa778d2df0b4314d616a49940843feb74bb5ba60ace871d4a7346fdd?s=96&d=mm&r=g\",\"caption\":\"Laila\"},\"url\":\"https:\/\/hedinn.is\/en\/author\/laila\/\"}]}<\/script>\n<!-- \/ Yoast SEO plugin. -->","yoast_head_json":{"title":"H\u00e9\u00f0inn og j\u00e1rnsmi\u00f0ur \u00c1smundar - H\u00e9\u00f0inn","description":"H\u00e9\u00f0inn is a modern industrial company built on decades of experience and deep expertise in metalworking and mechanical engineering. H\u00e9\u00f0inn is one of the largest and most powerful companies in Iceland in its field and celebrated its 100th anniversary in the year 2022.","robots":{"index":"index","follow":"follow","max-snippet":"max-snippet:-1","max-image-preview":"max-image-preview:large","max-video-preview":"max-video-preview:-1"},"canonical":"https:\/\/hedinn.is\/en\/hedinn-og-jarnsmidur-asmundar\/","og_locale":"en_US","og_type":"article","og_title":"H\u00e9\u00f0inn og j\u00e1rnsmi\u00f0ur \u00c1smundar - H\u00e9\u00f0inn","og_description":"H\u00e9\u00f0inn er n\u00fat\u00edma i\u00f0nfyrirt\u00e6ki sem byggir \u00e1 langri reynslu og dj\u00fapri \u00feekkingu \u00ed m\u00e1lmi\u00f0na\u00f0i og v\u00e9lt\u00e6kni. H\u00e9\u00f0inn er eitt st\u00e6rsta og \u00f6flugasta fyrirt\u00e6ki landsins \u00e1 s\u00ednu svi\u00f0i og fagnar 100 \u00e1ra afm\u00e6li \u00e1 \u00e1rinu \u00e1ri\u00f0 202","og_url":"https:\/\/hedinn.is\/en\/hedinn-og-jarnsmidur-asmundar\/","og_site_name":"H\u00e9\u00f0inn","article_publisher":"https:\/\/www.facebook.com\/Hedinnhf","article_published_time":"2018-09-20T11:08:14+00:00","article_modified_time":"2022-09-30T11:56:23+00:00","og_image":[{"width":1013,"height":723,"url":"https:\/\/hedinn.is\/wp-content\/uploads\/2022\/05\/Jarnasmidurinn.png","type":"image\/png"}],"author":"Laila","twitter_card":"summary_large_image","twitter_misc":{"Written by":"Laila","Est. reading time":"10 minutes"},"schema":{"@context":"https:\/\/schema.org","@graph":[{"@type":"Article","@id":"https:\/\/hedinn.is\/hedinn-og-jarnsmidur-asmundar\/#article","isPartOf":{"@id":"https:\/\/hedinn.is\/hedinn-og-jarnsmidur-asmundar\/"},"author":{"name":"Laila","@id":"https:\/\/hedinn.is\/#\/schema\/person\/f17a1ff629efefac2b1fd67316fb1067"},"headline":"H\u00e9\u00f0inn og j\u00e1rnsmi\u00f0ur \u00c1smundar","datePublished":"2018-09-20T11:08:14+00:00","dateModified":"2022-09-30T11:56:23+00:00","mainEntityOfPage":{"@id":"https:\/\/hedinn.is\/hedinn-og-jarnsmidur-asmundar\/"},"wordCount":3378,"publisher":{"@id":"https:\/\/hedinn.is\/#organization"},"image":{"@id":"https:\/\/hedinn.is\/hedinn-og-jarnsmidur-asmundar\/#primaryimage"},"thumbnailUrl":"https:\/\/hedinn.is\/wp-content\/uploads\/2022\/05\/Jarnasmidurinn.png","articleSection":["H\u00e9\u00f0inn \u00ed 100 \u00e1r"],"inLanguage":"en-US"},{"@type":"WebPage","@id":"https:\/\/hedinn.is\/hedinn-og-jarnsmidur-asmundar\/","url":"https:\/\/hedinn.is\/hedinn-og-jarnsmidur-asmundar\/","name":"H\u00e9\u00f0inn og j\u00e1rnsmi\u00f0ur \u00c1smundar - H\u00e9\u00f0inn","isPartOf":{"@id":"https:\/\/hedinn.is\/#website"},"primaryImageOfPage":{"@id":"https:\/\/hedinn.is\/hedinn-og-jarnsmidur-asmundar\/#primaryimage"},"image":{"@id":"https:\/\/hedinn.is\/hedinn-og-jarnsmidur-asmundar\/#primaryimage"},"thumbnailUrl":"https:\/\/hedinn.is\/wp-content\/uploads\/2022\/05\/Jarnasmidurinn.png","datePublished":"2018-09-20T11:08:14+00:00","dateModified":"2022-09-30T11:56:23+00:00","description":"H\u00e9\u00f0inn is a modern industrial company built on decades of experience and deep expertise in metalworking and mechanical engineering. H\u00e9\u00f0inn is one of the largest and most powerful companies in Iceland in its field and celebrated its 100th anniversary in the year 2022.","breadcrumb":{"@id":"https:\/\/hedinn.is\/hedinn-og-jarnsmidur-asmundar\/#breadcrumb"},"inLanguage":"en-US","potentialAction":[{"@type":"ReadAction","target":["https:\/\/hedinn.is\/hedinn-og-jarnsmidur-asmundar\/"]}]},{"@type":"ImageObject","inLanguage":"en-US","@id":"https:\/\/hedinn.is\/hedinn-og-jarnsmidur-asmundar\/#primaryimage","url":"https:\/\/hedinn.is\/wp-content\/uploads\/2022\/05\/Jarnasmidurinn.png","contentUrl":"https:\/\/hedinn.is\/wp-content\/uploads\/2022\/05\/Jarnasmidurinn.png","width":1013,"height":723,"caption":"Jarnasmidurinn"},{"@type":"BreadcrumbList","@id":"https:\/\/hedinn.is\/hedinn-og-jarnsmidur-asmundar\/#breadcrumb","itemListElement":[{"@type":"ListItem","position":1,"name":"Home","item":"https:\/\/hedinn.is\/"},{"@type":"ListItem","position":2,"name":"H\u00e9\u00f0inn og j\u00e1rnsmi\u00f0ur \u00c1smundar"}]},{"@type":"WebSite","@id":"https:\/\/hedinn.is\/#website","url":"https:\/\/hedinn.is\/","name":"H\u00e9\u00f0inn","description":"1922-2022","publisher":{"@id":"https:\/\/hedinn.is\/#organization"},"potentialAction":[{"@type":"SearchAction","target":{"@type":"EntryPoint","urlTemplate":"https:\/\/hedinn.is\/?s={search_term_string}"},"query-input":{"@type":"PropertyValueSpecification","valueRequired":true,"valueName":"search_term_string"}}],"inLanguage":"en-US"},{"@type":"Organization","@id":"https:\/\/hedinn.is\/#organization","name":"H\u00e9\u00f0inn","url":"https:\/\/hedinn.is\/","logo":{"@type":"ImageObject","inLanguage":"en-US","@id":"https:\/\/hedinn.is\/#\/schema\/logo\/image\/","url":"https:\/\/hedinn.is\/wp-content\/uploads\/2022\/04\/HED_Top_RGB.png","contentUrl":"https:\/\/hedinn.is\/wp-content\/uploads\/2022\/04\/HED_Top_RGB.png","width":1209,"height":975,"caption":"H\u00e9\u00f0inn"},"image":{"@id":"https:\/\/hedinn.is\/#\/schema\/logo\/image\/"},"sameAs":["https:\/\/www.facebook.com\/Hedinnhf","https:\/\/www.instagram.com\/hedinn_hf\/","https:\/\/www.youtube.com\/user\/Hedinnhf","https:\/\/www.linkedin.com\/company\/hedinn-hf\/"]},{"@type":"Person","@id":"https:\/\/hedinn.is\/#\/schema\/person\/f17a1ff629efefac2b1fd67316fb1067","name":"Laila","image":{"@type":"ImageObject","inLanguage":"en-US","@id":"https:\/\/hedinn.is\/#\/schema\/person\/image\/","url":"https:\/\/secure.gravatar.com\/avatar\/4843722baa778d2df0b4314d616a49940843feb74bb5ba60ace871d4a7346fdd?s=96&d=mm&r=g","contentUrl":"https:\/\/secure.gravatar.com\/avatar\/4843722baa778d2df0b4314d616a49940843feb74bb5ba60ace871d4a7346fdd?s=96&d=mm&r=g","caption":"Laila"},"url":"https:\/\/hedinn.is\/en\/author\/laila\/"}]}},"jetpack_featured_media_url":"https:\/\/hedinn.is\/wp-content\/uploads\/2022\/05\/Jarnasmidurinn.png","_links":{"self":[{"href":"https:\/\/hedinn.is\/en\/wp-json\/wp\/v2\/posts\/3508","targetHints":{"allow":["GET"]}}],"collection":[{"href":"https:\/\/hedinn.is\/en\/wp-json\/wp\/v2\/posts"}],"about":[{"href":"https:\/\/hedinn.is\/en\/wp-json\/wp\/v2\/types\/post"}],"author":[{"embeddable":true,"href":"https:\/\/hedinn.is\/en\/wp-json\/wp\/v2\/users\/2"}],"replies":[{"embeddable":true,"href":"https:\/\/hedinn.is\/en\/wp-json\/wp\/v2\/comments?post=3508"}],"version-history":[{"count":0,"href":"https:\/\/hedinn.is\/en\/wp-json\/wp\/v2\/posts\/3508\/revisions"}],"wp:featuredmedia":[{"embeddable":true,"href":"https:\/\/hedinn.is\/en\/wp-json\/wp\/v2\/media\/3511"}],"wp:attachment":[{"href":"https:\/\/hedinn.is\/en\/wp-json\/wp\/v2\/media?parent=3508"}],"wp:term":[{"taxonomy":"category","embeddable":true,"href":"https:\/\/hedinn.is\/en\/wp-json\/wp\/v2\/categories?post=3508"},{"taxonomy":"post_tag","embeddable":true,"href":"https:\/\/hedinn.is\/en\/wp-json\/wp\/v2\/tags?post=3508"}],"curies":[{"name":"wp","href":"https:\/\/api.w.org\/{rel}","templated":true}]}}