{"id":4771,"date":"2018-09-26T21:17:51","date_gmt":"2018-09-26T21:17:51","guid":{"rendered":"https:\/\/hedinn.is\/?p=4771"},"modified":"2022-09-30T12:17:44","modified_gmt":"2022-09-30T12:17:44","slug":"dotturfelagid-jarnsteypan-i-reykjavik","status":"publish","type":"post","link":"https:\/\/hedinn.is\/en\/dotturfelagid-jarnsteypan-i-reykjavik\/","title":{"rendered":"The Subsidiary J\u00e1rnsteypan in Reykjav\u00edk"},"content":{"rendered":"<p><div class=\"fusion-fullwidth fullwidth-box fusion-builder-row-1 fusion-flex-container nonhundred-percent-fullwidth non-hundred-percent-height-scrolling\" style=\"background-color: rgba(255,255,255,0);background-position: left top;background-repeat: no-repeat;border-width: 0px 0px 0px 0px;border-color:#e7e4e2;border-style:solid;\" ><div class=\"fusion-builder-row fusion-row fusion-flex-align-items-flex-start\" style=\"max-width:1144px;margin-left: calc(-4% \/ 2 );margin-right: calc(-4% \/ 2 );\"><div class=\"fusion-layout-column fusion_builder_column fusion-builder-column-0 fusion_builder_column_5_6 5_6 fusion-flex-column\"><div class=\"fusion-column-wrapper fusion-flex-justify-content-flex-start fusion-content-layout-column\" style=\"background-position:left top;background-repeat:no-repeat;-webkit-background-size:cover;-moz-background-size:cover;-o-background-size:cover;background-size:cover;padding: 0px 0px 0px 0px;\"><div class=\"awb-imageframe-style awb-imageframe-style-below awb-imageframe-style-1\" style=\"text-align:center;\"><style>.awb-imageframe-style.awb-imageframe-style-1 .awb-imageframe-caption-container .awb-imageframe-caption-title{font-size:12px !important;font-family:\"AkzidenzGroteskPro-SuperItalic\" !important;font-weight:400 !important;}.awb-imageframe-style.awb-imageframe-style-1 .awb-imageframe-caption-container .awb-imageframe-caption-text{font-size:var(--awb-typography5-font-size);font-family:var(--awb-typography5-font-family);font-weight:var(--awb-typography5-font-weight);font-style:var(--awb-typography5-font-style);}<\/style><span class=\"fusion-imageframe imageframe-none imageframe-1 hover-type-zoomin\"><a href=\"https:\/\/hedinn.is\/wp-content\/uploads\/2022\/09\/Laerlingur-numer-1.jpg\" class=\"fusion-lightbox\" data-rel=\"iLightbox[2392f0406555496aa28]\" data-caption=\"L\u00e6rlingur n\u00famer 1 Jafet Hjartarson kom fyrstur til n\u00e1ms hj\u00e1 H\u00e9\u00f0insm\u00f6nnum \u00e1ri\u00f0 1923. H\u00e9r er hann, til h\u00e6gri, a\u00f0 st\u00f6rfum undir gl\u00f6ggu auga meistarans Bjarna \u00deorsteinssonar, annars stofnanda H\u00e9\u00f0ins. Rennibekkirnir tveir voru fyrst \u00ed sta\u00f0 drifnir af ol\u00edum\u00f3tor af \u201eALFA\u201c-ger\u00f0 e\u00f0a \u00fear til rafhreyflar voru settir vi\u00f0 \u00fe\u00e1. Lj\u00f3smynd: H\u00f6fundur \u00f3\u00feekktur\/H\u00e9\u00f0inn \"><img decoding=\"async\" width=\"800\" height=\"533\" alt=\"Laerlingur numer 1\" src=\"https:\/\/hedinn.is\/wp-content\/uploads\/2022\/09\/Laerlingur-numer-1.jpg\" data-orig-src=\"https:\/\/hedinn.is\/wp-content\/uploads\/2022\/09\/Laerlingur-numer-1.jpg\" class=\"lazyload img-responsive wp-image-4690\" srcset=\"data:image\/svg+xml,%3Csvg%20xmlns%3D%27http%3A%2F%2Fwww.w3.org%2F2000%2Fsvg%27%20width%3D%27800%27%20height%3D%27533%27%20viewBox%3D%270%200%20800%20533%27%3E%3Crect%20width%3D%27800%27%20height%3D%27533%27%20fill-opacity%3D%220%22%2F%3E%3C%2Fsvg%3E\" data-srcset=\"https:\/\/hedinn.is\/wp-content\/uploads\/2022\/09\/Laerlingur-numer-1-200x133.jpg 200w, https:\/\/hedinn.is\/wp-content\/uploads\/2022\/09\/Laerlingur-numer-1-400x267.jpg 400w, https:\/\/hedinn.is\/wp-content\/uploads\/2022\/09\/Laerlingur-numer-1-600x400.jpg 600w, https:\/\/hedinn.is\/wp-content\/uploads\/2022\/09\/Laerlingur-numer-1.jpg 800w\" data-sizes=\"auto\" data-orig-sizes=\"(max-width: 1024px) 100vw, (max-width: 640px) 100vw, 800px\" \/><\/a><\/span><div class=\"awb-imageframe-caption-container\" style=\"text-align:center;\"><div class=\"awb-imageframe-caption\"><p class=\"awb-imageframe-caption-text\">Apprentice No. 1, Jafet Hjartarson, was the first to begin training with the men of H\u00e9\u00f0inn in 1923. Here he is, on the right, at work under the watchful eye of master Bjarni \u00deorsteinsson, one of H\u00e9\u00f0inn\u2019s founders. The two lathes were at first powered by an \"ALFA\"-type oil engine, until electric motors were later installed. Photo: Author unknown \/ H\u00e9\u00f0inn. <\/p><\/div><\/div><\/div><style type=\"text\/css\">@media only screen and (max-width:1024px) {.fusion-title.fusion-title-1{margin-top:10px!important; margin-right:0px!important;margin-bottom:20px!important;margin-left:0px!important;}}@media only screen and (max-width:640px) {.fusion-title.fusion-title-1{margin-top:10px!important; margin-right:0px!important;margin-bottom:20px!important; margin-left:0px!important;}}<\/style><div class=\"fusion-title title fusion-title-1 fusion-sep-none fusion-title-text fusion-title-size-two\" style=\"margin-top:10px;margin-right:0px;margin-bottom:20px;margin-left:0px;\"><h2 class=\"title-heading-left fusion-responsive-typography-calculated\" style=\"margin:0;--fontSize:34;line-height:1.47;\">The Subsidiary J\u00e1rnsteypan in Reykjav\u00edk<\/h2><\/div><div class=\"fusion-text fusion-text-1\"><p>In 1933 it was decided to establish St\u00e1lsmi\u00f0jan, a partnership between the machine workshops H\u00e9\u00f0inn and Hamar. Hamar contributed the company J\u00e1rnsteypan to the venture, which went on to play a major role in H\u00e9\u00f0inn\u2019s operations, as the foundry became the foundation of H\u00e9\u00f0inn\u2019s production during and after the mid-20th century. Virtually all of the company\u2019s manufactured products originated, to a greater or lesser extent, in J\u00e1rnsteypan.<\/p>\n<p>Many of the leading pillars of society at the beginning of the last century took part in establishing companies in the iron industry for a new era. It can thus be said that the cream of Iceland\u2019s emerging middle class took part in founding the J\u00e1rnsteypa Reykjav\u00edkur in 1905. The initiative, however, came from the brothers G\u00edsli and Sigurgeir Finnsson, blacksmiths who were both imaginative pioneers in various fields of new industries. The foundry was carefully prepared, and its provisional board consisted of G\u00edsli Finnsson, blacksmith; N.B. Nielsen, commercial agent; and J\u00f3n \u00deorl\u00e1ksson, engineer and later Prime Minister.<\/p>\n<p>Magn\u00fas Benjam\u00ednsson, watchmaker, and J\u00f3n P\u00e1lsson, organist, served on the alternate board along with J\u00f3n Brynj\u00f3lfsson, shoemaker and leather dealer. Fundraising for share capital went well, and optimism prevailed about the future. At the general meeting, G\u00edsli Finnsson was elected chairman of the board, with J\u00f3n Brynj\u00f3lfsson and J\u00f3n P\u00e1lsson as board members, and N.B. Nielsen as alternate. The first managing director of J\u00e1rnsmi\u00f0ja Reykjav\u00edkur foundry was Jes Zimsen. Among other shareholders were Hjalti J\u00f3nsson of Eldey,  August Flygering, merchant and the directors of both of the country\u2019s banks, Tryggvi Gunnarsson of Landsbanki and Sighvatur Bjarnason of \u00cdslandsbanki.<\/p>\n<\/div><div class=\"fusion-image-carousel fusion-image-carousel-auto fusion-image-carousel-1 fusion-carousel-border awb-image-carousel-top-below-caption\"><div class=\"fusion-carousel awb-imageframe-style awb-imageframe-style-below awb-imageframe-style-1\" data-autoplay=\"no\" data-columns=\"5\" data-itemmargin=\"13\" data-itemwidth=\"180\" data-touchscroll=\"no\" data-imagesize=\"auto\"><div class=\"fusion-carousel-positioner\"><ul class=\"fusion-carousel-holder\"><li class=\"fusion-carousel-item\"><div class=\"fusion-carousel-item-wrapper\"><div class=\"fusion-image-wrapper hover-type-none\"><img decoding=\"async\" width=\"800\" height=\"533\" src=\"https:\/\/hedinn.is\/wp-content\/uploads\/2022\/09\/Malmsmidi.jpg\" class=\"attachment-full size-full lazyload\" alt=\"M\u00e1lmsm\u00ed\u00f0i\" srcset=\"data:image\/svg+xml,%3Csvg%20xmlns%3D%27http%3A%2F%2Fwww.w3.org%2F2000%2Fsvg%27%20width%3D%27800%27%20height%3D%27533%27%20viewBox%3D%270%200%20800%20533%27%3E%3Crect%20width%3D%27800%27%20height%3D%27533%27%20fill-opacity%3D%220%22%2F%3E%3C%2Fsvg%3E\" data-orig-src=\"https:\/\/hedinn.is\/wp-content\/uploads\/2022\/09\/Malmsmidi.jpg\" data-srcset=\"https:\/\/hedinn.is\/wp-content\/uploads\/2022\/09\/Malmsmidi-200x133.jpg 200w, https:\/\/hedinn.is\/wp-content\/uploads\/2022\/09\/Malmsmidi-400x267.jpg 400w, https:\/\/hedinn.is\/wp-content\/uploads\/2022\/09\/Malmsmidi-600x400.jpg 600w, https:\/\/hedinn.is\/wp-content\/uploads\/2022\/09\/Malmsmidi.jpg 800w\" data-sizes=\"auto\" \/><\/div><div class=\"awb-imageframe-caption-container\" style=\"text-align:left;\"><div class=\"awb-imageframe-caption\"><p class=\"awb-imageframe-caption-text\">Metalworking \u2014 From the earliest days of the Iron Foundry. For a long time, the metal was melted in a cupola furnace fired with coke. The coke, along with the pig iron, was hoisted to the top of the furnace by hand, a task that was very laborious. <\/p><\/div><\/div><\/div><\/li><li class=\"fusion-carousel-item\"><div class=\"fusion-carousel-item-wrapper\"><div class=\"fusion-image-wrapper hover-type-none\"><img decoding=\"async\" width=\"533\" height=\"800\" src=\"https:\/\/hedinn.is\/wp-content\/uploads\/2022\/09\/Malmsmidi-2.jpg\" class=\"attachment-full size-full lazyload\" alt=\"M\u00e1lmsm\u00ed\u00f0i 2\" srcset=\"data:image\/svg+xml,%3Csvg%20xmlns%3D%27http%3A%2F%2Fwww.w3.org%2F2000%2Fsvg%27%20width%3D%27533%27%20height%3D%27800%27%20viewBox%3D%270%200%20533%20800%27%3E%3Crect%20width%3D%27533%27%20height%3D%27800%27%20fill-opacity%3D%220%22%2F%3E%3C%2Fsvg%3E\" data-orig-src=\"https:\/\/hedinn.is\/wp-content\/uploads\/2022\/09\/Malmsmidi-2.jpg\" data-srcset=\"https:\/\/hedinn.is\/wp-content\/uploads\/2022\/09\/Malmsmidi-2-200x300.jpg 200w, https:\/\/hedinn.is\/wp-content\/uploads\/2022\/09\/Malmsmidi-2-400x600.jpg 400w, https:\/\/hedinn.is\/wp-content\/uploads\/2022\/09\/Malmsmidi-2.jpg 533w\" data-sizes=\"auto\" \/><\/div><div class=\"awb-imageframe-caption-container\" style=\"text-align:left;\"><div class=\"awb-imageframe-caption\"><p class=\"awb-imageframe-caption-text\">Later, production was modernized with electric smelting. Photographs: Author unknown \/ H\u00e9\u00f0inn.<\/p><\/div><\/div><\/div><\/li><\/ul><div class=\"fusion-carousel-nav\"><span class=\"fusion-nav-prev\"><\/span><span class=\"fusion-nav-next\"><\/span><\/div><\/div><\/div><\/div><style type=\"text\/css\">.awb-imageframe-style.awb-imageframe-style-1 .awb-imageframe-caption-container .awb-imageframe-caption-text{font-size:var(--awb-typography5-font-size);font-family:var(--awb-typography5-font-family);font-weight:var(--awb-typography5-font-weight);font-style:var(--awb-typography5-font-style);text-transform:var(--awb-typography5-text-transform);}<\/style><div class=\"fusion-text fusion-text-2\"><h2>Events in World Politics<\/h2>\n<p>The company\u2019s first mold maker was a Danish man, Knud Jensen, but then J\u00f3nas J\u00f3nasson of Hl\u00ed\u00f0arh\u00fas took over that role and made all the molds during his lifetime. After his death in 1915, molds were made in various places, mostly by \u00c1rni J\u00f3nsson, a carpenter at N\u00fdlendugata 21, until the year 1925.(5)<br \/>\nSigurgeir Finnsson was the foreman during the first semesters. But in 1908 the iron foundry, J\u00e1rnsteypa Reykjav\u00edkur brought in an excellent craftsman from Denmark, Valdimar Poulsen, to run the workshop. He did not stay long, however, and established another workshop. J\u00e1rnsteypa Reykjav\u00edkur nevertheless continued its operations \u2013 and in 1910 \u00c1rni J\u00f3nsson, who had been an apprentice during the foundry\u2019s first year of operation, took over as foreman. But it was not long before changes followed in the wake of world political events.<\/p>\n<p>As the First World War went on, the operating difficulties of the iron foundry J\u00e1rnsteypa Reykjav\u00edkur increased with the rising price of coal used for smelting. Eventually, it was decided to sell the business.<\/p>\n<p>At the end of the First World War, in 1918, J\u00e1rnsteypa Reykjav\u00edkur became part of a company group that was established under the name of the machine workshop Hamar.<br \/>\nMark\u00fas \u00cdvarsson and Bjarni \u00deorsteinsson worked together at Hamar before they founded H\u00e9\u00f0inn in 1922, and from the beginning they had various forms of cooperation with their former workplace, even though they also competed for projects. Engineer Benedikt Gr\u00f6ndal became managing director of Hamar in 1932, and the ties between the companies grew even closer.<\/p>\n<p>It can be said that the activities of iron foundry grew during the interwar years, both because Icelanders increasingly felt capable of doing more in this field, and also because it was regarded as a matter of national independence that as much as possible should be produced within the country. Nevertheless, the industry continued to benefit from foreign labor and ideas. For example, around the mid-1930s, a Danish mold maker named Svendsen was brought in to work with J\u00e1rnsteypa Reykjav\u00edkur.<\/p>\n<\/div><div class=\"awb-imageframe-style awb-imageframe-style-below awb-imageframe-style-2\"><style>.awb-imageframe-style.awb-imageframe-style-2 .awb-imageframe-caption-container .awb-imageframe-caption-text{font-size:var(--awb-typography5-font-size);font-family:var(--awb-typography5-font-family);font-weight:var(--awb-typography5-font-weight);font-style:var(--awb-typography5-font-style);text-transform:var(--awb-typography5-text-transform);}<\/style><span class=\"fusion-imageframe imageframe-none imageframe-2 hover-type-none\"><img decoding=\"async\" width=\"800\" height=\"533\" alt=\"Ekki eru allar fer\u00f0ir til fj\u00e1r\" src=\"https:\/\/hedinn.is\/wp-content\/uploads\/2022\/09\/Ekki-eru-allar-ferdir-til-fjar.jpg\" data-orig-src=\"https:\/\/hedinn.is\/wp-content\/uploads\/2022\/09\/Ekki-eru-allar-ferdir-til-fjar.jpg\" class=\"lazyload img-responsive wp-image-4644\" srcset=\"https:\/\/hedinn.is\/wp-content\/uploads\/2022\/09\/Ekki-eru-allar-ferdir-til-fjar-200x133.jpg 200w, https:\/\/hedinn.is\/wp-content\/uploads\/2022\/09\/Ekki-eru-allar-ferdir-til-fjar-300x200.jpg 300w, https:\/\/hedinn.is\/wp-content\/uploads\/2022\/09\/Ekki-eru-allar-ferdir-til-fjar-400x267.jpg 400w, https:\/\/hedinn.is\/wp-content\/uploads\/2022\/09\/Ekki-eru-allar-ferdir-til-fjar-600x400.jpg 600w, https:\/\/hedinn.is\/wp-content\/uploads\/2022\/09\/Ekki-eru-allar-ferdir-til-fjar-768x512.jpg 768w, https:\/\/hedinn.is\/wp-content\/uploads\/2022\/09\/Ekki-eru-allar-ferdir-til-fjar.jpg 800w\" data-srcset=\"https:\/\/hedinn.is\/wp-content\/uploads\/2022\/09\/Ekki-eru-allar-ferdir-til-fjar-200x133.jpg 200w, https:\/\/hedinn.is\/wp-content\/uploads\/2022\/09\/Ekki-eru-allar-ferdir-til-fjar-300x200.jpg 300w, https:\/\/hedinn.is\/wp-content\/uploads\/2022\/09\/Ekki-eru-allar-ferdir-til-fjar-400x267.jpg 400w, https:\/\/hedinn.is\/wp-content\/uploads\/2022\/09\/Ekki-eru-allar-ferdir-til-fjar-600x400.jpg 600w, https:\/\/hedinn.is\/wp-content\/uploads\/2022\/09\/Ekki-eru-allar-ferdir-til-fjar-768x512.jpg 768w, https:\/\/hedinn.is\/wp-content\/uploads\/2022\/09\/Ekki-eru-allar-ferdir-til-fjar.jpg 800w\" data-sizes=\"auto\" data-orig-sizes=\"(max-width: 1024px) 100vw, (max-width: 640px) 100vw, 800px\" \/><\/span><div class=\"awb-imageframe-caption-container\"><div class=\"awb-imageframe-caption\"><p class=\"awb-imageframe-caption-text\">Not every venture turns out profitably. The Dane Emil Andersen came in 1926 to teach H\u00e9\u00f0inn\u2019s employees how to use the company\u2019s first electric welding machine. In the picture is a buoyancy tank that he and other H\u00e9\u00f0inn workers had just finished welding together. The tank was built for the trawler Gylfi for experimental fishing with a pelagic trawl. Unfortunately, the trial failed, as the tank collapsed under pressure on its very first descent into the depths. Photo: Author unknown \/ H\u00e9\u00f0inn. <\/p><\/div><\/div><\/div><div class=\"fusion-text fusion-text-3\"><h2>The Cooperation of Hamar and H\u00e9\u00f0inn<\/h2>\n<p>n 1933 it was decided to establish the steelwork: St\u00e1lsmi\u00f0jan \u2013 a joint partnership of H\u00e9\u00f0inn and Hamar. It operated in a factory building on Brunnst\u00edgur. Finally, in 1940, an agreement was made between H\u00e9\u00f0inn and Hamar for the joint operation of an iron foundry, and T\u00f3mas Vigf\u00fasson was commissioned to oversee the construction of new facilities for that activity. The reason was that demand for iron casting had been steadily increasing, and the old premises had long outgrown the operations.<\/p>\n<p>That building was completed in 1941, when the joint company St\u00e1lsmi\u00f0jan finished constructing a factory for J\u00e1rnsmi\u00f0ja Reykjav\u00edkur, designed to accommodate all types of metal casting. The building measured 12 by 50 meters, and it was estimated that between 30 and 40 people could work there. It was erected on an old lot formerly belonging to the Alliance fishing company on Hringbraut, where drying sheds had once stood, though the planned extension of Hringbraut was to pass through this area of Vesturb\u00e6r. With this new construction, H\u00e9\u00f0inn formally became a half-owner of J\u00e1rnsmi\u00f0ja Reykjav\u00edkur.<\/p>\n<p>In the first period after the war, a protectionist policy prevailed in favor of Icelandic industry, but after 1960 there was increasing pressure to abolish tariffs and import duties on industrial goods in the lead-up to Iceland\u2019s accession to the EFTA free trade association. Icelandic manufactured products had to give way to imports and disappeared from production, such as stoves and washing machines. Instead, J\u00e1rnsmi\u00f0ja Reykjav\u00edkur took part in H\u00e9\u00f0inn\u2019s services to the fishing fleet, fish processing, power plants, and heavy industry, which increasingly required its products and services.<\/p>\n<\/div><div class=\"fusion-image-carousel fusion-image-carousel-auto fusion-image-carousel-2 lightbox-enabled fusion-carousel-border awb-image-carousel-top-below-caption\"><div class=\"fusion-carousel awb-imageframe-style awb-imageframe-style-below awb-imageframe-style-2\" data-autoplay=\"no\" data-columns=\"5\" data-itemmargin=\"13\" data-itemwidth=\"180\" data-touchscroll=\"no\" data-imagesize=\"auto\"><div class=\"fusion-carousel-positioner\"><ul class=\"fusion-carousel-holder\"><li class=\"fusion-carousel-item\"><div class=\"fusion-carousel-item-wrapper\"><div class=\"fusion-image-wrapper hover-type-none\"><a data-rel=\"iLightbox[image_carousel_2]\" data-caption=\"Afgl\u00f3\u00f0a\u00f0 \u00ed \u00ferj\u00e1 daga \u00deessar myndir eru fr\u00e1 str\u00ed\u00f0s\u00e1runum og voru teknar vi\u00f0 h\u00f6fu\u00f0st\u00f6\u00f0varnar vi\u00f0 Seljaveg. \u00de\u00e6r s\u00fdna kl\u00f6ssun \u00e1 a\u00f0alv\u00e9l togarans Hallveigar Fr\u00f3\u00f0ad\u00f3ttur. Blokkin var afgl\u00f3\u00f0u\u00f0, l\u00f6g\u00f0 \u00e1 kolabe\u00f0 og tyrft yfir, kveikt undir og l\u00e1ti\u00f0 gl\u00f3\u00f0ast \u00ed \u00fer\u00fa d\u00e6gur. \" href=\"https:\/\/hedinn.is\/wp-content\/uploads\/2022\/09\/Afglodad-i-thrja-daga.jpg\" target=\"_self\"><img decoding=\"async\" width=\"800\" height=\"533\" src=\"https:\/\/hedinn.is\/wp-content\/uploads\/2022\/09\/Afglodad-i-thrja-daga.jpg\" class=\"attachment-full size-full lazyload\" alt=\"Afgl\u00f3\u00f0a\u00f0 \u00ed \u00ferj\u00e1 daga\" srcset=\"data:image\/svg+xml,%3Csvg%20xmlns%3D%27http%3A%2F%2Fwww.w3.org%2F2000%2Fsvg%27%20width%3D%27800%27%20height%3D%27533%27%20viewBox%3D%270%200%20800%20533%27%3E%3Crect%20width%3D%27800%27%20height%3D%27533%27%20fill-opacity%3D%220%22%2F%3E%3C%2Fsvg%3E\" data-orig-src=\"https:\/\/hedinn.is\/wp-content\/uploads\/2022\/09\/Afglodad-i-thrja-daga.jpg\" data-srcset=\"https:\/\/hedinn.is\/wp-content\/uploads\/2022\/09\/Afglodad-i-thrja-daga-200x133.jpg 200w, https:\/\/hedinn.is\/wp-content\/uploads\/2022\/09\/Afglodad-i-thrja-daga-400x267.jpg 400w, https:\/\/hedinn.is\/wp-content\/uploads\/2022\/09\/Afglodad-i-thrja-daga-600x400.jpg 600w, https:\/\/hedinn.is\/wp-content\/uploads\/2022\/09\/Afglodad-i-thrja-daga.jpg 800w\" data-sizes=\"auto\" \/><\/a><\/div><div class=\"awb-imageframe-caption-container\" style=\"text-align:left;\"><div class=\"awb-imageframe-caption\"><p class=\"awb-imageframe-caption-text\">Annealed for three days. These pictures are from the war years and were taken at the headquarters on Seljavegur. They show the machining of the main engine of the trawler Hallveig Fr\u00f3\u00f0ad\u00f3ttir. The engine block was annealed: placed on a bed of coal, covered with turf, lit underneath, and left to glow for three days. <\/p><\/div><\/div><\/div><\/li><li class=\"fusion-carousel-item\"><div class=\"fusion-carousel-item-wrapper\"><div class=\"fusion-image-wrapper hover-type-none\"><a data-rel=\"iLightbox[image_carousel_2]\" data-caption=\"Afgl\u00f3\u00f0un er framkv\u00e6md til a\u00f0 losna vi\u00f0 spennu \u00ed m\u00e1lmum eftir su\u00f0u e\u00f0a a\u00f0ra hitame\u00f0fer\u00f0. Eftir afgl\u00f3\u00f0un er sm\u00ed\u00f0in l\u00e1tin k\u00f3lna h\u00e6gt. Lj\u00f3smynd: H\u00f6fundur \u00f3\u00feekktur\/H\u00e9\u00f0inn\" href=\"https:\/\/hedinn.is\/wp-content\/uploads\/2022\/09\/Afglodad-i-thrja-daga-2.jpg\" target=\"_self\"><img decoding=\"async\" width=\"800\" height=\"533\" src=\"https:\/\/hedinn.is\/wp-content\/uploads\/2022\/09\/Afglodad-i-thrja-daga-2.jpg\" class=\"attachment-full size-full lazyload\" alt=\"Afgl\u00f3\u00f0a\u00f0 \u00ed \u00ferj\u00e1 daga 2\" srcset=\"data:image\/svg+xml,%3Csvg%20xmlns%3D%27http%3A%2F%2Fwww.w3.org%2F2000%2Fsvg%27%20width%3D%27800%27%20height%3D%27533%27%20viewBox%3D%270%200%20800%20533%27%3E%3Crect%20width%3D%27800%27%20height%3D%27533%27%20fill-opacity%3D%220%22%2F%3E%3C%2Fsvg%3E\" data-orig-src=\"https:\/\/hedinn.is\/wp-content\/uploads\/2022\/09\/Afglodad-i-thrja-daga-2.jpg\" data-srcset=\"https:\/\/hedinn.is\/wp-content\/uploads\/2022\/09\/Afglodad-i-thrja-daga-2-200x133.jpg 200w, https:\/\/hedinn.is\/wp-content\/uploads\/2022\/09\/Afglodad-i-thrja-daga-2-400x267.jpg 400w, https:\/\/hedinn.is\/wp-content\/uploads\/2022\/09\/Afglodad-i-thrja-daga-2-600x400.jpg 600w, https:\/\/hedinn.is\/wp-content\/uploads\/2022\/09\/Afglodad-i-thrja-daga-2.jpg 800w\" data-sizes=\"auto\" \/><\/a><\/div><div class=\"awb-imageframe-caption-container\" style=\"text-align:left;\"><div class=\"awb-imageframe-caption\"><p class=\"awb-imageframe-caption-text\">Annealing is carried out to relieve stress in metals after welding or other heat treatment. After annealing, the construction is allowed to cool slowly.\nPhoto: Author unknown \/ H\u00e9\u00f0inn.<\/p><\/div><\/div><\/div><\/li><\/ul><div class=\"fusion-carousel-nav\"><span class=\"fusion-nav-prev\"><\/span><span class=\"fusion-nav-next\"><\/span><\/div><\/div><\/div><\/div><style type=\"text\/css\">.awb-imageframe-style.awb-imageframe-style-2 .awb-imageframe-caption-container .awb-imageframe-caption-text{font-size:var(--awb-typography5-font-size);font-family:var(--awb-typography5-font-family);font-weight:var(--awb-typography5-font-weight);font-style:var(--awb-typography5-font-style);text-transform:var(--awb-typography5-text-transform);}<\/style><div class=\"fusion-text fusion-text-4\"><h2>J\u00e1rnsteypa Reykjav\u00edkur becomes part of H\u00e9\u00f0inn<\/h2>\n<p>According to historian Sumarli\u00f0i R. \u00cdsleifsson, in his summary history of J\u00e1rnsteypan, the average annual production between 1962 and 1989 was about 153 tons of iron, 5.2 tons of copper, and about one ton of aluminum. However, the workforce varied over time: around seventeen to twenty people worked there around 1970, but only six to eight by 1990. Various technological innovations during this period explained the reduction in staff.<\/p>\n<p>The tasks of J\u00e1rnsmi\u00f0jan varied, differing somewhat from period to period. In the earliest stage, window frames and stoves were cast, but increasingly castings were made in service of the fishing industry: pistons, davits, propellers, and engine parts. Among the more traditional projects were all kinds of frames, benches for street construction (the \u2018bus stop bench\u2019), and specially marked manholes \u2013 and for the municipalities, various grates, frames, and water traps.<\/p>\n<p>Icelandic artists found both refuge and assistance with the master metal casters of H\u00e9\u00f0inn and J\u00e1rnsteypan. In fact, there were virtually no limits to what J\u00e1rnsteypan was asked to produce. Over time, a remarkable collection of molds was created, perhaps without equal anywhere in the world. It was therefore a great loss in cultural history when, on April 8, 1993, a fire broke out in J\u00e1rnsteypan \u2013 and most of the molds, preserved since 1906, were destroyed.<\/p>\n<p>As mentioned earlier in this account, the machine workshops H\u00e9\u00f0inn and Hamar jointly owned St\u00e1lsmi\u00f0jan and thus shared ownership of J\u00e1rnsteypan in 1941, but in 1985 a division took place. Hamar took over St\u00e1lsmi\u00f0jan, while H\u00e9\u00f0inn acquired Hamar\u2019s share in J\u00e1rnsteypan, and since then the operation has been solely in the hands of H\u00e9\u00f0inn.<\/p>\n<\/div><div class=\"fusion-text fusion-text-5\"><h2>In Gar\u00f0ab\u00e6r and Hafnarfj\u00f6r\u00f0ur<\/h2>\n<p>After nearly 100 years of operation in Vesturb\u00e6r, Reykjav\u00edk, J\u00e1rnsmi\u00f0jan moved to St\u00f3r\u00e1s in Gar\u00f0ab\u00e6r and was operated there under the same roof as H\u00e9\u00f0inn in the following years. And when H\u00e9\u00f0inn built new premises for its operations at Gj\u00e1hella 4 in Hafnarfj\u00f6r\u00f0ur in 2008, the more than century-old J\u00e1rnsteypa moved along with it.<\/p>\n<\/div><div class=\"fusion-image-carousel fusion-image-carousel-auto fusion-image-carousel-3 lightbox-enabled fusion-carousel-border awb-image-carousel-top-below-caption\"><div class=\"fusion-carousel awb-imageframe-style awb-imageframe-style-below awb-imageframe-style-3\" data-autoplay=\"no\" data-columns=\"2\" data-itemmargin=\"13\" data-itemwidth=\"180\" data-touchscroll=\"no\" data-imagesize=\"auto\"><div class=\"fusion-carousel-positioner\"><ul class=\"fusion-carousel-holder\"><li class=\"fusion-carousel-item\"><div class=\"fusion-carousel-item-wrapper\"><div class=\"fusion-image-wrapper hover-type-none\"><a data-rel=\"iLightbox[image_carousel_3]\" data-caption=\"Langl\u00edf heimasm\u00ed\u00f0i \u00deessi kranab\u00edll var hanna\u00f0ur og sm\u00ed\u00f0a\u00f0ur ofan \u00e1 bandar\u00edskan hertrukk af H\u00e9\u00f0insm\u00f6nnum og n\u00fdttist vi\u00f0 allar m\u00f6gulegar a\u00f0st\u00e6\u00f0ur \u00ed starfsemi H\u00e9\u00f0ins \u00e1ratugum saman. Fyrir ofan m\u00e1 sj\u00e1 DC-8 \u00feotu Loftlei\u00f0a koma inn til lendingar \u00e1 Keflav\u00edkurflugvelli. Myndin er sennilega tekin \u00ed okt\u00f3ber 1971 \u00feegar fyrsta DC-8 \u00feota Loftlei\u00f0a kom til landsins. Lj\u00f3smynd: H\u00f6fundur \u00f3\u00feekktur\/H\u00e9\u00f0inn\" href=\"https:\/\/hedinn.is\/wp-content\/uploads\/2022\/09\/Langlif-heimasmidi.jpg\" target=\"_self\"><img decoding=\"async\" width=\"800\" height=\"533\" src=\"https:\/\/hedinn.is\/wp-content\/uploads\/2022\/09\/Langlif-heimasmidi.jpg\" class=\"attachment-full size-full lazyload\" alt=\"Langl\u00edf heimasm\u00ed\u00f0\" srcset=\"data:image\/svg+xml,%3Csvg%20xmlns%3D%27http%3A%2F%2Fwww.w3.org%2F2000%2Fsvg%27%20width%3D%27800%27%20height%3D%27533%27%20viewBox%3D%270%200%20800%20533%27%3E%3Crect%20width%3D%27800%27%20height%3D%27533%27%20fill-opacity%3D%220%22%2F%3E%3C%2Fsvg%3E\" data-orig-src=\"https:\/\/hedinn.is\/wp-content\/uploads\/2022\/09\/Langlif-heimasmidi.jpg\" data-srcset=\"https:\/\/hedinn.is\/wp-content\/uploads\/2022\/09\/Langlif-heimasmidi-200x133.jpg 200w, https:\/\/hedinn.is\/wp-content\/uploads\/2022\/09\/Langlif-heimasmidi-400x267.jpg 400w, https:\/\/hedinn.is\/wp-content\/uploads\/2022\/09\/Langlif-heimasmidi-600x400.jpg 600w, https:\/\/hedinn.is\/wp-content\/uploads\/2022\/09\/Langlif-heimasmidi.jpg 800w\" data-sizes=\"auto\" \/><\/a><\/div><div class=\"awb-imageframe-caption-container\" style=\"text-align:left;\"><div class=\"awb-imageframe-caption\"><p class=\"awb-imageframe-caption-text\">Long-lived homebuilt machine. This crane truck was designed and built on top of an American army truck by H\u00e9\u00f0inn\u2019s workers and was used for every conceivable task in the company\u2019s operations for decades. Above it can be seen a Loftlei\u00f0ir DC-8 jet coming in to land at Keflav\u00edk Airport. The picture was probably taken in October 1971, when the first Loftlei\u00f0ir DC-8 arrived in Iceland.\nPhoto: Author unknown \/ H\u00e9\u00f0inn.<\/p><\/div><\/div><\/div><\/li><li class=\"fusion-carousel-item\"><div class=\"fusion-carousel-item-wrapper\"><div class=\"fusion-image-wrapper hover-type-none\"><a data-rel=\"iLightbox[image_carousel_3]\" data-caption=\"Allskonar vi\u00f0ger\u00f0ir Augl\u00fdsing fr\u00e1 upphafs\u00e1rum H\u00e9\u00f0ins. Starfsemin var\u00f0 snemma fj\u00f6lbreytt. \" href=\"https:\/\/hedinn.is\/wp-content\/uploads\/2022\/09\/Allskonar-vidgerdir.jpg\" target=\"_self\"><img decoding=\"async\" width=\"637\" height=\"800\" src=\"https:\/\/hedinn.is\/wp-content\/uploads\/2022\/09\/Allskonar-vidgerdir.jpg\" class=\"attachment-full size-full lazyload\" alt=\"Allskonar vi\u00f0ger\u00f0ir\" srcset=\"data:image\/svg+xml,%3Csvg%20xmlns%3D%27http%3A%2F%2Fwww.w3.org%2F2000%2Fsvg%27%20width%3D%27637%27%20height%3D%27800%27%20viewBox%3D%270%200%20637%20800%27%3E%3Crect%20width%3D%27637%27%20height%3D%27800%27%20fill-opacity%3D%220%22%2F%3E%3C%2Fsvg%3E\" data-orig-src=\"https:\/\/hedinn.is\/wp-content\/uploads\/2022\/09\/Allskonar-vidgerdir.jpg\" data-srcset=\"https:\/\/hedinn.is\/wp-content\/uploads\/2022\/09\/Allskonar-vidgerdir-200x251.jpg 200w, https:\/\/hedinn.is\/wp-content\/uploads\/2022\/09\/Allskonar-vidgerdir-400x502.jpg 400w, https:\/\/hedinn.is\/wp-content\/uploads\/2022\/09\/Allskonar-vidgerdir-600x754.jpg 600w, https:\/\/hedinn.is\/wp-content\/uploads\/2022\/09\/Allskonar-vidgerdir.jpg 637w\" data-sizes=\"auto\" \/><\/a><\/div><div class=\"awb-imageframe-caption-container\" style=\"text-align:left;\"><div class=\"awb-imageframe-caption\"><p class=\"awb-imageframe-caption-text\">All kinds of repairs. An advertisement from H\u00e9\u00f0inn\u2019s early years. The company\u2019s activities soon became diverse. <\/p><\/div><\/div><\/div><\/li><li class=\"fusion-carousel-item\"><div class=\"fusion-carousel-item-wrapper\"><div class=\"fusion-image-wrapper hover-type-none\"><a data-rel=\"iLightbox[image_carousel_3]\" data-caption=\"Br\u00e6\u00f0sla og eiming Stj\u00f3rnst\u00f6\u00f0 fyrir stigr\u00f6rseimingart\u00e6ki \u00ed fiskimj\u00f6lsverksmi\u00f0ju. Myndin er tekin \u00e1 sj\u00f6tta \u00e1ratug s\u00ed\u00f0ustu aldar. Lj\u00f3smynd: J\u00f3n Oddsson\/H\u00e9\u00f0inn\" href=\"https:\/\/hedinn.is\/wp-content\/uploads\/2022\/09\/Braedsla-og-eiming.jpg\" target=\"_self\"><img decoding=\"async\" width=\"800\" height=\"807\" src=\"https:\/\/hedinn.is\/wp-content\/uploads\/2022\/09\/Braedsla-og-eiming.jpg\" class=\"attachment-full size-full lazyload\" alt=\"Br\u00e6\u00f0sla og eiming\" srcset=\"data:image\/svg+xml,%3Csvg%20xmlns%3D%27http%3A%2F%2Fwww.w3.org%2F2000%2Fsvg%27%20width%3D%27800%27%20height%3D%27807%27%20viewBox%3D%270%200%20800%20807%27%3E%3Crect%20width%3D%27800%27%20height%3D%27807%27%20fill-opacity%3D%220%22%2F%3E%3C%2Fsvg%3E\" data-orig-src=\"https:\/\/hedinn.is\/wp-content\/uploads\/2022\/09\/Braedsla-og-eiming.jpg\" data-srcset=\"https:\/\/hedinn.is\/wp-content\/uploads\/2022\/09\/Braedsla-og-eiming-200x202.jpg 200w, https:\/\/hedinn.is\/wp-content\/uploads\/2022\/09\/Braedsla-og-eiming-400x404.jpg 400w, https:\/\/hedinn.is\/wp-content\/uploads\/2022\/09\/Braedsla-og-eiming-600x605.jpg 600w, https:\/\/hedinn.is\/wp-content\/uploads\/2022\/09\/Braedsla-og-eiming.jpg 800w\" data-sizes=\"auto\" \/><\/a><\/div><div class=\"awb-imageframe-caption-container\" style=\"text-align:left;\"><div class=\"awb-imageframe-caption\"><p class=\"awb-imageframe-caption-text\">Br\u00e6\u00f0sla og eiming Stj\u00f3rnst\u00f6\u00f0 fyrir stigr\u00f6rseimingart\u00e6ki \u00ed fiskimj\u00f6lsverksmi\u00f0ju. Myndin er tekin \u00e1 sj\u00f6tta \u00e1ratug s\u00ed\u00f0ustu aldar. \nLj\u00f3smynd: J\u00f3n Oddsson\/H\u00e9\u00f0inn<\/p><\/div><\/div><\/div><\/li><li class=\"fusion-carousel-item\"><div class=\"fusion-carousel-item-wrapper\"><div class=\"fusion-image-wrapper hover-type-none\"><a data-rel=\"iLightbox[image_carousel_3]\" data-caption=\"Gott dagsverk Hreyknir starfsmenn a\u00f0 aflokinni st\u00f3rvi\u00f0ger\u00f0 \u00e1 skipsskr\u00fafu n\u00fdsk\u00f6punartogara \u00e1 sj\u00f6tta \u00e1ratug s\u00ed\u00f0ustu aldar. Lj\u00f3smynd: J\u00f3n Oddsson\/H\u00e9\u00f0inn\" href=\"https:\/\/hedinn.is\/wp-content\/uploads\/2022\/09\/Gott-dagsverk.jpg\" target=\"_self\"><img decoding=\"async\" width=\"793\" height=\"800\" src=\"https:\/\/hedinn.is\/wp-content\/uploads\/2022\/09\/Gott-dagsverk.jpg\" class=\"attachment-full size-full lazyload\" alt=\"Gott dagsverk\" srcset=\"data:image\/svg+xml,%3Csvg%20xmlns%3D%27http%3A%2F%2Fwww.w3.org%2F2000%2Fsvg%27%20width%3D%27793%27%20height%3D%27800%27%20viewBox%3D%270%200%20793%20800%27%3E%3Crect%20width%3D%27793%27%20height%3D%27800%27%20fill-opacity%3D%220%22%2F%3E%3C%2Fsvg%3E\" data-orig-src=\"https:\/\/hedinn.is\/wp-content\/uploads\/2022\/09\/Gott-dagsverk.jpg\" data-srcset=\"https:\/\/hedinn.is\/wp-content\/uploads\/2022\/09\/Gott-dagsverk-200x202.jpg 200w, https:\/\/hedinn.is\/wp-content\/uploads\/2022\/09\/Gott-dagsverk-400x404.jpg 400w, https:\/\/hedinn.is\/wp-content\/uploads\/2022\/09\/Gott-dagsverk-600x605.jpg 600w, https:\/\/hedinn.is\/wp-content\/uploads\/2022\/09\/Gott-dagsverk.jpg 793w\" data-sizes=\"auto\" \/><\/a><\/div><div class=\"awb-imageframe-caption-container\" style=\"text-align:left;\"><div class=\"awb-imageframe-caption\"><p class=\"awb-imageframe-caption-text\">Gott dagsverk Hreyknir starfsmenn a\u00f0 aflokinni st\u00f3rvi\u00f0ger\u00f0 \u00e1 skipsskr\u00fafu n\u00fdsk\u00f6punartogara \u00e1 sj\u00f6tta \u00e1ratug s\u00ed\u00f0ustu aldar. \nLj\u00f3smynd: J\u00f3n Oddsson\/H\u00e9\u00f0inn<\/p><\/div><\/div><\/div><\/li><\/ul><div class=\"fusion-carousel-nav\"><span class=\"fusion-nav-prev\"><\/span><span class=\"fusion-nav-next\"><\/span><\/div><\/div><\/div><\/div><style type=\"text\/css\">.awb-imageframe-style.awb-imageframe-style-3 .awb-imageframe-caption-container .awb-imageframe-caption-text{font-size:var(--awb-typography5-font-size);font-family:var(--awb-typography5-font-family);font-weight:var(--awb-typography5-font-weight);font-style:var(--awb-typography5-font-style);text-transform:var(--awb-typography5-text-transform);}<\/style><div class=\"fusion-separator fusion-full-width-sep\" style=\"align-self: center;margin-left: auto;margin-right: auto;margin-top:30px;margin-bottom:-10px;width:100%;\"><div class=\"fusion-separator-border sep-single sep-solid\" style=\"border-color:#e7e4e2;border-top-width:2px;\"><\/div><\/div><div class=\"fusion-sharing-box fusion-sharing-box-1 boxed-icons\" style=\"background-color:rgba(250,249,248,0);padding:0;margin-top:60px;\" data-title=\"D\u00f3tturf\u00e9lagi\u00f0 J\u00e1rnsteypan \u00ed Reykjav\u00edk\" data-description=\"D\u00f3tturf\u00e9lagi\u00f0 J\u00e1rnsteypan \u00ed Reykjav\u00edk \u00c1ri\u00f0 1933 var \u00e1kve\u00f0i\u00f0 a\u00f0 stofna St\u00e1lsmi\u00f0juna, sameignarf\u00e9lag v\u00e9lsmi\u00f0janna H\u00e9\u00f0ins og Hamars. Kom Hamar me\u00f0 fyrirt\u00e6ki\u00f0 J\u00e1rnsteypuna \u00ed p\u00fakki\u00f0, sem \u00e1tti eftir a\u00f0 leika st\u00f3rt hlutverk \u00ed starfsemi H\u00e9\u00f0ins en J\u00e1rnsteypa var\u00f0 grundv\u00f6llur \u00ed framlei\u00f0slu H\u00e9\u00f0ins um og eftir mi\u00f0bik s\u00ed\u00f0ustu aldar. Allar framlei\u00f0sluv\u00f6rurnar \u00e1ttu uppruna sinn a\u00f0 meira e\u00f0a minna\" data-link=\"https:\/\/hedinn.is\/en\/dotturfelagid-jarnsteypan-i-reykjavik\/\"><h4 class=\"tagline\" style=\"color:#333c4e;\">Share the history <\/h4><div class=\"fusion-social-networks sharingbox-shortcode-icon-wrapper sharingbox-shortcode-icon-wrapper-1 boxed-icons\"><span><a href=\"https:\/\/www.facebook.com\/sharer.php?u=https%3A%2F%2Fhedinn.is%2Fen%2Fdotturfelagid-jarnsteypan-i-reykjavik%2F&amp;t=D%C3%B3tturf%C3%A9lagi%C3%B0%20J%C3%A1rnsteypan%20%C3%AD%20Reykjav%C3%ADk\" target=\"_blank\" rel=\"noreferrer\" title=\"Facebook\" aria-label=\"Facebook\" data-placement=\"top\" data-toggle=\"tooltip\" data-title=\"Facebook\"><i class=\"fusion-social-network-icon fusion-tooltip fusion-facebook awb-icon-facebook\" style=\"color:#ffffff;background-color:#3b5998;border-color:#3b5998;border-radius:4px;\" aria-hidden=\"true\"><\/i><\/a><\/span><span><a href=\"https:\/\/twitter.com\/share?text=D%C3%B3tturf%C3%A9lagi%C3%B0%20J%C3%A1rnsteypan%20%C3%AD%20Reykjav%C3%ADk&amp;url=https%3A%2F%2Fhedinn.is%2Fen%2Fdotturfelagid-jarnsteypan-i-reykjavik%2F\" target=\"_blank\" rel=\"noopener noreferrer\" title=\"Twitter\" aria-label=\"Twitter\" data-placement=\"top\" data-toggle=\"tooltip\" data-title=\"Twitter\"><i class=\"fusion-social-network-icon fusion-tooltip fusion-twitter awb-icon-twitter\" style=\"color:#ffffff;background-color:#55acee;border-color:#55acee;border-radius:4px;\" aria-hidden=\"true\"><\/i><\/a><\/span><span><a href=\"https:\/\/www.linkedin.com\/shareArticle?mini=true&amp;url=https%3A%2F%2Fhedinn.is%2Fen%2Fdotturfelagid-jarnsteypan-i-reykjavik%2F&amp;title=D%C3%B3tturf%C3%A9lagi%C3%B0%20J%C3%A1rnsteypan%20%C3%AD%20Reykjav%C3%ADk&amp;summary=D%C3%B3tturf%C3%A9lagi%C3%B0%20J%C3%A1rnsteypan%20%C3%AD%20Reykjav%C3%ADk%20%0D%0A%0D%0A%C3%81ri%C3%B0%201933%20var%20%C3%A1kve%C3%B0i%C3%B0%20a%C3%B0%20stofna%20St%C3%A1lsmi%C3%B0juna%2C%20sameignarf%C3%A9lag%20v%C3%A9lsmi%C3%B0janna%20H%C3%A9%C3%B0ins%20og%20Hamars.%20Kom%20Hamar%20me%C3%B0%20fyrirt%C3%A6ki%C3%B0%20J%C3%A1rnsteypuna%20%C3%AD%20p%C3%BAkki%C3%B0%2C%20sem%20%C3%A1tti%20eftir%20a%C3%B0%20leika%20st%C3%B3rt%20hlutverk%20%C3%AD%20starfsemi%20H%C3%A9%C3%B0ins%20en%20J%C3%A1rnsteypa%20var%C3%B0%20grundv%C3%B6llur%20%C3%AD%20framlei%C3%B0slu%20H%C3%A9%C3%B0ins%20um%20og%20eftir%20mi%C3%B0bik%20s%C3%AD%C3%B0ustu%20aldar.%20Allar%20framlei%C3%B0sluv%C3%B6rurnar%20%C3%A1ttu%20uppruna%20sinn%20a%C3%B0%20meira%20e%C3%B0a%20minna\" target=\"_blank\" rel=\"noopener noreferrer\" title=\"LinkedIn\" aria-label=\"LinkedIn\" data-placement=\"top\" data-toggle=\"tooltip\" data-title=\"LinkedIn\"><i class=\"fusion-social-network-icon fusion-tooltip fusion-linkedin awb-icon-linkedin\" style=\"color:#ffffff;background-color:#0077b5;border-color:#0077b5;border-radius:4px;\" aria-hidden=\"true\"><\/i><\/a><\/span><span><a href=\"https:\/\/api.whatsapp.com\/send?text=https%3A%2F%2Fhedinn.is%2Fen%2Fdotturfelagid-jarnsteypan-i-reykjavik%2F\" target=\"_blank\" rel=\"noopener noreferrer\" title=\"WhatsApp\" aria-label=\"WhatsApp\" data-placement=\"top\" data-toggle=\"tooltip\" data-title=\"WhatsApp\"><i class=\"fusion-social-network-icon fusion-tooltip fusion-whatsapp awb-icon-whatsapp\" style=\"color:#ffffff;background-color:#77e878;border-color:#77e878;border-radius:4px;\" aria-hidden=\"true\"><\/i><\/a><\/span><span><a href=\"https:\/\/pinterest.com\/pin\/create\/button\/?url=https%3A%2F%2Fhedinn.is%2Fen%2Fdotturfelagid-jarnsteypan-i-reykjavik%2F&amp;description=D%C3%B3tturf%C3%A9lagi%C3%B0%20J%C3%A1rnsteypan%20%C3%AD%20Reykjav%C3%ADk%20%0D%0A%0D%0A%C3%81ri%C3%B0%201933%20var%20%C3%A1kve%C3%B0i%C3%B0%20a%C3%B0%20stofna%20St%C3%A1lsmi%C3%B0juna%2C%20sameignarf%C3%A9lag%20v%C3%A9lsmi%C3%B0janna%20H%C3%A9%C3%B0ins%20og%20Hamars.%20Kom%20Hamar%20me%C3%B0%20fyrirt%C3%A6ki%C3%B0%20J%C3%A1rnsteypuna%20%C3%AD%20p%C3%BAkki%C3%B0%2C%20sem%20%C3%A1tti%20eftir%20a%C3%B0%20leika%20st%C3%B3rt%20hlutverk%20%C3%AD%20starfsemi%20H%C3%A9%C3%B0ins%20en%20J%C3%A1rnsteypa%20var%C3%B0%20grundv%C3%B6llur%20%C3%AD%20framlei%C3%B0slu%20H%C3%A9%C3%B0ins%20um%20og%20eftir%20mi%C3%B0bik%20s%C3%AD%C3%B0ustu%20aldar.%20Allar%20framlei%C3%B0sluv%C3%B6rurnar%20%C3%A1ttu%20uppruna%20sinn%20a%C3%B0%20meira%20e%C3%B0a%20minna&amp;media=\" target=\"_blank\" rel=\"noopener noreferrer\" title=\"Pinterest\" aria-label=\"Pinterest\" data-placement=\"top\" data-toggle=\"tooltip\" data-title=\"Pinterest\"><i class=\"fusion-social-network-icon fusion-tooltip fusion-pinterest awb-icon-pinterest\" style=\"color:#ffffff;background-color:#bd081c;border-color:#bd081c;border-radius:4px;\" aria-hidden=\"true\"><\/i><\/a><\/span><span><a href=\"mailto:?subject=D%C3%B3tturf%C3%A9lagi%C3%B0%20J%C3%A1rnsteypan%20%C3%AD%20Reykjav%C3%ADk&amp;body=https%3A%2F%2Fhedinn.is%2Fen%2Fdotturfelagid-jarnsteypan-i-reykjavik%2F\" target=\"_self\" title=\"Email\" aria-label=\"Email\" data-placement=\"top\" data-toggle=\"tooltip\" data-title=\"Email\"><i class=\"fusion-social-network-icon fusion-tooltip fusion-mail awb-icon-mail\" style=\"color:#ffffff;background-color:#000000;border-color:#000000;border-radius:4px;\" aria-hidden=\"true\"><\/i><\/a><\/span><\/div><\/div><style type=\"text\/css\">.fusion-sharing-box-1 h4{margin-bottom:0 !important;}.fusion-sharing-box-1{flex-direction:row !important;}.sharingbox-shortcode-icon-wrapper-1 span.sharingbox-shortcode-icon-separator{border-right-width:0px !important;}@media only screen and (max-width:1024px){.fusion-sharing-box-1 h4{margin-right:0.5em !important;margin-bottom:0 !important;}.sharingbox-shortcode-icon-wrapper-1{width:auto !important;justify-content:flex-end !important;}.fusion-sharing-box-1{align-items:center !important;} }@media only screen and (max-width:640px){.fusion-sharing-box-1{flex-direction: column !important;align-items:center !important;}.fusion-sharing-box-1 h4{margin-bottom:revert !important;}.sharingbox-shortcode-icon-wrapper-1{width:100% !important;justify-content:space-between !important;} }<\/style><\/div><style type=\"text\/css\">.fusion-body .fusion-builder-column-0{width:83.333333333333% !important;margin-top : 0px;margin-bottom : 40px;}.fusion-builder-column-0 > .fusion-column-wrapper {padding-top : 0px !important;padding-right : 0px !important;margin-right : 4.608%;padding-bottom : 0px !important;padding-left : 0px !important;margin-left : 2.304%;}@media only screen and (max-width:1024px) {.fusion-body .fusion-builder-column-0{width:100% !important;}.fusion-builder-column-0 > .fusion-column-wrapper {margin-right : 1.92%;margin-left : 1.92%;}}@media only screen and (max-width:640px) {.fusion-body .fusion-builder-column-0{width:100% !important;}.fusion-builder-column-0 > .fusion-column-wrapper {margin-right : 1.92%;margin-left : 1.92%;}}<\/style><\/div><div class=\"fusion-layout-column fusion_builder_column fusion-builder-column-1 fusion_builder_column_1_6 1_6 fusion-flex-column\"><div class=\"fusion-column-wrapper fusion-flex-justify-content-flex-start fusion-content-layout-column\" style=\"background-position:left top;background-repeat:no-repeat;-webkit-background-size:cover;-moz-background-size:cover;-o-background-size:cover;background-size:cover;padding: 0px 0px 0px 0px;\"><style type=\"text\/css\">@media only screen and (max-width:1024px) {.fusion-title.fusion-title-2{margin-top:10px!important; margin-right:0px!important;margin-bottom:20px!important;margin-left:0px!important;}}@media only screen and (max-width:640px) {.fusion-title.fusion-title-2{margin-top:10px!important; margin-right:0px!important;margin-bottom:20px!important; margin-left:0px!important;}}<\/style><div class=\"fusion-title title fusion-title-2 fusion-sep-none fusion-title-text fusion-title-size-five\" style=\"margin-top:10px;margin-right:0px;margin-bottom:20px;margin-left:0px;\"><h5 class=\"title-heading-left fusion-responsive-typography-calculated\" style=\"margin:0;--fontSize:14;--minFontSize:14px;line-height:2;\">H\u00e9\u00f0inn for over 100 years<\/h5><\/div><div class=\"fusion-blog-shortcode fusion-blog-shortcode-1 fusion-blog-archive fusion-blog-layout-medium fusion-blog-pagination\"><div class=\"fusion-posts-container fusion-posts-container-pagination fusion-no-meta-info fusion-blog-rollover\" data-pages=\"3\"><article id=\"blog-1-post-4610\" class=\"fusion-post-medium post-4610 post type-post status-publish format-standard has-post-thumbnail hentry category-hedinn-i-100-ar\">\n\t<style type=\"text\/css\">\n\t\t\n\t\t\n\t\t\n\t\t\n\t\t\t<\/style>\n\n\n\t\t\t<div class=\"fusion-flexslider flexslider fusion-flexslider-loading fusion-post-slideshow\" style=\"\">\n\t\t<ul class=\"slides\">\n\t\t\t\n\t\t\t\t\t\t\t\t\t\t\t\t\t\t<li><div  class=\"fusion-image-wrapper fusion-image-size-fixed\" aria-haspopup=\"true\">\n\t\t\t\t<img decoding=\"async\" width=\"320\" height=\"202\" src=\"https:\/\/hedinn.is\/wp-content\/uploads\/2022\/09\/Untitled-1-320x202.jpg\" class=\"attachment-blog-medium size-blog-medium lazyload wp-post-image\" alt=\"Vagga i\u00f0nbyltingar \u00e1 \u00cdslandi\" srcset=\"data:image\/svg+xml,%3Csvg%20xmlns%3D%27http%3A%2F%2Fwww.w3.org%2F2000%2Fsvg%27%20width%3D%27800%27%20height%3D%27533%27%20viewBox%3D%270%200%20800%20533%27%3E%3Crect%20width%3D%27800%27%20height%3D%27533%27%20fill-opacity%3D%220%22%2F%3E%3C%2Fsvg%3E\" data-orig-src=\"https:\/\/hedinn.is\/wp-content\/uploads\/2022\/09\/Untitled-1-320x202.jpg\" data-srcset=\"https:\/\/hedinn.is\/wp-content\/uploads\/2022\/09\/Untitled-1-320x202.jpg 320w, https:\/\/hedinn.is\/wp-content\/uploads\/2022\/09\/Untitled-1-700x441.jpg 700w\" data-sizes=\"auto\" \/><div class=\"fusion-rollover\">\n\t<div class=\"fusion-rollover-content\">\n\n\t\t\t\t\t\t\t\t\t\t\t\t\t\t<a class=\"fusion-rollover-link\" href=\"https:\/\/hedinn.is\/en\/vagga-idnbyltingarinnar-a-islandi\/\">The Cradle of Icelandic Industrialization<\/a>\n\t\t\t\n\t\t\t\t\t\t\t\t\t\t\t\t\t\t\n\t\t\t\t\t\t\t\t\n\t\t\t\t\t\t\t\t\t\t\t\t\t<div class=\"fusion-rollover-sep\"><\/div>\n\t\t\t\t\n\t\t\t\t\t\t\t\t\t\t\t\t\t\t\t\t\t\t<a class=\"fusion-rollover-gallery\" href=\"https:\/\/hedinn.is\/wp-content\/uploads\/2022\/09\/Untitled-1.jpg\" data-id=\"4610\" data-rel=\"iLightbox[gallery]\" data-title=\"\" data-caption=\"Lj\u00f3smynd: \u00dar safni Samuel Kadorian, lj\u00f3smyndara bandar\u00edska hersins\/Kvikmyndasafn \u00cdslands \">\n\t\t\t\t\t\tGallery\t\t\t\t\t<\/a>\n\t\t\t\t\t\t\t\t\t\t\t\t\t\t\n\t\t\n\t\t\t\t\t\t\t\t\n\t\t\t\t\t\t\t\t\n\t\t\n\t\t\t\t\t\t<a class=\"fusion-link-wrapper\" href=\"https:\/\/hedinn.is\/en\/vagga-idnbyltingarinnar-a-islandi\/\" aria-label=\"The Cradle of Icelandic Industrialization\"><\/a>\n\t<\/div>\n<\/div>\n<\/div>\n<\/li>\n\t\t\t\n\t\t\t\n\t\t\t\t\t\t\t\t\t\t\t\t\t\t\t\t\t\t\t\t\t\t\t\t\t\t\t\t\t\t\t\t\t\t\t\t\t\t\t\t\t\t\t\t\t\t\t\t\t\t\t\t\t\t\t\t\t\t\t\t\t\t\t\t\t\t\t\t<\/ul>\n\t<\/div>\n\t<div class=\"fusion-post-content post-content\"><h2 class=\"blog-shortcode-post-title\"><a href=\"https:\/\/hedinn.is\/en\/vagga-idnbyltingarinnar-a-islandi\/\">The Cradle of Icelandic Industrialization<\/a><\/h2><\/div><div class=\"fusion-clearfix\"><\/div><\/article>\n<article id=\"blog-1-post-4759\" class=\"fusion-post-medium post-4759 post type-post status-publish format-standard has-post-thumbnail hentry category-hedinn-i-100-ar\">\n\t<style type=\"text\/css\">\n\t\t\n\t\t\n\t\t\n\t\t\n\t\t\t<\/style>\n\n\n\t\t\t<div class=\"fusion-flexslider flexslider fusion-flexslider-loading fusion-post-slideshow\" style=\"\">\n\t\t<ul class=\"slides\">\n\t\t\t\n\t\t\t\t\t\t\t\t\t\t\t\t\t\t<li><div  class=\"fusion-image-wrapper fusion-image-size-fixed\" aria-haspopup=\"true\">\n\t\t\t\t<img decoding=\"async\" width=\"320\" height=\"202\" src=\"https:\/\/hedinn.is\/wp-content\/uploads\/2022\/09\/MARKU\u2560uS-I\u2560uVARSSON-40x60-RGB-min-320x202.jpg\" class=\"attachment-blog-medium size-blog-medium lazyload wp-post-image\" alt=\"\" srcset=\"data:image\/svg+xml,%3Csvg%20xmlns%3D%27http%3A%2F%2Fwww.w3.org%2F2000%2Fsvg%27%20width%3D%27800%27%20height%3D%27533%27%20viewBox%3D%270%200%20800%20533%27%3E%3Crect%20width%3D%27800%27%20height%3D%27533%27%20fill-opacity%3D%220%22%2F%3E%3C%2Fsvg%3E\" data-orig-src=\"https:\/\/hedinn.is\/wp-content\/uploads\/2022\/09\/MARKU\u2560uS-I\u2560uVARSSON-40x60-RGB-min-320x202.jpg\" data-srcset=\"https:\/\/hedinn.is\/wp-content\/uploads\/2022\/09\/MARKU\u2560uS-I\u2560uVARSSON-40x60-RGB-min-320x202.jpg 320w, https:\/\/hedinn.is\/wp-content\/uploads\/2022\/09\/MARKU\u2560uS-I\u2560uVARSSON-40x60-RGB-min-700x441.jpg 700w\" data-sizes=\"auto\" \/><div class=\"fusion-rollover\">\n\t<div class=\"fusion-rollover-content\">\n\n\t\t\t\t\t\t\t\t\t\t\t\t\t\t<a class=\"fusion-rollover-link\" href=\"https:\/\/hedinn.is\/en\/markus-ivarsson\/\">Mark\u00fas \u00cdvarsson<\/a>\n\t\t\t\n\t\t\t\t\t\t\t\t\t\t\t\t\t\t\n\t\t\t\t\t\t\t\t\n\t\t\t\t\t\t\t\t\t\t\t\t\t<div class=\"fusion-rollover-sep\"><\/div>\n\t\t\t\t\n\t\t\t\t\t\t\t\t\t\t\t\t\t\t\t\t\t\t<a class=\"fusion-rollover-gallery\" href=\"https:\/\/hedinn.is\/wp-content\/uploads\/2022\/09\/MARKU\u2560uS-I\u2560uVARSSON-40x60-RGB-min.jpgvvvv\" data-id=\"4759\" data-rel=\"iLightbox[gallery]\" data-title=\"Mark\u00fas \u00cdvarsson\" data-caption=\"\">\n\t\t\t\t\t\tGallery\t\t\t\t\t<\/a>\n\t\t\t\t\t\t\t\t\t\t\t\t\t\t\n\t\t\n\t\t\t\t\t\t\t\t\n\t\t\t\t\t\t\t\t\n\t\t\n\t\t\t\t\t\t<a class=\"fusion-link-wrapper\" href=\"https:\/\/hedinn.is\/en\/markus-ivarsson\/\" aria-label=\"Mark\u00fas \u00cdvarsson\"><\/a>\n\t<\/div>\n<\/div>\n<\/div>\n<\/li>\n\t\t\t\n\t\t\t\n\t\t\t\t\t\t\t\t\t\t\t\t\t\t\t\t\t\t\t\t\t\t\t\t\t\t\t\t\t\t\t\t\t\t\t\t\t\t\t\t\t\t\t\t\t\t\t\t\t\t\t\t\t\t\t\t\t\t\t\t\t\t\t\t\t\t\t\t<\/ul>\n\t<\/div>\n\t<div class=\"fusion-post-content post-content\"><h2 class=\"blog-shortcode-post-title\"><a href=\"https:\/\/hedinn.is\/en\/markus-ivarsson\/\">Mark\u00fas \u00cdvarsson<\/a><\/h2><\/div><div class=\"fusion-clearfix\"><\/div><\/article>\n<article id=\"blog-1-post-4767\" class=\"fusion-post-medium post-4767 post type-post status-publish format-standard has-post-thumbnail hentry category-hedinn-i-100-ar\">\n\t<style type=\"text\/css\">\n\t\t\n\t\t\n\t\t\n\t\t\n\t\t\t<\/style>\n\n\n\t\t\t<div class=\"fusion-flexslider flexslider fusion-flexslider-loading fusion-post-slideshow\" style=\"\">\n\t\t<ul class=\"slides\">\n\t\t\t\n\t\t\t\t\t\t\t\t\t\t\t\t\t\t<li><div  class=\"fusion-image-wrapper fusion-image-size-fixed\" aria-haspopup=\"true\">\n\t\t\t\t<img decoding=\"async\" width=\"320\" height=\"202\" src=\"https:\/\/hedinn.is\/wp-content\/uploads\/2022\/09\/Bjarni-thorsteinsson-fm-320x202.jpg\" class=\"attachment-blog-medium size-blog-medium lazyload wp-post-image\" alt=\"\" srcset=\"data:image\/svg+xml,%3Csvg%20xmlns%3D%27http%3A%2F%2Fwww.w3.org%2F2000%2Fsvg%27%20width%3D%27800%27%20height%3D%27533%27%20viewBox%3D%270%200%20800%20533%27%3E%3Crect%20width%3D%27800%27%20height%3D%27533%27%20fill-opacity%3D%220%22%2F%3E%3C%2Fsvg%3E\" data-orig-src=\"https:\/\/hedinn.is\/wp-content\/uploads\/2022\/09\/Bjarni-thorsteinsson-fm-320x202.jpg\" data-srcset=\"https:\/\/hedinn.is\/wp-content\/uploads\/2022\/09\/Bjarni-thorsteinsson-fm-320x202.jpg 320w, https:\/\/hedinn.is\/wp-content\/uploads\/2022\/09\/Bjarni-thorsteinsson-fm-700x441.jpg 700w\" data-sizes=\"auto\" \/><div class=\"fusion-rollover\">\n\t<div class=\"fusion-rollover-content\">\n\n\t\t\t\t\t\t\t\t\t\t\t\t\t\t<a class=\"fusion-rollover-link\" href=\"https:\/\/hedinn.is\/en\/bjarni-thorsteinsson\/\">Bjarni \u00deorsteinsson<\/a>\n\t\t\t\n\t\t\t\t\t\t\t\t\t\t\t\t\t\t\n\t\t\t\t\t\t\t\t\n\t\t\t\t\t\t\t\t\t\t\t\t\t<div class=\"fusion-rollover-sep\"><\/div>\n\t\t\t\t\n\t\t\t\t\t\t\t\t\t\t\t\t\t\t\t\t\t\t<a class=\"fusion-rollover-gallery\" href=\"https:\/\/hedinn.is\/wp-content\/uploads\/2022\/09\/Bjarni-thorsteinsson-fm.jpg\" data-id=\"4767\" data-rel=\"iLightbox[gallery]\" data-title=\"Bjarni thorsteinsson fm\" data-caption=\"\">\n\t\t\t\t\t\tGallery\t\t\t\t\t<\/a>\n\t\t\t\t\t\t\t\t\t\t\t\t\t\t\n\t\t\n\t\t\t\t\t\t\t\t\n\t\t\t\t\t\t\t\t\n\t\t\n\t\t\t\t\t\t<a class=\"fusion-link-wrapper\" href=\"https:\/\/hedinn.is\/en\/bjarni-thorsteinsson\/\" aria-label=\"Bjarni \u00deorsteinsson\"><\/a>\n\t<\/div>\n<\/div>\n<\/div>\n<\/li>\n\t\t\t\n\t\t\t\n\t\t\t\t\t\t\t\t\t\t\t\t\t\t\t\t\t\t\t\t\t\t\t\t\t\t\t\t\t\t\t\t\t\t\t\t\t\t\t\t\t\t\t\t\t\t\t\t\t\t\t\t\t\t\t\t\t\t\t\t\t\t\t\t\t\t\t\t<\/ul>\n\t<\/div>\n\t<div class=\"fusion-post-content post-content\"><h2 class=\"blog-shortcode-post-title\"><a href=\"https:\/\/hedinn.is\/en\/bjarni-thorsteinsson\/\">Bjarni \u00deorsteinsson<\/a><\/h2><\/div><div class=\"fusion-clearfix\"><\/div><\/article>\n<article id=\"blog-1-post-4771\" class=\"fusion-post-medium post-4771 post type-post status-publish format-standard has-post-thumbnail hentry category-hedinn-i-100-ar\">\n\t<style type=\"text\/css\">\n\t\t\n\t\t\n\t\t\n\t\t\n\t\t\t<\/style>\n\n\n\t\t\t<div class=\"fusion-flexslider flexslider fusion-flexslider-loading fusion-post-slideshow\" style=\"\">\n\t\t<ul class=\"slides\">\n\t\t\t\n\t\t\t\t\t\t\t\t\t\t\t\t\t\t<li><div  class=\"fusion-image-wrapper fusion-image-size-fixed\" aria-haspopup=\"true\">\n\t\t\t\t<img decoding=\"async\" width=\"320\" height=\"202\" src=\"https:\/\/hedinn.is\/wp-content\/uploads\/2022\/09\/Ekki-eru-allar-ferdir-til-fjar-320x202.jpg\" class=\"attachment-blog-medium size-blog-medium lazyload wp-post-image\" alt=\"Ekki eru allar fer\u00f0ir til fj\u00e1r\" srcset=\"data:image\/svg+xml,%3Csvg%20xmlns%3D%27http%3A%2F%2Fwww.w3.org%2F2000%2Fsvg%27%20width%3D%27800%27%20height%3D%27533%27%20viewBox%3D%270%200%20800%20533%27%3E%3Crect%20width%3D%27800%27%20height%3D%27533%27%20fill-opacity%3D%220%22%2F%3E%3C%2Fsvg%3E\" data-orig-src=\"https:\/\/hedinn.is\/wp-content\/uploads\/2022\/09\/Ekki-eru-allar-ferdir-til-fjar-320x202.jpg\" data-srcset=\"https:\/\/hedinn.is\/wp-content\/uploads\/2022\/09\/Ekki-eru-allar-ferdir-til-fjar-320x202.jpg 320w, https:\/\/hedinn.is\/wp-content\/uploads\/2022\/09\/Ekki-eru-allar-ferdir-til-fjar-700x441.jpg 700w\" data-sizes=\"auto\" \/><div class=\"fusion-rollover\">\n\t<div class=\"fusion-rollover-content\">\n\n\t\t\t\t\t\t\t\t\t\t\t\t\t\t<a class=\"fusion-rollover-link\" href=\"https:\/\/hedinn.is\/en\/dotturfelagid-jarnsteypan-i-reykjavik\/\">The Subsidiary J\u00e1rnsteypan in Reykjav\u00edk<\/a>\n\t\t\t\n\t\t\t\t\t\t\t\t\t\t\t\t\t\t\n\t\t\t\t\t\t\t\t\n\t\t\t\t\t\t\t\t\t\t\t\t\t<div class=\"fusion-rollover-sep\"><\/div>\n\t\t\t\t\n\t\t\t\t\t\t\t\t\t\t\t\t\t\t\t\t\t\t<a class=\"fusion-rollover-gallery\" href=\"https:\/\/hedinn.is\/wp-content\/uploads\/2022\/09\/Ekki-eru-allar-ferdir-til-fjar.jpg\" data-id=\"4771\" data-rel=\"iLightbox[gallery]\" data-title=\"\" data-caption=\"\">\n\t\t\t\t\t\tGallery\t\t\t\t\t<\/a>\n\t\t\t\t\t\t\t\t\t\t\t\t\t\t\n\t\t\n\t\t\t\t\t\t\t\t\n\t\t\t\t\t\t\t\t\n\t\t\n\t\t\t\t\t\t<a class=\"fusion-link-wrapper\" href=\"https:\/\/hedinn.is\/en\/dotturfelagid-jarnsteypan-i-reykjavik\/\" aria-label=\"The Subsidiary J\u00e1rnsteypan in Reykjav\u00edk\"><\/a>\n\t<\/div>\n<\/div>\n<\/div>\n<\/li>\n\t\t\t\n\t\t\t\n\t\t\t\t\t\t\t\t\t\t\t\t\t\t\t\t\t\t\t\t\t\t\t\t\t\t\t\t\t\t\t\t\t\t\t\t\t\t\t\t\t\t\t\t\t\t\t\t\t\t\t\t\t\t\t\t\t\t\t\t\t\t\t\t\t\t\t\t<\/ul>\n\t<\/div>\n\t<div class=\"fusion-post-content post-content\"><h2 class=\"blog-shortcode-post-title\"><a href=\"https:\/\/hedinn.is\/en\/dotturfelagid-jarnsteypan-i-reykjavik\/\">The Subsidiary J\u00e1rnsteypan in Reykjav\u00edk<\/a><\/h2><\/div><div class=\"fusion-clearfix\"><\/div><\/article>\n<article id=\"blog-1-post-3392\" class=\"fusion-post-medium post-3392 post type-post status-publish format-standard has-post-thumbnail hentry category-hedinn-i-100-ar\">\n\t<style type=\"text\/css\">\n\t\t\n\t\t\n\t\t\n\t\t\n\t\t\t<\/style>\n\n\n\t\t\t<div class=\"fusion-flexslider flexslider fusion-flexslider-loading fusion-post-slideshow\" style=\"\">\n\t\t<ul class=\"slides\">\n\t\t\t\n\t\t\t\t\t\t\t\t\t\t\t\t\t\t<li><div  class=\"fusion-image-wrapper fusion-image-size-fixed\" aria-haspopup=\"true\">\n\t\t\t\t<img decoding=\"async\" width=\"320\" height=\"202\" src=\"https:\/\/hedinn.is\/wp-content\/uploads\/2022\/04\/Hedinn-i-100-ar-slider-320x202.jpg\" class=\"attachment-blog-medium size-blog-medium lazyload wp-post-image\" alt=\"\" srcset=\"data:image\/svg+xml,%3Csvg%20xmlns%3D%27http%3A%2F%2Fwww.w3.org%2F2000%2Fsvg%27%20width%3D%272000%27%20height%3D%271100%27%20viewBox%3D%270%200%202000%201100%27%3E%3Crect%20width%3D%272000%27%20height%3D%271100%27%20fill-opacity%3D%220%22%2F%3E%3C%2Fsvg%3E\" data-orig-src=\"https:\/\/hedinn.is\/wp-content\/uploads\/2022\/04\/Hedinn-i-100-ar-slider-320x202.jpg\" data-srcset=\"https:\/\/hedinn.is\/wp-content\/uploads\/2022\/04\/Hedinn-i-100-ar-slider-320x202.jpg 320w, https:\/\/hedinn.is\/wp-content\/uploads\/2022\/04\/Hedinn-i-100-ar-slider-700x441.jpg 700w\" data-sizes=\"auto\" \/><div class=\"fusion-rollover\">\n\t<div class=\"fusion-rollover-content\">\n\n\t\t\t\t\t\t\t\t\t\t\t\t\t\t<a class=\"fusion-rollover-link\" href=\"https:\/\/hedinn.is\/en\/husnaedi-og-mannahald\/\">Facilities and Workforce<\/a>\n\t\t\t\n\t\t\t\t\t\t\t\t\t\t\t\t\t\t\n\t\t\t\t\t\t\t\t\n\t\t\t\t\t\t\t\t\t\t\t\t\t<div class=\"fusion-rollover-sep\"><\/div>\n\t\t\t\t\n\t\t\t\t\t\t\t\t\t\t\t\t\t\t\t\t\t\t<a class=\"fusion-rollover-gallery\" href=\"https:\/\/hedinn.is\/wp-content\/uploads\/2022\/04\/Hedinn-i-100-ar-slider.jpg\" data-id=\"3392\" data-rel=\"iLightbox[gallery]\" data-title=\"H\u00e9\u00f0inn-\u00ed-100-\u00e1r---slider\" data-caption=\"\">\n\t\t\t\t\t\tGallery\t\t\t\t\t<\/a>\n\t\t\t\t\t\t\t\t\t\t\t\t\t\t\n\t\t\n\t\t\t\t\t\t\t\t\n\t\t\t\t\t\t\t\t\n\t\t\n\t\t\t\t\t\t<a class=\"fusion-link-wrapper\" href=\"https:\/\/hedinn.is\/en\/husnaedi-og-mannahald\/\" aria-label=\"Facilities and Workforce\"><\/a>\n\t<\/div>\n<\/div>\n<\/div>\n<\/li>\n\t\t\t\n\t\t\t\n\t\t\t\t\t\t\t\t\t\t\t\t\t\t\t\t\t\t\t\t\t\t\t\t\t\t\t\t\t\t\t\t\t\t\t\t\t\t\t\t\t\t\t\t\t\t\t\t\t\t\t\t\t\t\t\t\t\t\t\t\t\t\t\t\t\t\t\t<\/ul>\n\t<\/div>\n\t<div class=\"fusion-post-content post-content\"><h2 class=\"blog-shortcode-post-title\"><a href=\"https:\/\/hedinn.is\/en\/husnaedi-og-mannahald\/\">Facilities and Workforce<\/a><\/h2><\/div><div class=\"fusion-clearfix\"><\/div><\/article>\n<article id=\"blog-1-post-3678\" class=\"fusion-post-medium post-3678 post type-post status-publish format-standard has-post-thumbnail hentry category-hedinn-i-100-ar\">\n\t<style type=\"text\/css\">\n\t\t\n\t\t\n\t\t\n\t\t\n\t\t\t<\/style>\n\n\n\t\t\t<div class=\"fusion-flexslider flexslider fusion-flexslider-loading fusion-post-slideshow\" style=\"\">\n\t\t<ul class=\"slides\">\n\t\t\t\n\t\t\t\t\t\t\t\t\t\t\t\t\t\t<li><div  class=\"fusion-image-wrapper fusion-image-size-fixed\" aria-haspopup=\"true\">\n\t\t\t\t<img decoding=\"async\" width=\"320\" height=\"202\" src=\"https:\/\/hedinn.is\/wp-content\/uploads\/2022\/09\/A-skrifstofu-forstjora.jpg\" class=\"attachment-blog-medium size-blog-medium lazyload wp-post-image\" alt=\"\u00c1 skrifstofu forstj\u00f3ra\" srcset=\"https:\/\/hedinn.is\/wp-content\/uploads\/2022\/09\/A-skrifstofu-forstjora-200x133.jpg 200w, https:\/\/hedinn.is\/wp-content\/uploads\/2022\/09\/A-skrifstofu-forstjora-300x200.jpg 300w, https:\/\/hedinn.is\/wp-content\/uploads\/2022\/09\/A-skrifstofu-forstjora-400x267.jpg 400w, https:\/\/hedinn.is\/wp-content\/uploads\/2022\/09\/A-skrifstofu-forstjora-600x400.jpg 600w, https:\/\/hedinn.is\/wp-content\/uploads\/2022\/09\/A-skrifstofu-forstjora-768x512.jpg 768w, https:\/\/hedinn.is\/wp-content\/uploads\/2022\/09\/A-skrifstofu-forstjora.jpg 800w\" data-orig-src=\"https:\/\/hedinn.is\/wp-content\/uploads\/2022\/09\/A-skrifstofu-forstjora-320x202.jpg\" data-srcset=\"https:\/\/hedinn.is\/wp-content\/uploads\/2022\/09\/A-skrifstofu-forstjora-200x133.jpg 200w, https:\/\/hedinn.is\/wp-content\/uploads\/2022\/09\/A-skrifstofu-forstjora-300x200.jpg 300w, https:\/\/hedinn.is\/wp-content\/uploads\/2022\/09\/A-skrifstofu-forstjora-400x267.jpg 400w, https:\/\/hedinn.is\/wp-content\/uploads\/2022\/09\/A-skrifstofu-forstjora-600x400.jpg 600w, https:\/\/hedinn.is\/wp-content\/uploads\/2022\/09\/A-skrifstofu-forstjora-768x512.jpg 768w, https:\/\/hedinn.is\/wp-content\/uploads\/2022\/09\/A-skrifstofu-forstjora.jpg 800w\" data-sizes=\"auto\" \/><div class=\"fusion-rollover\">\n\t<div class=\"fusion-rollover-content\">\n\n\t\t\t\t\t\t\t\t\t\t\t\t\t\t<a class=\"fusion-rollover-link\" href=\"https:\/\/hedinn.is\/en\/sveinn-i-hedni\/\">Sveinn at H\u00e9\u00f0inn<\/a>\n\t\t\t\n\t\t\t\t\t\t\t\t\t\t\t\t\t\t\n\t\t\t\t\t\t\t\t\n\t\t\t\t\t\t\t\t\t\t\t\t\t<div class=\"fusion-rollover-sep\"><\/div>\n\t\t\t\t\n\t\t\t\t\t\t\t\t\t\t\t\t\t\t\t\t\t\t<a class=\"fusion-rollover-gallery\" href=\"https:\/\/hedinn.is\/wp-content\/uploads\/2022\/09\/A-skrifstofu-forstjora.jpg\" data-id=\"3678\" data-rel=\"iLightbox[gallery]\" data-title=\"\" data-caption=\"\">\n\t\t\t\t\t\tGallery\t\t\t\t\t<\/a>\n\t\t\t\t\t\t\t\t\t\t\t\t\t\t\n\t\t\n\t\t\t\t\t\t\t\t\n\t\t\t\t\t\t\t\t\n\t\t\n\t\t\t\t\t\t<a class=\"fusion-link-wrapper\" href=\"https:\/\/hedinn.is\/en\/sveinn-i-hedni\/\" aria-label=\"Sveinn at H\u00e9\u00f0inn\"><\/a>\n\t<\/div>\n<\/div>\n<\/div>\n<\/li>\n\t\t\t\n\t\t\t\n\t\t\t\t\t\t\t\t\t\t\t\t\t\t\t\t\t\t\t\t\t\t\t\t\t\t\t\t\t\t\t\t\t\t\t\t\t\t\t\t\t\t\t\t\t\t\t\t\t\t\t\t\t\t\t\t\t\t\t\t\t\t\t\t\t\t\t\t<\/ul>\n\t<\/div>\n\t<div class=\"fusion-post-content post-content\"><h2 class=\"blog-shortcode-post-title\"><a href=\"https:\/\/hedinn.is\/en\/sveinn-i-hedni\/\">Sveinn at H\u00e9\u00f0inn<\/a><\/h2><\/div><div class=\"fusion-clearfix\"><\/div><\/article>\n<\/div><div class=\"pagination clearfix\"><span class=\"current\">1<\/span><a href=\"https:\/\/hedinn.is\/wp-json\/wp\/v2\/posts\/4771\/page\/2\/\" class=\"inactive\">2<\/a><a class=\"pagination-next\" rel=\"next\" href=\"https:\/\/hedinn.is\/wp-json\/wp\/v2\/posts\/4771\/page\/2\/\"><span class=\"page-text\">Next<\/span><span class=\"page-next\"><\/span><\/a><\/div><div class=\"fusion-clearfix\"><\/div><\/div><\/div><style type=\"text\/css\">.fusion-body .fusion-builder-column-1{width:16.666666666667% !important;margin-top : 10px;margin-bottom : 10px;}.fusion-builder-column-1 > .fusion-column-wrapper {padding-top : 0px !important;padding-right : 0px !important;margin-right : 11.52%;padding-bottom : 0px !important;padding-left : 0px !important;margin-left : 9.6%;}@media only screen and (max-width:1024px) {.fusion-body .fusion-builder-column-1{width:100% !important;order : 0;}.fusion-builder-column-1 > .fusion-column-wrapper {margin-right : 1.92%;margin-left : 1.92%;}}@media only screen and (max-width:640px) {.fusion-body .fusion-builder-column-1{width:100% !important;order : 0;}.fusion-builder-column-1 > .fusion-column-wrapper {margin-right : 1.92%;margin-left : 1.92%;}}<\/style><\/div><\/div><style type=\"text\/css\">.fusion-body .fusion-flex-container.fusion-builder-row-1{ padding-top : 0px;margin-top : 0px;padding-right : 0px;padding-bottom : 80px;margin-bottom : 0px;padding-left : 0px;}@media only screen and (max-width:1024px) {.fusion-body .fusion-flex-container.fusion-builder-row-1{ padding-right : 60px;padding-left : 60px;}}<\/style><\/div><div class=\"fusion-fullwidth fullwidth-box fusion-builder-row-2 fusion-flex-container nonhundred-percent-fullwidth non-hundred-percent-height-scrolling\" style=\"background-color: rgba(255,255,255,0);background-position: center center;background-repeat: no-repeat;border-width: 0px 0px 0px 0px;border-color:#e7e4e2;border-style:solid;\" ><div class=\"fusion-builder-row fusion-row fusion-flex-align-items-flex-start\" style=\"max-width:1144px;margin-left: calc(-4% \/ 2 );margin-right: calc(-4% \/ 2 );\"><div class=\"fusion-layout-column fusion_builder_column fusion-builder-column-2 fusion_builder_column_2_3 2_3 fusion-flex-column\"><div class=\"fusion-column-wrapper fusion-flex-justify-content-flex-start fusion-content-layout-column\" style=\"background-position:left top;background-repeat:no-repeat;-webkit-background-size:cover;-moz-background-size:cover;-o-background-size:cover;background-size:cover;padding: 0px 0px 0px 0px;\"><\/div><style type=\"text\/css\">.fusion-body .fusion-builder-column-2{width:66.666666666667% !important;margin-top : 10px;margin-bottom : 10px;}.fusion-builder-column-2 > .fusion-column-wrapper {padding-top : 0px !important;padding-right : 0px !important;margin-right : 2.88%;padding-bottom : 0px !important;padding-left : 0px !important;margin-left : 2.88%;}@media only screen and (max-width:1024px) {.fusion-body .fusion-builder-column-2{width:100% !important;order : 0;}.fusion-builder-column-2 > .fusion-column-wrapper {margin-right : 1.92%;margin-left : 1.92%;}}@media only screen and (max-width:640px) {.fusion-body .fusion-builder-column-2{width:100% !important;order : 0;}.fusion-builder-column-2 > .fusion-column-wrapper {margin-right : 1.92%;margin-left : 1.92%;}}<\/style><\/div><\/div><style type=\"text\/css\">.fusion-body .fusion-flex-container.fusion-builder-row-2{ padding-top : 0px;margin-top : 0px;padding-right : 0px;padding-bottom : 0px;margin-bottom : 0px;padding-left : 0px;}<\/style><\/div><div class=\"fusion-fullwidth fullwidth-box fusion-builder-row-3 fusion-flex-container nonhundred-percent-fullwidth non-hundred-percent-height-scrolling\" style=\"background-color: #0072bc;background-position: left top;background-repeat: no-repeat;border-width: 0px 0px 0px 0px;border-color:#e7e4e2;border-style:solid;\" ><div class=\"fusion-builder-row fusion-row fusion-flex-align-items-flex-start\" style=\"max-width:calc( 1100px + 0px );margin-left: calc(-0px \/ 2 );margin-right: calc(-0px \/ 2 );\"><div class=\"fusion-layout-column fusion_builder_column fusion-builder-column-3 fusion_builder_column_1_1 1_1 fusion-flex-column fusion-flex-align-self-flex-start fusion-column-no-min-height\"><div class=\"fusion-column-wrapper fusion-flex-justify-content-flex-start fusion-content-layout-column\" style=\"background-position:left top;background-blend-mode: overlay;background-repeat:no-repeat;-webkit-background-size:cover;-moz-background-size:cover;-o-background-size:cover;background-size:cover;padding: 0px 0px 0px 0px;\"><style type=\"text\/css\">@media only screen and (max-width:1024px) {.fusion-title.fusion-title-3{margin-top:10px!important; margin-right:0px!important;margin-bottom:24px!important;margin-left:0px!important;}}@media only screen and (max-width:640px) {.fusion-title.fusion-title-3{margin-top:10px!important; margin-right:0px!important;margin-bottom:20px!important; margin-left:0px!important;}}<\/style><div class=\"fusion-title title fusion-title-3 fusion-sep-none fusion-title-center fusion-title-text fusion-title-size-two\" style=\"margin-top:10px;margin-right:0px;margin-bottom:24px;margin-left:0px;\"><h2 class=\"title-heading-center fusion-responsive-typography-calculated\" style=\"margin:0;color:#ffffff;--fontSize:34;line-height:1.47;\">Send us a message<\/h2><\/div><div class=\"fusion-separator fusion-full-width-sep\" style=\"align-self: center;margin-left: auto;margin-right: auto;margin-top:-25px;width:100%;\"><\/div><div class=\"fusion-text fusion-text-6\" style=\"color:#ffffff;\"><p style=\"text-align: center; font-size: 20px;\">Fill out the form<\/p>\n<\/div><div class=\"fusion-separator fusion-full-width-sep\" style=\"align-self: center;margin-left: auto;margin-right: auto;margin-top:15px;width:100%;\"><\/div><style>.fusion-form-form-wrapper .fusion-form-2074 .fusion-form-tooltip .fusion-form-tooltip-content{color:#ffffff !important;background-color:#ffffff !important;border-color:#ffffff !important;}.fusion-form-form-wrapper .fusion-form-2074 input[type=\"date\"],.fusion-form-form-wrapper .fusion-form-2074 input[type=\"datetime-local\"],.fusion-form-form-wrapper .fusion-form-2074 input[type=\"email\"],.fusion-form-form-wrapper .fusion-form-2074 input[type=\"month\"],.fusion-form-form-wrapper .fusion-form-2074 input[type=\"number\"],.fusion-form-form-wrapper .fusion-form-2074 input[type=\"password\"],.fusion-form-form-wrapper .fusion-form-2074 input[type=\"search\"],.fusion-form-form-wrapper .fusion-form-2074 input[type=\"tel\"],.fusion-form-form-wrapper .fusion-form-2074 input[type=\"phone-number\"],.fusion-form-form-wrapper .fusion-form-2074 input[type=\"text\"],.fusion-form-form-wrapper .fusion-form-2074 input[type=\"time\"],.fusion-form-form-wrapper .fusion-form-2074 input[type=\"url\"],.fusion-form-form-wrapper .fusion-form-2074 input[type=\"week\"],.fusion-form-form-wrapper .fusion-form-2074 input[type=\"datetime\"],.fusion-form-form-wrapper .fusion-form-2074 select,.fusion-form-form-wrapper .fusion-form-2074 textarea,.fusion-form-form-wrapper .fusion-form-2074 input[type=\"upload\"]{background-color:#ffffff;color:#000000;}.fusion-form-form-wrapper .fusion-form-2074 input::placeholder{color:rgba(0,0,0,0.5);}.fusion-form-form-wrapper .fusion-form-2074 textarea::placeholder{color:rgba(0,0,0,0.5);}.fusion-form-form-wrapper .fusion-form-2074 select:invalid{color:rgba(0,0,0,0.5);}.fusion-form-form-wrapper .fusion-form-2074 option{color:#000000;}.fusion-form-form-wrapper .fusion-form-2074 .fusion-form-input-with-icon > i{color:#000000 !important;}.fusion-form-form-wrapper .fusion-form-2074 input.fusion-form-upload-field::placeholder{color:#000000;}.fusion-form-form-wrapper .fusion-form-2074 .fusion-select-wrapper .select-arrow path{stroke:#000000 !important;}<\/style><div class=\"fusion-form fusion-form-builder fusion-form-form-wrapper fusion-form-2074\" data-form-id=\"2074\" data-config=\"{&quot;form_id&quot;:&quot;2074&quot;,&quot;form_post_id&quot;:&quot;2074&quot;,&quot;post_id&quot;:3678,&quot;form_type&quot;:&quot;database_email&quot;,&quot;confirmation_type&quot;:&quot;message&quot;,&quot;redirect_url&quot;:&quot;&quot;,&quot;field_labels&quot;:{&quot;name&quot;:&quot;&quot;,&quot;email&quot;:&quot;&quot;,&quot;skilabod&quot;:&quot;&quot;},&quot;field_logics&quot;:{&quot;name&quot;:&quot;&quot;,&quot;email&quot;:&quot;&quot;,&quot;skilabod&quot;:&quot;&quot;}}\"><form action=\"https:\/\/hedinn.is\/en\/sveinn-i-hedni\/\" method=\"post\" class=\"fusion-form fusion-form-2074\" data-trp-original-action=\"https:\/\/hedinn.is\/en\/sveinn-i-hedni\/\"><div class=\"fusion-fullwidth fullwidth-box fusion-builder-row-3-1 fusion-flex-container nonhundred-percent-fullwidth non-hundred-percent-height-scrolling\" style=\"background-color: #0072bc;background-position: center center;background-repeat: no-repeat;border-width: 0px 0px 0px 0px;border-color:#e7e4e2;border-style:solid;\" ><div class=\"fusion-builder-row fusion-row fusion-flex-align-items-flex-start\" style=\"width:104% !important;max-width:104% !important;margin-left: calc(-4% \/ 2 );margin-right: calc(-4% \/ 2 );\"><div class=\"fusion-layout-column fusion_builder_column fusion-builder-column-4 fusion-flex-column\"><div class=\"fusion-column-wrapper fusion-flex-justify-content-flex-start fusion-content-layout-column\" style=\"background-position:left top;background-repeat:no-repeat;-webkit-background-size:cover;-moz-background-size:cover;-o-background-size:cover;background-size:cover;background-color:#0072bc;padding: 0px 0px 0px 0px;\"><div class=\"fusion-form-field fusion-form-text-field fusion-form-label-above\" data-form-id=\"2074\"><input type=\"text\" name=\"name\" id=\"name\" value=\"\"  class=\"fusion-form-input\" placeholder=\"Name\" data-holds-private-data=\"false\" minlength=\"0\"\/><\/div><\/div><style type=\"text\/css\">.fusion-body .fusion-builder-column-4{width:26% !important;margin-top : 10px;margin-bottom : 10px;}.fusion-builder-column-4 > .fusion-column-wrapper {padding-top : 0px !important;padding-right : 0px !important;margin-right : 1.1076923076923%;padding-bottom : 0px !important;padding-left : 0px !important;margin-left : 7.3846153846154%;}@media only screen and (max-width:1024px) {.fusion-body .fusion-builder-column-4{width:100% !important;order : 0;}.fusion-builder-column-4 > .fusion-column-wrapper {margin-right : 1.92%;margin-left : 1.92%;}}@media only screen and (max-width:640px) {.fusion-body .fusion-builder-column-4{width:100% !important;order : 0;}.fusion-builder-column-4 > .fusion-column-wrapper {margin-right : 1.92%;margin-left : 1.92%;}}<\/style><\/div><div class=\"fusion-layout-column fusion_builder_column fusion-builder-column-5 fusion-flex-column\"><div class=\"fusion-column-wrapper fusion-flex-justify-content-flex-start fusion-content-layout-column\" style=\"background-position:left top;background-repeat:no-repeat;-webkit-background-size:cover;-moz-background-size:cover;-o-background-size:cover;background-size:cover;background-color:#0072bc;padding: 0px 0px 0px 0px;\"><div class=\"fusion-form-field fusion-form-email-field fusion-form-label-above\" data-form-id=\"2074\"><input type=\"email\" name=\"email\" id=\"email\" value=\"\"  class=\"fusion-form-input\" placeholder=\"Email\" data-holds-private-data=\"false\"\/><\/div><\/div><style type=\"text\/css\">.fusion-body .fusion-builder-column-5{width:26% !important;margin-top : 10px;margin-bottom : 10px;}.fusion-builder-column-5 > .fusion-column-wrapper {padding-top : 0px !important;padding-right : 0px !important;margin-right : 1.8461538461538%;padding-bottom : 0px !important;padding-left : 0px !important;margin-left : 2.9538461538462%;}@media only screen and (max-width:1024px) {.fusion-body .fusion-builder-column-5{width:100% !important;order : 0;}.fusion-builder-column-5 > .fusion-column-wrapper {margin-right : 1.92%;margin-left : 1.92%;}}@media only screen and (max-width:640px) {.fusion-body .fusion-builder-column-5{width:100% !important;order : 0;}.fusion-builder-column-5 > .fusion-column-wrapper {margin-right : 1.92%;margin-left : 1.92%;}}<\/style><\/div><div class=\"fusion-layout-column fusion_builder_column fusion-builder-column-6 fusion-flex-column fusion-flex-align-self-center\"><div class=\"fusion-column-wrapper fusion-flex-justify-content-flex-start fusion-content-layout-column\" style=\"background-position:left top;background-repeat:no-repeat;-webkit-background-size:cover;-moz-background-size:cover;-o-background-size:cover;background-size:cover;background-color:#0072bc;padding: 0px 0px 0px 0px;\"><div class=\"fusion-form-field fusion-form-text-field fusion-form-label-above\" data-form-id=\"2074\"><input type=\"text\" name=\"skilabod\" id=\"skilabod\" value=\"\"  class=\"fusion-form-input\" placeholder=\"Message\" data-holds-private-data=\"false\" minlength=\"0\"\/><\/div><\/div><style type=\"text\/css\">.fusion-body .fusion-builder-column-6{width:26% !important;margin-top : 10px;margin-bottom : 10px;}.fusion-builder-column-6 > .fusion-column-wrapper {padding-top : 0px !important;padding-right : 0px !important;margin-right : 1.8461538461538%;padding-bottom : 0px !important;padding-left : 0px !important;margin-left : 2.2153846153846%;}@media only screen and (max-width:1024px) {.fusion-body .fusion-builder-column-6{width:100% !important;order : 0;}.fusion-builder-column-6 > .fusion-column-wrapper {margin-right : 1.92%;margin-left : 1.92%;}}@media only screen and (max-width:640px) {.fusion-body .fusion-builder-column-6{width:100% !important;order : 0;}.fusion-builder-column-6 > .fusion-column-wrapper {margin-right : 1.92%;margin-left : 1.92%;}}<\/style><\/div><div class=\"fusion-layout-column fusion_builder_column fusion-builder-column-7 fusion-flex-column\"><div class=\"fusion-column-wrapper fusion-flex-justify-content-flex-start fusion-content-layout-column\" style=\"background-position:left top;background-repeat:no-repeat;-webkit-background-size:cover;-moz-background-size:cover;-o-background-size:cover;background-size:cover;padding: 2px 0px 0px 0px;\"><div class=\"fusion-form-field fusion-form-submit-field fusion-form-label-above\" data-form-id=\"2074\"><div ><style>.fusion-button.button-1{border-radius:0px 0px 0px 0px;}<\/style><button type=\"submit\" class=\"fusion-button button-flat fusion-button-default-size button-default button-1 fusion-button-default-span  form-form-submit button-default\" data-form-number=\"2074\" style=\"margin-top:0px;width:calc(100%);\" tabindex=\"\"><span class=\"fusion-button-text\">Send <\/span><\/button><\/div><\/div><\/div><style type=\"text\/css\">.fusion-body .fusion-builder-column-7{width:20% !important;margin-top : 10px;margin-bottom : 10px;}.fusion-builder-column-7 > .fusion-column-wrapper {padding-top : 2px !important;padding-right : 0px !important;margin-right : 0%;padding-bottom : 0px !important;padding-left : 0px !important;margin-left : 2.88%;}@media only screen and (max-width:1024px) {.fusion-body .fusion-builder-column-7{width:100% !important;order : 0;}.fusion-builder-column-7 > .fusion-column-wrapper {margin-right : 1.92%;margin-left : 1.92%;}}@media only screen and (max-width:640px) {.fusion-body .fusion-builder-column-7{width:100% !important;order : 0;}.fusion-builder-column-7 > .fusion-column-wrapper {margin-right : 1.92%;margin-left : 1.92%;}}<\/style><\/div><div class=\"fusion-layout-column fusion_builder_column fusion-builder-column-8 fusion_builder_column_2_3 2_3 fusion-flex-column\"><div class=\"fusion-column-wrapper fusion-flex-justify-content-flex-start fusion-content-layout-column\" style=\"background-position:left top;background-repeat:no-repeat;-webkit-background-size:cover;-moz-background-size:cover;-o-background-size:cover;background-size:cover;padding: 0px 0px 0px 0px;\"><div class=\"form-submission-notices\" id=\"fusion-notices-1\"><div class=\"fusion-alert alert success alert-success fusion-alert-center fusion-form-response fusion-form-response-success fusion-alert-capitalize alert-dismissable\" style=\"background-color:#0072bc;color:#ffffff;border-color:#ffffff;border-width:1px;\"><button type=\"button\" class=\"close toggle-alert\" data-dismiss=\"alert\" aria-label=\"Close\">x<\/button><div class=\"fusion-alert-content-wrapper\"><span class=\"alert-icon\"><i class=\"fa-lg fa fa-check-circle\" aria-hidden=\"true\"><\/i><\/span><span class=\"fusion-alert-content\">Thank you for contacting H\u00e9\u00f0inn. We will respond to you as soon as possible.<\/span><\/div><\/div><div class=\"fusion-alert alert error alert-danger fusion-alert-center fusion-form-response fusion-form-response-error fusion-alert-capitalize alert-dismissable\" style=\"background-color:#f2dede;color:#a64242;border-color:#a64242;border-width:1px;\"><button type=\"button\" class=\"close toggle-alert\" data-dismiss=\"alert\" aria-label=\"Close\">x<\/button><div class=\"fusion-alert-content-wrapper\"><span class=\"alert-icon\"><i class=\"fa-lg fa fa-exclamation-triangle\" aria-hidden=\"true\"><\/i><\/span><span class=\"fusion-alert-content\">Unfortunately an error occurred when you sent the message. Please try again later.<\/span><\/div><\/div><\/div><\/div><style type=\"text\/css\">.fusion-body .fusion-builder-column-8{width:66.666666666667% !important;margin-top : 10px;margin-bottom : 10px;}.fusion-builder-column-8 > .fusion-column-wrapper {padding-top : 0px !important;padding-right : 0px !important;margin-right : 2.88%;padding-bottom : 0px !important;padding-left : 0px !important;margin-left : 2.88%;}@media only screen and (max-width:1024px) {.fusion-body .fusion-builder-column-8{width:100% !important;order : 0;}.fusion-builder-column-8 > .fusion-column-wrapper {margin-right : 1.92%;margin-left : 1.92%;}}@media only screen and (max-width:640px) {.fusion-body .fusion-builder-column-8{width:100% !important;order : 0;}.fusion-builder-column-8 > .fusion-column-wrapper {margin-right : 1.92%;margin-left : 1.92%;}}<\/style><\/div><\/div><style type=\"text\/css\">.fusion-body .fusion-flex-container.fusion-builder-row-3-1{ padding-top : 0px;margin-top : 0px;padding-right : 0px;padding-bottom : 0px;margin-bottom : 0px;padding-left : 0px;}<\/style><\/div><input type=\"hidden\" name=\"fusion_privacy_store_ip_ua\" value=\"false\"><input type=\"hidden\" name=\"fusion_privacy_expiration_interval\" value=\"48\"><input type=\"hidden\" name=\"privacy_expiration_action\" value=\"ignore\"><input type=\"hidden\" name=\"trp-form-language\" value=\"en\"\/><\/form><\/div><\/div><style type=\"text\/css\">.fusion-body .fusion-builder-column-3{width:100% !important;margin-top : 3%;margin-bottom : 3%;}.fusion-builder-column-3 > .fusion-column-wrapper {padding-top : 0px !important;padding-right : 0px !important;margin-right : 0px;padding-bottom : 0px !important;padding-left : 0px !important;margin-left : 0px;}@media only screen and (max-width:1024px) {.fusion-body .fusion-builder-column-3{width:100% !important;}.fusion-builder-column-3 > .fusion-column-wrapper {margin-right : 0px;margin-left : 0px;}}@media only screen and (max-width:640px) {.fusion-body .fusion-builder-column-3{width:100% !important;}.fusion-builder-column-3 > .fusion-column-wrapper {margin-right : 0px;margin-left : 0px;}}<\/style><\/div><\/div><style type=\"text\/css\">.fusion-body .fusion-flex-container.fusion-builder-row-3{ padding-top : 50px;margin-top : 0px;padding-right : 0px;padding-bottom : 45px;margin-bottom : 0px;padding-left : 0px;}@media only screen and (max-width:640px) {.fusion-body .fusion-flex-container.fusion-builder-row-3{ padding-right : 50px;padding-left : 50px;}}<\/style><\/div>\n<\/p>","protected":false},"excerpt":{"rendered":"<p>In 1933 it was decided to establish St\u00e1lsmi\u00f0jan, a partnership between the machine workshops H\u00e9\u00f0inn and Hamar. Hamar contributed the company J\u00e1rnsteypan to the venture, which went on to play a major role in H\u00e9\u00f0inn\u2019s operations, as the foundry became the foundation of H\u00e9\u00f0inn\u2019s production during and after the mid-20th century.<\/p>","protected":false},"author":2,"featured_media":4644,"comment_status":"closed","ping_status":"closed","sticky":false,"template":"","format":"standard","meta":{"inline_featured_image":false,"footnotes":""},"categories":[23],"tags":[],"class_list":["post-4771","post","type-post","status-publish","format-standard","has-post-thumbnail","hentry","category-hedinn-i-100-ar"],"yoast_head":"<!-- This site is optimized with the Yoast SEO plugin v25.6 - https:\/\/yoast.com\/wordpress\/plugins\/seo\/ -->\n<title>D\u00f3tturf\u00e9lagi\u00f0 J\u00e1rnsteypan \u00ed Reykjav\u00edk - H\u00e9\u00f0inn<\/title>\n<meta name=\"description\" content=\"H\u00e9\u00f0inn er n\u00fat\u00edma i\u00f0nfyrirt\u00e6ki sem byggir \u00e1 langri reynslu og dj\u00fapri \u00feekkingu \u00ed m\u00e1lmi\u00f0na\u00f0i og v\u00e9lt\u00e6kni. H\u00e9\u00f0inn er eitt st\u00e6rsta og \u00f6flugasta fyrirt\u00e6ki landsins \u00e1 s\u00ednu svi\u00f0i og fagnar 100 \u00e1ra afm\u00e6li \u00e1 \u00e1rinu \u00e1ri\u00f0 202\" \/>\n<meta name=\"robots\" content=\"index, follow, max-snippet:-1, max-image-preview:large, max-video-preview:-1\" \/>\n<link rel=\"canonical\" href=\"https:\/\/hedinn.is\/en\/dotturfelagid-jarnsteypan-i-reykjavik\/\" \/>\n<meta property=\"og:locale\" content=\"en_US\" \/>\n<meta property=\"og:type\" content=\"article\" \/>\n<meta property=\"og:title\" content=\"D\u00f3tturf\u00e9lagi\u00f0 J\u00e1rnsteypan \u00ed Reykjav\u00edk - H\u00e9\u00f0inn\" \/>\n<meta property=\"og:description\" content=\"H\u00e9\u00f0inn er n\u00fat\u00edma i\u00f0nfyrirt\u00e6ki sem byggir \u00e1 langri reynslu og dj\u00fapri \u00feekkingu \u00ed m\u00e1lmi\u00f0na\u00f0i og v\u00e9lt\u00e6kni. H\u00e9\u00f0inn er eitt st\u00e6rsta og \u00f6flugasta fyrirt\u00e6ki landsins \u00e1 s\u00ednu svi\u00f0i og fagnar 100 \u00e1ra afm\u00e6li \u00e1 \u00e1rinu \u00e1ri\u00f0 202\" \/>\n<meta property=\"og:url\" content=\"https:\/\/hedinn.is\/en\/dotturfelagid-jarnsteypan-i-reykjavik\/\" \/>\n<meta property=\"og:site_name\" content=\"H\u00e9\u00f0inn\" \/>\n<meta property=\"article:publisher\" content=\"https:\/\/www.facebook.com\/Hedinnhf\" \/>\n<meta property=\"article:published_time\" content=\"2018-09-26T21:17:51+00:00\" \/>\n<meta property=\"article:modified_time\" content=\"2022-09-30T12:17:44+00:00\" \/>\n<meta property=\"og:image\" content=\"https:\/\/hedinn.is\/wp-content\/uploads\/2022\/09\/Ekki-eru-allar-ferdir-til-fjar.jpg\" \/>\n\t<meta property=\"og:image:width\" content=\"800\" \/>\n\t<meta property=\"og:image:height\" content=\"533\" \/>\n\t<meta property=\"og:image:type\" content=\"image\/jpeg\" \/>\n<meta name=\"author\" content=\"Laila\" \/>\n<meta name=\"twitter:card\" content=\"summary_large_image\" \/>\n<meta name=\"twitter:label1\" content=\"Written by\" \/>\n\t<meta name=\"twitter:data1\" content=\"Laila\" \/>\n\t<meta name=\"twitter:label2\" content=\"Est. reading time\" \/>\n\t<meta name=\"twitter:data2\" content=\"12 minutes\" \/>\n<script type=\"application\/ld+json\" class=\"yoast-schema-graph\">{\"@context\":\"https:\/\/schema.org\",\"@graph\":[{\"@type\":\"Article\",\"@id\":\"https:\/\/hedinn.is\/dotturfelagid-jarnsteypan-i-reykjavik\/#article\",\"isPartOf\":{\"@id\":\"https:\/\/hedinn.is\/dotturfelagid-jarnsteypan-i-reykjavik\/\"},\"author\":{\"name\":\"Laila\",\"@id\":\"https:\/\/hedinn.is\/#\/schema\/person\/f17a1ff629efefac2b1fd67316fb1067\"},\"headline\":\"D\u00f3tturf\u00e9lagi\u00f0 J\u00e1rnsteypan \u00ed Reykjav\u00edk\",\"datePublished\":\"2018-09-26T21:17:51+00:00\",\"dateModified\":\"2022-09-30T12:17:44+00:00\",\"mainEntityOfPage\":{\"@id\":\"https:\/\/hedinn.is\/dotturfelagid-jarnsteypan-i-reykjavik\/\"},\"wordCount\":4703,\"publisher\":{\"@id\":\"https:\/\/hedinn.is\/#organization\"},\"image\":{\"@id\":\"https:\/\/hedinn.is\/dotturfelagid-jarnsteypan-i-reykjavik\/#primaryimage\"},\"thumbnailUrl\":\"https:\/\/hedinn.is\/wp-content\/uploads\/2022\/09\/Ekki-eru-allar-ferdir-til-fjar.jpg\",\"articleSection\":[\"H\u00e9\u00f0inn \u00ed 100 \u00e1r\"],\"inLanguage\":\"en-US\"},{\"@type\":\"WebPage\",\"@id\":\"https:\/\/hedinn.is\/dotturfelagid-jarnsteypan-i-reykjavik\/\",\"url\":\"https:\/\/hedinn.is\/dotturfelagid-jarnsteypan-i-reykjavik\/\",\"name\":\"D\u00f3tturf\u00e9lagi\u00f0 J\u00e1rnsteypan \u00ed Reykjav\u00edk - H\u00e9\u00f0inn\",\"isPartOf\":{\"@id\":\"https:\/\/hedinn.is\/#website\"},\"primaryImageOfPage\":{\"@id\":\"https:\/\/hedinn.is\/dotturfelagid-jarnsteypan-i-reykjavik\/#primaryimage\"},\"image\":{\"@id\":\"https:\/\/hedinn.is\/dotturfelagid-jarnsteypan-i-reykjavik\/#primaryimage\"},\"thumbnailUrl\":\"https:\/\/hedinn.is\/wp-content\/uploads\/2022\/09\/Ekki-eru-allar-ferdir-til-fjar.jpg\",\"datePublished\":\"2018-09-26T21:17:51+00:00\",\"dateModified\":\"2022-09-30T12:17:44+00:00\",\"description\":\"H\u00e9\u00f0inn er n\u00fat\u00edma i\u00f0nfyrirt\u00e6ki sem byggir \u00e1 langri reynslu og dj\u00fapri \u00feekkingu \u00ed m\u00e1lmi\u00f0na\u00f0i og v\u00e9lt\u00e6kni. H\u00e9\u00f0inn er eitt st\u00e6rsta og \u00f6flugasta fyrirt\u00e6ki landsins \u00e1 s\u00ednu svi\u00f0i og fagnar 100 \u00e1ra afm\u00e6li \u00e1 \u00e1rinu \u00e1ri\u00f0 202\",\"breadcrumb\":{\"@id\":\"https:\/\/hedinn.is\/dotturfelagid-jarnsteypan-i-reykjavik\/#breadcrumb\"},\"inLanguage\":\"en-US\",\"potentialAction\":[{\"@type\":\"ReadAction\",\"target\":[\"https:\/\/hedinn.is\/dotturfelagid-jarnsteypan-i-reykjavik\/\"]}]},{\"@type\":\"ImageObject\",\"inLanguage\":\"en-US\",\"@id\":\"https:\/\/hedinn.is\/dotturfelagid-jarnsteypan-i-reykjavik\/#primaryimage\",\"url\":\"https:\/\/hedinn.is\/wp-content\/uploads\/2022\/09\/Ekki-eru-allar-ferdir-til-fjar.jpg\",\"contentUrl\":\"https:\/\/hedinn.is\/wp-content\/uploads\/2022\/09\/Ekki-eru-allar-ferdir-til-fjar.jpg\",\"width\":800,\"height\":533,\"caption\":\"Ekki eru allar fer\u00f0ir til fj\u00e1r\"},{\"@type\":\"BreadcrumbList\",\"@id\":\"https:\/\/hedinn.is\/dotturfelagid-jarnsteypan-i-reykjavik\/#breadcrumb\",\"itemListElement\":[{\"@type\":\"ListItem\",\"position\":1,\"name\":\"Home\",\"item\":\"https:\/\/hedinn.is\/\"},{\"@type\":\"ListItem\",\"position\":2,\"name\":\"D\u00f3tturf\u00e9lagi\u00f0 J\u00e1rnsteypan \u00ed Reykjav\u00edk\"}]},{\"@type\":\"WebSite\",\"@id\":\"https:\/\/hedinn.is\/#website\",\"url\":\"https:\/\/hedinn.is\/\",\"name\":\"H\u00e9\u00f0inn\",\"description\":\"1922-2022\",\"publisher\":{\"@id\":\"https:\/\/hedinn.is\/#organization\"},\"potentialAction\":[{\"@type\":\"SearchAction\",\"target\":{\"@type\":\"EntryPoint\",\"urlTemplate\":\"https:\/\/hedinn.is\/?s={search_term_string}\"},\"query-input\":{\"@type\":\"PropertyValueSpecification\",\"valueRequired\":true,\"valueName\":\"search_term_string\"}}],\"inLanguage\":\"en-US\"},{\"@type\":\"Organization\",\"@id\":\"https:\/\/hedinn.is\/#organization\",\"name\":\"H\u00e9\u00f0inn\",\"url\":\"https:\/\/hedinn.is\/\",\"logo\":{\"@type\":\"ImageObject\",\"inLanguage\":\"en-US\",\"@id\":\"https:\/\/hedinn.is\/#\/schema\/logo\/image\/\",\"url\":\"https:\/\/hedinn.is\/wp-content\/uploads\/2022\/04\/HED_Top_RGB.png\",\"contentUrl\":\"https:\/\/hedinn.is\/wp-content\/uploads\/2022\/04\/HED_Top_RGB.png\",\"width\":1209,\"height\":975,\"caption\":\"H\u00e9\u00f0inn\"},\"image\":{\"@id\":\"https:\/\/hedinn.is\/#\/schema\/logo\/image\/\"},\"sameAs\":[\"https:\/\/www.facebook.com\/Hedinnhf\",\"https:\/\/www.instagram.com\/hedinn_hf\/\",\"https:\/\/www.youtube.com\/user\/Hedinnhf\",\"https:\/\/www.linkedin.com\/company\/hedinn-hf\/\"]},{\"@type\":\"Person\",\"@id\":\"https:\/\/hedinn.is\/#\/schema\/person\/f17a1ff629efefac2b1fd67316fb1067\",\"name\":\"Laila\",\"image\":{\"@type\":\"ImageObject\",\"inLanguage\":\"en-US\",\"@id\":\"https:\/\/hedinn.is\/#\/schema\/person\/image\/\",\"url\":\"https:\/\/secure.gravatar.com\/avatar\/4843722baa778d2df0b4314d616a49940843feb74bb5ba60ace871d4a7346fdd?s=96&d=mm&r=g\",\"contentUrl\":\"https:\/\/secure.gravatar.com\/avatar\/4843722baa778d2df0b4314d616a49940843feb74bb5ba60ace871d4a7346fdd?s=96&d=mm&r=g\",\"caption\":\"Laila\"},\"url\":\"https:\/\/hedinn.is\/en\/author\/laila\/\"}]}<\/script>\n<!-- \/ Yoast SEO plugin. -->","yoast_head_json":{"title":"D\u00f3tturf\u00e9lagi\u00f0 J\u00e1rnsteypan \u00ed Reykjav\u00edk - H\u00e9\u00f0inn","description":"H\u00e9\u00f0inn is a modern industrial company built on decades of experience and deep expertise in metalworking and mechanical engineering. H\u00e9\u00f0inn is one of the largest and most powerful companies in Iceland in its field and celebrated its 100th anniversary in the year 2022.","robots":{"index":"index","follow":"follow","max-snippet":"max-snippet:-1","max-image-preview":"max-image-preview:large","max-video-preview":"max-video-preview:-1"},"canonical":"https:\/\/hedinn.is\/en\/dotturfelagid-jarnsteypan-i-reykjavik\/","og_locale":"en_US","og_type":"article","og_title":"D\u00f3tturf\u00e9lagi\u00f0 J\u00e1rnsteypan \u00ed Reykjav\u00edk - H\u00e9\u00f0inn","og_description":"H\u00e9\u00f0inn er n\u00fat\u00edma i\u00f0nfyrirt\u00e6ki sem byggir \u00e1 langri reynslu og dj\u00fapri \u00feekkingu \u00ed m\u00e1lmi\u00f0na\u00f0i og v\u00e9lt\u00e6kni. H\u00e9\u00f0inn er eitt st\u00e6rsta og \u00f6flugasta fyrirt\u00e6ki landsins \u00e1 s\u00ednu svi\u00f0i og fagnar 100 \u00e1ra afm\u00e6li \u00e1 \u00e1rinu \u00e1ri\u00f0 202","og_url":"https:\/\/hedinn.is\/en\/dotturfelagid-jarnsteypan-i-reykjavik\/","og_site_name":"H\u00e9\u00f0inn","article_publisher":"https:\/\/www.facebook.com\/Hedinnhf","article_published_time":"2018-09-26T21:17:51+00:00","article_modified_time":"2022-09-30T12:17:44+00:00","og_image":[{"width":800,"height":533,"url":"https:\/\/hedinn.is\/wp-content\/uploads\/2022\/09\/Ekki-eru-allar-ferdir-til-fjar.jpg","type":"image\/jpeg"}],"author":"Laila","twitter_card":"summary_large_image","twitter_misc":{"Written by":"Laila","Est. reading time":"12 minutes"},"schema":{"@context":"https:\/\/schema.org","@graph":[{"@type":"Article","@id":"https:\/\/hedinn.is\/dotturfelagid-jarnsteypan-i-reykjavik\/#article","isPartOf":{"@id":"https:\/\/hedinn.is\/dotturfelagid-jarnsteypan-i-reykjavik\/"},"author":{"name":"Laila","@id":"https:\/\/hedinn.is\/#\/schema\/person\/f17a1ff629efefac2b1fd67316fb1067"},"headline":"D\u00f3tturf\u00e9lagi\u00f0 J\u00e1rnsteypan \u00ed Reykjav\u00edk","datePublished":"2018-09-26T21:17:51+00:00","dateModified":"2022-09-30T12:17:44+00:00","mainEntityOfPage":{"@id":"https:\/\/hedinn.is\/dotturfelagid-jarnsteypan-i-reykjavik\/"},"wordCount":4703,"publisher":{"@id":"https:\/\/hedinn.is\/#organization"},"image":{"@id":"https:\/\/hedinn.is\/dotturfelagid-jarnsteypan-i-reykjavik\/#primaryimage"},"thumbnailUrl":"https:\/\/hedinn.is\/wp-content\/uploads\/2022\/09\/Ekki-eru-allar-ferdir-til-fjar.jpg","articleSection":["H\u00e9\u00f0inn \u00ed 100 \u00e1r"],"inLanguage":"en-US"},{"@type":"WebPage","@id":"https:\/\/hedinn.is\/dotturfelagid-jarnsteypan-i-reykjavik\/","url":"https:\/\/hedinn.is\/dotturfelagid-jarnsteypan-i-reykjavik\/","name":"D\u00f3tturf\u00e9lagi\u00f0 J\u00e1rnsteypan \u00ed Reykjav\u00edk - H\u00e9\u00f0inn","isPartOf":{"@id":"https:\/\/hedinn.is\/#website"},"primaryImageOfPage":{"@id":"https:\/\/hedinn.is\/dotturfelagid-jarnsteypan-i-reykjavik\/#primaryimage"},"image":{"@id":"https:\/\/hedinn.is\/dotturfelagid-jarnsteypan-i-reykjavik\/#primaryimage"},"thumbnailUrl":"https:\/\/hedinn.is\/wp-content\/uploads\/2022\/09\/Ekki-eru-allar-ferdir-til-fjar.jpg","datePublished":"2018-09-26T21:17:51+00:00","dateModified":"2022-09-30T12:17:44+00:00","description":"H\u00e9\u00f0inn is a modern industrial company built on decades of experience and deep expertise in metalworking and mechanical engineering. H\u00e9\u00f0inn is one of the largest and most powerful companies in Iceland in its field and celebrated its 100th anniversary in the year 2022.","breadcrumb":{"@id":"https:\/\/hedinn.is\/dotturfelagid-jarnsteypan-i-reykjavik\/#breadcrumb"},"inLanguage":"en-US","potentialAction":[{"@type":"ReadAction","target":["https:\/\/hedinn.is\/dotturfelagid-jarnsteypan-i-reykjavik\/"]}]},{"@type":"ImageObject","inLanguage":"en-US","@id":"https:\/\/hedinn.is\/dotturfelagid-jarnsteypan-i-reykjavik\/#primaryimage","url":"https:\/\/hedinn.is\/wp-content\/uploads\/2022\/09\/Ekki-eru-allar-ferdir-til-fjar.jpg","contentUrl":"https:\/\/hedinn.is\/wp-content\/uploads\/2022\/09\/Ekki-eru-allar-ferdir-til-fjar.jpg","width":800,"height":533,"caption":"Ekki eru allar fer\u00f0ir til fj\u00e1r"},{"@type":"BreadcrumbList","@id":"https:\/\/hedinn.is\/dotturfelagid-jarnsteypan-i-reykjavik\/#breadcrumb","itemListElement":[{"@type":"ListItem","position":1,"name":"Home","item":"https:\/\/hedinn.is\/"},{"@type":"ListItem","position":2,"name":"D\u00f3tturf\u00e9lagi\u00f0 J\u00e1rnsteypan \u00ed Reykjav\u00edk"}]},{"@type":"WebSite","@id":"https:\/\/hedinn.is\/#website","url":"https:\/\/hedinn.is\/","name":"H\u00e9\u00f0inn","description":"1922-2022","publisher":{"@id":"https:\/\/hedinn.is\/#organization"},"potentialAction":[{"@type":"SearchAction","target":{"@type":"EntryPoint","urlTemplate":"https:\/\/hedinn.is\/?s={search_term_string}"},"query-input":{"@type":"PropertyValueSpecification","valueRequired":true,"valueName":"search_term_string"}}],"inLanguage":"en-US"},{"@type":"Organization","@id":"https:\/\/hedinn.is\/#organization","name":"H\u00e9\u00f0inn","url":"https:\/\/hedinn.is\/","logo":{"@type":"ImageObject","inLanguage":"en-US","@id":"https:\/\/hedinn.is\/#\/schema\/logo\/image\/","url":"https:\/\/hedinn.is\/wp-content\/uploads\/2022\/04\/HED_Top_RGB.png","contentUrl":"https:\/\/hedinn.is\/wp-content\/uploads\/2022\/04\/HED_Top_RGB.png","width":1209,"height":975,"caption":"H\u00e9\u00f0inn"},"image":{"@id":"https:\/\/hedinn.is\/#\/schema\/logo\/image\/"},"sameAs":["https:\/\/www.facebook.com\/Hedinnhf","https:\/\/www.instagram.com\/hedinn_hf\/","https:\/\/www.youtube.com\/user\/Hedinnhf","https:\/\/www.linkedin.com\/company\/hedinn-hf\/"]},{"@type":"Person","@id":"https:\/\/hedinn.is\/#\/schema\/person\/f17a1ff629efefac2b1fd67316fb1067","name":"Laila","image":{"@type":"ImageObject","inLanguage":"en-US","@id":"https:\/\/hedinn.is\/#\/schema\/person\/image\/","url":"https:\/\/secure.gravatar.com\/avatar\/4843722baa778d2df0b4314d616a49940843feb74bb5ba60ace871d4a7346fdd?s=96&d=mm&r=g","contentUrl":"https:\/\/secure.gravatar.com\/avatar\/4843722baa778d2df0b4314d616a49940843feb74bb5ba60ace871d4a7346fdd?s=96&d=mm&r=g","caption":"Laila"},"url":"https:\/\/hedinn.is\/en\/author\/laila\/"}]}},"jetpack_featured_media_url":"https:\/\/hedinn.is\/wp-content\/uploads\/2022\/09\/Ekki-eru-allar-ferdir-til-fjar.jpg","_links":{"self":[{"href":"https:\/\/hedinn.is\/en\/wp-json\/wp\/v2\/posts\/4771","targetHints":{"allow":["GET"]}}],"collection":[{"href":"https:\/\/hedinn.is\/en\/wp-json\/wp\/v2\/posts"}],"about":[{"href":"https:\/\/hedinn.is\/en\/wp-json\/wp\/v2\/types\/post"}],"author":[{"embeddable":true,"href":"https:\/\/hedinn.is\/en\/wp-json\/wp\/v2\/users\/2"}],"replies":[{"embeddable":true,"href":"https:\/\/hedinn.is\/en\/wp-json\/wp\/v2\/comments?post=4771"}],"version-history":[{"count":0,"href":"https:\/\/hedinn.is\/en\/wp-json\/wp\/v2\/posts\/4771\/revisions"}],"wp:featuredmedia":[{"embeddable":true,"href":"https:\/\/hedinn.is\/en\/wp-json\/wp\/v2\/media\/4644"}],"wp:attachment":[{"href":"https:\/\/hedinn.is\/en\/wp-json\/wp\/v2\/media?parent=4771"}],"wp:term":[{"taxonomy":"category","embeddable":true,"href":"https:\/\/hedinn.is\/en\/wp-json\/wp\/v2\/categories?post=4771"},{"taxonomy":"post_tag","embeddable":true,"href":"https:\/\/hedinn.is\/en\/wp-json\/wp\/v2\/tags?post=4771"}],"curies":[{"name":"wp","href":"https:\/\/api.w.org\/{rel}","templated":true}]}}